{"id":413,"date":"2019-12-02T18:34:36","date_gmt":"2019-12-02T18:34:36","guid":{"rendered":"https:\/\/blogs.uninter.edu.mx\/ehli\/?p=413"},"modified":"2020-01-28T18:20:04","modified_gmt":"2020-01-28T18:20:04","slug":"felicidades-mtra-veronica-beltran-delgado-por-un-logro-mas-en-tu-formacion-academica","status":"publish","type":"post","link":"https:\/\/blogs.uninter.edu.mx\/ehli\/index.php\/2019\/12\/02\/felicidades-mtra-veronica-beltran-delgado-por-un-logro-mas-en-tu-formacion-academica\/","title":{"rendered":"\u00a1Felicidades Mtra. Ver\u00f3nica Beltr\u00e1n Delgado por un logro m\u00e1s en tu formaci\u00f3n acad\u00e9mica!"},"content":{"rendered":"\n<div class=\"wp-block-image\"><figure class=\"aligncenter is-resized\"><img loading=\"lazy\" decoding=\"async\" src=\"https:\/\/blogs.uninter.edu.mx\/ehli\/wp-content\/uploads\/2019\/11\/IMG_20191122_170011-768x1024.jpg\" alt=\"Veronica Beltran\" class=\"wp-image-414\" width=\"399\" height=\"532\" srcset=\"https:\/\/blogs.uninter.edu.mx\/ehli\/wp-content\/uploads\/2019\/11\/IMG_20191122_170011-768x1024.jpg 768w, https:\/\/blogs.uninter.edu.mx\/ehli\/wp-content\/uploads\/2019\/11\/IMG_20191122_170011-225x300.jpg 225w\" sizes=\"auto, (max-width: 399px) 100vw, 399px\" \/><\/figure><\/div>\n\n\n\n<p>La Direcci\u00f3n de Posgrado en Humanidades, tuvo el gusto de presenciar el examen profesional de la Lic. Ver\u00f3nica Beltr\u00e1n Delgado quien logr\u00f3 titularse de la Maestr\u00eda en Traducci\u00f3n e Interpretaci\u00f3n con Componentes en Estudios Culturales. La ceremonia se llev\u00f3 a cabo el pasado 22 de noviembre del a\u00f1o en curso en la sala 4-101 con la presencia del s\u00ednodo evaluador, conformado por el Mtro. \u00c1lvaro Vergara Villanueva como presidente; el Mtro. Carlos Manuel Beltr\u00e1n Piedrola como secretario y la Mtra. Norma Lazcano G\u00f3mez como vocal.<\/p>\n\n\n\n<ul class=\"wp-block-gallery columns-2 is-cropped wp-block-gallery-1 is-layout-flex wp-block-gallery-is-layout-flex\"><li class=\"blocks-gallery-item\"><figure><img loading=\"lazy\" decoding=\"async\" width=\"1024\" height=\"768\" src=\"https:\/\/blogs.uninter.edu.mx\/ehli\/wp-content\/uploads\/2019\/11\/IMG_20191122_162435-1024x768.jpg\" alt=\"veronica beltran uninter posgrado\" data-id=\"415\" data-link=\"https:\/\/blogs.uninter.edu.mx\/ehli\/?attachment_id=415#main\" class=\"wp-image-415\" srcset=\"https:\/\/blogs.uninter.edu.mx\/ehli\/wp-content\/uploads\/2019\/11\/IMG_20191122_162435-1024x768.jpg 1024w, https:\/\/blogs.uninter.edu.mx\/ehli\/wp-content\/uploads\/2019\/11\/IMG_20191122_162435-300x225.jpg 300w, https:\/\/blogs.uninter.edu.mx\/ehli\/wp-content\/uploads\/2019\/11\/IMG_20191122_162435-768x576.jpg 768w\" sizes=\"auto, (max-width: 1024px) 100vw, 1024px\" \/><\/figure><\/li><li class=\"blocks-gallery-item\"><figure><img loading=\"lazy\" decoding=\"async\" width=\"1024\" height=\"768\" src=\"https:\/\/blogs.uninter.edu.mx\/ehli\/wp-content\/uploads\/2019\/11\/IMG_20191122_163835-1024x768.jpg\" alt=\"uninter veronica beltran\" data-id=\"419\" data-link=\"https:\/\/blogs.uninter.edu.mx\/ehli\/?attachment_id=419#main\" class=\"wp-image-419\" srcset=\"https:\/\/blogs.uninter.edu.mx\/ehli\/wp-content\/uploads\/2019\/11\/IMG_20191122_163835-1024x768.jpg 1024w, https:\/\/blogs.uninter.edu.mx\/ehli\/wp-content\/uploads\/2019\/11\/IMG_20191122_163835-300x225.jpg 300w, https:\/\/blogs.uninter.edu.mx\/ehli\/wp-content\/uploads\/2019\/11\/IMG_20191122_163835-768x576.jpg 768w\" sizes=\"auto, (max-width: 1024px) 100vw, 1024px\" \/><\/figure><\/li><\/ul>\n\n\n\n<p>El proyecto de investigaci\u00f3n titulado <em><a rel=\"noreferrer noopener\" aria-label=\"\u201cDise\u00f1o de instrumento de evaluaci\u00f3n de la competencia traductora\u201d (opens in a new tab)\" href=\"https:\/\/blogs.uninter.edu.mx\/ehli\/wp-content\/uploads\/2020\/01\/TESINA-VER%C3%93NICA-BELTR%C3%81N-DELGADO_compressed.pdf\" target=\"_blank\"><strong>\u201cDise\u00f1o de instrumento de evaluaci\u00f3n de la competencia traductora\u201d<\/strong><\/a> <\/em>recibi\u00f3 muy buenas cr\u00edticas por parte de los sinodales por ser considerado una propuesta innovadora y original. <\/p>\n\n\n\n<p>Gracias al trabajo que realiz\u00f3 Ver\u00f3nica Beltr\u00e1n Delgado, pudimos entender que las competencias traductoras son muy importantes para poder traducir correctamente sin perder el significado de lo que se quiere comunicar. <\/p>\n\n\n\n<figure class=\"wp-block-image\"><img loading=\"lazy\" decoding=\"async\" width=\"1024\" height=\"768\" src=\"https:\/\/blogs.uninter.edu.mx\/ehli\/wp-content\/uploads\/2019\/11\/IMG_20191122_165724-1024x768.jpg\" alt=\"maestria traduccion universidad internacional\" class=\"wp-image-416\" srcset=\"https:\/\/blogs.uninter.edu.mx\/ehli\/wp-content\/uploads\/2019\/11\/IMG_20191122_165724-1024x768.jpg 1024w, https:\/\/blogs.uninter.edu.mx\/ehli\/wp-content\/uploads\/2019\/11\/IMG_20191122_165724-300x225.jpg 300w, https:\/\/blogs.uninter.edu.mx\/ehli\/wp-content\/uploads\/2019\/11\/IMG_20191122_165724-768x576.jpg 768w\" sizes=\"auto, (max-width: 1024px) 100vw, 1024px\" \/><\/figure>\n\n\n\n<ul class=\"wp-block-gallery columns-2 is-cropped wp-block-gallery-2 is-layout-flex wp-block-gallery-is-layout-flex\"><li class=\"blocks-gallery-item\"><figure><img loading=\"lazy\" decoding=\"async\" width=\"768\" height=\"1024\" src=\"https:\/\/blogs.uninter.edu.mx\/ehli\/wp-content\/uploads\/2019\/11\/IMG_20191122_165433-768x1024.jpg\" alt=\"veronica beltran delgado\" data-id=\"417\" data-link=\"https:\/\/blogs.uninter.edu.mx\/ehli\/?attachment_id=417#main\" class=\"wp-image-417\" srcset=\"https:\/\/blogs.uninter.edu.mx\/ehli\/wp-content\/uploads\/2019\/11\/IMG_20191122_165433-768x1024.jpg 768w, https:\/\/blogs.uninter.edu.mx\/ehli\/wp-content\/uploads\/2019\/11\/IMG_20191122_165433-225x300.jpg 225w\" sizes=\"auto, (max-width: 768px) 100vw, 768px\" \/><\/figure><\/li><li class=\"blocks-gallery-item\"><figure><img loading=\"lazy\" decoding=\"async\" width=\"768\" height=\"1024\" src=\"https:\/\/blogs.uninter.edu.mx\/ehli\/wp-content\/uploads\/2019\/11\/IMG_20191122_165802-768x1024.jpg\" alt=\"veronica beltran\" data-id=\"418\" data-link=\"https:\/\/blogs.uninter.edu.mx\/ehli\/?attachment_id=418#main\" class=\"wp-image-418\" srcset=\"https:\/\/blogs.uninter.edu.mx\/ehli\/wp-content\/uploads\/2019\/11\/IMG_20191122_165802-768x1024.jpg 768w, https:\/\/blogs.uninter.edu.mx\/ehli\/wp-content\/uploads\/2019\/11\/IMG_20191122_165802-225x300.jpg 225w\" sizes=\"auto, (max-width: 768px) 100vw, 768px\" \/><\/figure><\/li><\/ul>\n\n\n\n<figure class=\"wp-block-image\"><img loading=\"lazy\" decoding=\"async\" width=\"1024\" height=\"768\" src=\"https:\/\/blogs.uninter.edu.mx\/ehli\/wp-content\/uploads\/2019\/11\/IMG_20191122_165830-1-1024x768.jpg\" alt=\"veronica maestria traduccion interpretacion\" class=\"wp-image-421\" srcset=\"https:\/\/blogs.uninter.edu.mx\/ehli\/wp-content\/uploads\/2019\/11\/IMG_20191122_165830-1-1024x768.jpg 1024w, https:\/\/blogs.uninter.edu.mx\/ehli\/wp-content\/uploads\/2019\/11\/IMG_20191122_165830-1-300x225.jpg 300w, https:\/\/blogs.uninter.edu.mx\/ehli\/wp-content\/uploads\/2019\/11\/IMG_20191122_165830-1-768x576.jpg 768w\" sizes=\"auto, (max-width: 1024px) 100vw, 1024px\" \/><\/figure>\n\n\n\n<p>Para finalizar, Ver\u00f3nica concluy\u00f3 con una frase: <em>&#8220;Para empezar un gran proyecto, hace falta valent\u00eda. Para terminar un gran proyecto, hace falta perseverancia.&#8221;<\/em> Sin duda, el esfuerzo y perseverancia de Ver\u00f3nica valieron la pena.<\/p>\n\n\n\n<figure class=\"wp-block-image\"><img loading=\"lazy\" decoding=\"async\" width=\"1024\" height=\"768\" src=\"https:\/\/blogs.uninter.edu.mx\/ehli\/wp-content\/uploads\/2019\/11\/IMG_20191122_165956_1-1-1024x768.jpg\" alt=\"veronica beltran norma lazcano carlos beltran alvaro vergara uninter\" class=\"wp-image-423\" srcset=\"https:\/\/blogs.uninter.edu.mx\/ehli\/wp-content\/uploads\/2019\/11\/IMG_20191122_165956_1-1-1024x768.jpg 1024w, https:\/\/blogs.uninter.edu.mx\/ehli\/wp-content\/uploads\/2019\/11\/IMG_20191122_165956_1-1-300x225.jpg 300w, https:\/\/blogs.uninter.edu.mx\/ehli\/wp-content\/uploads\/2019\/11\/IMG_20191122_165956_1-1-768x576.jpg 768w\" sizes=\"auto, (max-width: 1024px) 100vw, 1024px\" \/><\/figure>\n\n\n\n<p style=\"text-align:center\"><strong>La Direcci\u00f3n de Posgrado en Humanidades, te felicita una vez m\u00e1s y \u00a1te deseamos mucho \u00e9xito en tus proyectos!<\/strong><\/p>\n\n\n\n<p> <\/p>\n\n\n\n<p style=\"text-align:center\">Te invitamos a que visites nuestro <a href=\"https:\/\/blogs.uninter.edu.mx\/ehli\/\">blog<\/a>.<\/p>\n\n\n\n<figure class=\"wp-block-image\"><a href=\"https:\/\/https:\/\/blogs.uninter.edu.mx\/\" target=\"_blank\" rel=\"noreferrer noopener\"><img loading=\"lazy\" decoding=\"async\" width=\"1020\" height=\"154\" src=\"https:\/\/blogs.uninter.edu.mx\/ehli\/wp-content\/uploads\/2019\/11\/Logo-EHLI-para-blog.jpg\" alt=\"Logo EHLI\" class=\"wp-image-249\" srcset=\"https:\/\/blogs.uninter.edu.mx\/ehli\/wp-content\/uploads\/2019\/11\/Logo-EHLI-para-blog.jpg 1020w, https:\/\/blogs.uninter.edu.mx\/ehli\/wp-content\/uploads\/2019\/11\/Logo-EHLI-para-blog-300x45.jpg 300w, https:\/\/blogs.uninter.edu.mx\/ehli\/wp-content\/uploads\/2019\/11\/Logo-EHLI-para-blog-768x116.jpg 768w\" sizes=\"auto, (max-width: 1020px) 100vw, 1020px\" \/><\/a><\/figure>\n","protected":false},"excerpt":{"rendered":"<p>La Direcci\u00f3n de Posgrado en Humanidades, tuvo el gusto de presenciar el examen profesional de la Lic. Ver\u00f3nica Beltr\u00e1n Delgado quien logr\u00f3 titularse de la Maestr\u00eda en Traducci\u00f3n e Interpretaci\u00f3n con Componentes en Estudios Culturales. La ceremonia se llev\u00f3 a cabo el pasado 22 de noviembre del a\u00f1o en curso en la sala 4-101 con&hellip;<\/p>\n","protected":false},"author":25,"featured_media":423,"comment_status":"open","ping_status":"open","sticky":false,"template":"","format":"standard","meta":{"rop_custom_images_group":[],"rop_custom_messages_group":[],"rop_publish_now":"initial","rop_publish_now_accounts":[],"rop_publish_now_history":[],"rop_publish_now_status":"pending","footnotes":""},"categories":[14],"tags":[60,88,90,41,89,87,25,26,86],"class_list":["post-413","post","type-post","status-publish","format-standard","has-post-thumbnail","hentry","category-actividades-de-posgrados","tag-ehli","tag-matie","tag-posgrado-en-humanidades","tag-posgrados-humanidades","tag-posgrados-uninter","tag-traduccion-e-interpretacion","tag-uninter","tag-universidad-internacional","tag-veronica-beltran"],"yoast_head":"<!-- This site is optimized with the Yoast SEO plugin v27.4 - https:\/\/yoast.com\/product\/yoast-seo-wordpress\/ -->\r\n<title>\u00a1Felicidades Mtra. Ver\u00f3nica Beltr\u00e1n Delgado por un logro m\u00e1s en tu formaci\u00f3n acad\u00e9mica! - EHLI<\/title>\r\n<meta name=\"description\" content=\"Felicitamos a nuestra alumna Ver\u00f3nica Beltr\u00e1n Delgado por haber obtenido el t\u00edtulo de Maestra en Traducci\u00f3n e Interpretaci\u00f3n.\" \/>\r\n<meta name=\"robots\" content=\"index, follow, max-snippet:-1, max-image-preview:large, max-video-preview:-1\" \/>\r\n<link rel=\"canonical\" href=\"https:\/\/blogs.uninter.edu.mx\/ehli\/index.php\/2019\/12\/02\/felicidades-mtra-veronica-beltran-delgado-por-un-logro-mas-en-tu-formacion-academica\/\" \/>\r\n<meta property=\"og:locale\" content=\"es_MX\" \/>\r\n<meta property=\"og:type\" content=\"article\" \/>\r\n<meta property=\"og:title\" content=\"\u00a1Felicidades Mtra. Ver\u00f3nica Beltr\u00e1n Delgado por un logro m\u00e1s en tu formaci\u00f3n acad\u00e9mica! - EHLI\" \/>\r\n<meta property=\"og:description\" content=\"Felicitamos a nuestra alumna Ver\u00f3nica Beltr\u00e1n Delgado por haber obtenido el t\u00edtulo de Maestra en Traducci\u00f3n e Interpretaci\u00f3n.\" \/>\r\n<meta property=\"og:url\" content=\"https:\/\/blogs.uninter.edu.mx\/ehli\/index.php\/2019\/12\/02\/felicidades-mtra-veronica-beltran-delgado-por-un-logro-mas-en-tu-formacion-academica\/\" \/>\r\n<meta property=\"og:site_name\" content=\"EHLI\" \/>\r\n<meta property=\"article:published_time\" content=\"2019-12-02T18:34:36+00:00\" \/>\r\n<meta property=\"article:modified_time\" content=\"2020-01-28T18:20:04+00:00\" \/>\r\n<meta property=\"og:image\" content=\"https:\/\/blogs.uninter.edu.mx\/ehli\/wp-content\/uploads\/2019\/11\/IMG_20191122_165956_1-1-1024x768.jpg\" \/>\r\n\t<meta property=\"og:image:width\" content=\"1024\" \/>\r\n\t<meta property=\"og:image:height\" content=\"768\" \/>\r\n\t<meta property=\"og:image:type\" content=\"image\/jpeg\" \/>\r\n<meta name=\"author\" content=\"webmaster\" \/>\r\n<meta name=\"twitter:card\" content=\"summary_large_image\" \/>\r\n<meta name=\"twitter:label1\" content=\"Escrito por\" \/>\n\t<meta name=\"twitter:data1\" content=\"webmaster\" \/>\n\t<meta name=\"twitter:label2\" content=\"Tiempo de lectura\" \/>\n\t<meta name=\"twitter:data2\" content=\"1 minuto\" \/>\r\n<script type=\"application\/ld+json\" class=\"yoast-schema-graph\">{\"@context\":\"https:\\\/\\\/schema.org\",\"@graph\":[{\"@type\":\"Article\",\"@id\":\"https:\\\/\\\/blogs.uninter.edu.mx\\\/ehli\\\/index.php\\\/2019\\\/12\\\/02\\\/felicidades-mtra-veronica-beltran-delgado-por-un-logro-mas-en-tu-formacion-academica\\\/#article\",\"isPartOf\":{\"@id\":\"https:\\\/\\\/blogs.uninter.edu.mx\\\/ehli\\\/index.php\\\/2019\\\/12\\\/02\\\/felicidades-mtra-veronica-beltran-delgado-por-un-logro-mas-en-tu-formacion-academica\\\/\"},\"author\":{\"name\":\"webmaster\",\"@id\":\"https:\\\/\\\/blogs.uninter.edu.mx\\\/ehli\\\/#\\\/schema\\\/person\\\/4c55cef38e1d98f0214ab68b3506928c\"},\"headline\":\"\u00a1Felicidades Mtra. Ver\u00f3nica Beltr\u00e1n Delgado por un logro m\u00e1s en tu formaci\u00f3n acad\u00e9mica!\",\"datePublished\":\"2019-12-02T18:34:36+00:00\",\"dateModified\":\"2020-01-28T18:20:04+00:00\",\"mainEntityOfPage\":{\"@id\":\"https:\\\/\\\/blogs.uninter.edu.mx\\\/ehli\\\/index.php\\\/2019\\\/12\\\/02\\\/felicidades-mtra-veronica-beltran-delgado-por-un-logro-mas-en-tu-formacion-academica\\\/\"},\"wordCount\":245,\"commentCount\":0,\"image\":{\"@id\":\"https:\\\/\\\/blogs.uninter.edu.mx\\\/ehli\\\/index.php\\\/2019\\\/12\\\/02\\\/felicidades-mtra-veronica-beltran-delgado-por-un-logro-mas-en-tu-formacion-academica\\\/#primaryimage\"},\"thumbnailUrl\":\"https:\\\/\\\/blogs.uninter.edu.mx\\\/ehli\\\/wp-content\\\/uploads\\\/2019\\\/11\\\/IMG_20191122_165956_1-1.jpg\",\"keywords\":[\"EHLI\",\"MATIE\",\"Posgrado en Humanidades\",\"Posgrados Humanidades\",\"Posgrados Uninter\",\"Traduccion e Interpretacion\",\"UNINTER\",\"UNIVERSIDAD INTERNACIONAL\",\"Veronica Beltran\"],\"articleSection\":[\"Actividades de Posgrados\"],\"inLanguage\":\"es\",\"potentialAction\":[{\"@type\":\"CommentAction\",\"name\":\"Comment\",\"target\":[\"https:\\\/\\\/blogs.uninter.edu.mx\\\/ehli\\\/index.php\\\/2019\\\/12\\\/02\\\/felicidades-mtra-veronica-beltran-delgado-por-un-logro-mas-en-tu-formacion-academica\\\/#respond\"]}]},{\"@type\":\"WebPage\",\"@id\":\"https:\\\/\\\/blogs.uninter.edu.mx\\\/ehli\\\/index.php\\\/2019\\\/12\\\/02\\\/felicidades-mtra-veronica-beltran-delgado-por-un-logro-mas-en-tu-formacion-academica\\\/\",\"url\":\"https:\\\/\\\/blogs.uninter.edu.mx\\\/ehli\\\/index.php\\\/2019\\\/12\\\/02\\\/felicidades-mtra-veronica-beltran-delgado-por-un-logro-mas-en-tu-formacion-academica\\\/\",\"name\":\"\u00a1Felicidades Mtra. Ver\u00f3nica Beltr\u00e1n Delgado por un logro m\u00e1s en tu formaci\u00f3n acad\u00e9mica! - EHLI\",\"isPartOf\":{\"@id\":\"https:\\\/\\\/blogs.uninter.edu.mx\\\/ehli\\\/#website\"},\"primaryImageOfPage\":{\"@id\":\"https:\\\/\\\/blogs.uninter.edu.mx\\\/ehli\\\/index.php\\\/2019\\\/12\\\/02\\\/felicidades-mtra-veronica-beltran-delgado-por-un-logro-mas-en-tu-formacion-academica\\\/#primaryimage\"},\"image\":{\"@id\":\"https:\\\/\\\/blogs.uninter.edu.mx\\\/ehli\\\/index.php\\\/2019\\\/12\\\/02\\\/felicidades-mtra-veronica-beltran-delgado-por-un-logro-mas-en-tu-formacion-academica\\\/#primaryimage\"},\"thumbnailUrl\":\"https:\\\/\\\/blogs.uninter.edu.mx\\\/ehli\\\/wp-content\\\/uploads\\\/2019\\\/11\\\/IMG_20191122_165956_1-1.jpg\",\"datePublished\":\"2019-12-02T18:34:36+00:00\",\"dateModified\":\"2020-01-28T18:20:04+00:00\",\"author\":{\"@id\":\"https:\\\/\\\/blogs.uninter.edu.mx\\\/ehli\\\/#\\\/schema\\\/person\\\/4c55cef38e1d98f0214ab68b3506928c\"},\"description\":\"Felicitamos a nuestra alumna Ver\u00f3nica Beltr\u00e1n Delgado por haber obtenido el t\u00edtulo de Maestra en Traducci\u00f3n e Interpretaci\u00f3n.\",\"breadcrumb\":{\"@id\":\"https:\\\/\\\/blogs.uninter.edu.mx\\\/ehli\\\/index.php\\\/2019\\\/12\\\/02\\\/felicidades-mtra-veronica-beltran-delgado-por-un-logro-mas-en-tu-formacion-academica\\\/#breadcrumb\"},\"inLanguage\":\"es\",\"potentialAction\":[{\"@type\":\"ReadAction\",\"target\":[\"https:\\\/\\\/blogs.uninter.edu.mx\\\/ehli\\\/index.php\\\/2019\\\/12\\\/02\\\/felicidades-mtra-veronica-beltran-delgado-por-un-logro-mas-en-tu-formacion-academica\\\/\"]}]},{\"@type\":\"ImageObject\",\"inLanguage\":\"es\",\"@id\":\"https:\\\/\\\/blogs.uninter.edu.mx\\\/ehli\\\/index.php\\\/2019\\\/12\\\/02\\\/felicidades-mtra-veronica-beltran-delgado-por-un-logro-mas-en-tu-formacion-academica\\\/#primaryimage\",\"url\":\"https:\\\/\\\/blogs.uninter.edu.mx\\\/ehli\\\/wp-content\\\/uploads\\\/2019\\\/11\\\/IMG_20191122_165956_1-1.jpg\",\"contentUrl\":\"https:\\\/\\\/blogs.uninter.edu.mx\\\/ehli\\\/wp-content\\\/uploads\\\/2019\\\/11\\\/IMG_20191122_165956_1-1.jpg\",\"width\":4608,\"height\":3456,\"caption\":\"veronica beltran uninter\"},{\"@type\":\"BreadcrumbList\",\"@id\":\"https:\\\/\\\/blogs.uninter.edu.mx\\\/ehli\\\/index.php\\\/2019\\\/12\\\/02\\\/felicidades-mtra-veronica-beltran-delgado-por-un-logro-mas-en-tu-formacion-academica\\\/#breadcrumb\",\"itemListElement\":[{\"@type\":\"ListItem\",\"position\":1,\"name\":\"Inicio\",\"item\":\"https:\\\/\\\/blogs.uninter.edu.mx\\\/ehli\\\/\"},{\"@type\":\"ListItem\",\"position\":2,\"name\":\"\u00a1Felicidades Mtra. Ver\u00f3nica Beltr\u00e1n Delgado por un logro m\u00e1s en tu formaci\u00f3n acad\u00e9mica!\"}]},{\"@type\":\"WebSite\",\"@id\":\"https:\\\/\\\/blogs.uninter.edu.mx\\\/ehli\\\/#website\",\"url\":\"https:\\\/\\\/blogs.uninter.edu.mx\\\/ehli\\\/\",\"name\":\"EHLI\",\"description\":\"UNINTER\",\"potentialAction\":[{\"@type\":\"SearchAction\",\"target\":{\"@type\":\"EntryPoint\",\"urlTemplate\":\"https:\\\/\\\/blogs.uninter.edu.mx\\\/ehli\\\/?s={search_term_string}\"},\"query-input\":{\"@type\":\"PropertyValueSpecification\",\"valueRequired\":true,\"valueName\":\"search_term_string\"}}],\"inLanguage\":\"es\"},{\"@type\":\"Person\",\"@id\":\"https:\\\/\\\/blogs.uninter.edu.mx\\\/ehli\\\/#\\\/schema\\\/person\\\/4c55cef38e1d98f0214ab68b3506928c\",\"name\":\"webmaster\",\"image\":{\"@type\":\"ImageObject\",\"inLanguage\":\"es\",\"@id\":\"https:\\\/\\\/secure.gravatar.com\\\/avatar\\\/a59c276b01147463ef3aab4118e3137ebc5e1ad6700deb39ccdf8b89e517f7dc?s=96&d=mm&r=g\",\"url\":\"https:\\\/\\\/secure.gravatar.com\\\/avatar\\\/a59c276b01147463ef3aab4118e3137ebc5e1ad6700deb39ccdf8b89e517f7dc?s=96&d=mm&r=g\",\"contentUrl\":\"https:\\\/\\\/secure.gravatar.com\\\/avatar\\\/a59c276b01147463ef3aab4118e3137ebc5e1ad6700deb39ccdf8b89e517f7dc?s=96&d=mm&r=g\",\"caption\":\"webmaster\"},\"url\":\"https:\\\/\\\/blogs.uninter.edu.mx\\\/ehli\\\/index.php\\\/author\\\/webmaster\\\/\"}]}<\/script>\r\n<!-- \/ Yoast SEO plugin. -->","yoast_head_json":{"title":"\u00a1Felicidades Mtra. Ver\u00f3nica Beltr\u00e1n Delgado por un logro m\u00e1s en tu formaci\u00f3n acad\u00e9mica! - EHLI","description":"Felicitamos a nuestra alumna Ver\u00f3nica Beltr\u00e1n Delgado por haber obtenido el t\u00edtulo de Maestra en Traducci\u00f3n e Interpretaci\u00f3n.","robots":{"index":"index","follow":"follow","max-snippet":"max-snippet:-1","max-image-preview":"max-image-preview:large","max-video-preview":"max-video-preview:-1"},"canonical":"https:\/\/blogs.uninter.edu.mx\/ehli\/index.php\/2019\/12\/02\/felicidades-mtra-veronica-beltran-delgado-por-un-logro-mas-en-tu-formacion-academica\/","og_locale":"es_MX","og_type":"article","og_title":"\u00a1Felicidades Mtra. Ver\u00f3nica Beltr\u00e1n Delgado por un logro m\u00e1s en tu formaci\u00f3n acad\u00e9mica! - EHLI","og_description":"Felicitamos a nuestra alumna Ver\u00f3nica Beltr\u00e1n Delgado por haber obtenido el t\u00edtulo de Maestra en Traducci\u00f3n e Interpretaci\u00f3n.","og_url":"https:\/\/blogs.uninter.edu.mx\/ehli\/index.php\/2019\/12\/02\/felicidades-mtra-veronica-beltran-delgado-por-un-logro-mas-en-tu-formacion-academica\/","og_site_name":"EHLI","article_published_time":"2019-12-02T18:34:36+00:00","article_modified_time":"2020-01-28T18:20:04+00:00","og_image":[{"width":1024,"height":768,"url":"https:\/\/blogs.uninter.edu.mx\/ehli\/wp-content\/uploads\/2019\/11\/IMG_20191122_165956_1-1-1024x768.jpg","type":"image\/jpeg"}],"author":"webmaster","twitter_card":"summary_large_image","twitter_misc":{"Escrito por":"webmaster","Tiempo de lectura":"1 minuto"},"schema":{"@context":"https:\/\/schema.org","@graph":[{"@type":"Article","@id":"https:\/\/blogs.uninter.edu.mx\/ehli\/index.php\/2019\/12\/02\/felicidades-mtra-veronica-beltran-delgado-por-un-logro-mas-en-tu-formacion-academica\/#article","isPartOf":{"@id":"https:\/\/blogs.uninter.edu.mx\/ehli\/index.php\/2019\/12\/02\/felicidades-mtra-veronica-beltran-delgado-por-un-logro-mas-en-tu-formacion-academica\/"},"author":{"name":"webmaster","@id":"https:\/\/blogs.uninter.edu.mx\/ehli\/#\/schema\/person\/4c55cef38e1d98f0214ab68b3506928c"},"headline":"\u00a1Felicidades Mtra. Ver\u00f3nica Beltr\u00e1n Delgado por un logro m\u00e1s en tu formaci\u00f3n acad\u00e9mica!","datePublished":"2019-12-02T18:34:36+00:00","dateModified":"2020-01-28T18:20:04+00:00","mainEntityOfPage":{"@id":"https:\/\/blogs.uninter.edu.mx\/ehli\/index.php\/2019\/12\/02\/felicidades-mtra-veronica-beltran-delgado-por-un-logro-mas-en-tu-formacion-academica\/"},"wordCount":245,"commentCount":0,"image":{"@id":"https:\/\/blogs.uninter.edu.mx\/ehli\/index.php\/2019\/12\/02\/felicidades-mtra-veronica-beltran-delgado-por-un-logro-mas-en-tu-formacion-academica\/#primaryimage"},"thumbnailUrl":"https:\/\/blogs.uninter.edu.mx\/ehli\/wp-content\/uploads\/2019\/11\/IMG_20191122_165956_1-1.jpg","keywords":["EHLI","MATIE","Posgrado en Humanidades","Posgrados Humanidades","Posgrados Uninter","Traduccion e Interpretacion","UNINTER","UNIVERSIDAD INTERNACIONAL","Veronica Beltran"],"articleSection":["Actividades de Posgrados"],"inLanguage":"es","potentialAction":[{"@type":"CommentAction","name":"Comment","target":["https:\/\/blogs.uninter.edu.mx\/ehli\/index.php\/2019\/12\/02\/felicidades-mtra-veronica-beltran-delgado-por-un-logro-mas-en-tu-formacion-academica\/#respond"]}]},{"@type":"WebPage","@id":"https:\/\/blogs.uninter.edu.mx\/ehli\/index.php\/2019\/12\/02\/felicidades-mtra-veronica-beltran-delgado-por-un-logro-mas-en-tu-formacion-academica\/","url":"https:\/\/blogs.uninter.edu.mx\/ehli\/index.php\/2019\/12\/02\/felicidades-mtra-veronica-beltran-delgado-por-un-logro-mas-en-tu-formacion-academica\/","name":"\u00a1Felicidades Mtra. Ver\u00f3nica Beltr\u00e1n Delgado por un logro m\u00e1s en tu formaci\u00f3n acad\u00e9mica! - EHLI","isPartOf":{"@id":"https:\/\/blogs.uninter.edu.mx\/ehli\/#website"},"primaryImageOfPage":{"@id":"https:\/\/blogs.uninter.edu.mx\/ehli\/index.php\/2019\/12\/02\/felicidades-mtra-veronica-beltran-delgado-por-un-logro-mas-en-tu-formacion-academica\/#primaryimage"},"image":{"@id":"https:\/\/blogs.uninter.edu.mx\/ehli\/index.php\/2019\/12\/02\/felicidades-mtra-veronica-beltran-delgado-por-un-logro-mas-en-tu-formacion-academica\/#primaryimage"},"thumbnailUrl":"https:\/\/blogs.uninter.edu.mx\/ehli\/wp-content\/uploads\/2019\/11\/IMG_20191122_165956_1-1.jpg","datePublished":"2019-12-02T18:34:36+00:00","dateModified":"2020-01-28T18:20:04+00:00","author":{"@id":"https:\/\/blogs.uninter.edu.mx\/ehli\/#\/schema\/person\/4c55cef38e1d98f0214ab68b3506928c"},"description":"Felicitamos a nuestra alumna Ver\u00f3nica Beltr\u00e1n Delgado por haber obtenido el t\u00edtulo de Maestra en Traducci\u00f3n e Interpretaci\u00f3n.","breadcrumb":{"@id":"https:\/\/blogs.uninter.edu.mx\/ehli\/index.php\/2019\/12\/02\/felicidades-mtra-veronica-beltran-delgado-por-un-logro-mas-en-tu-formacion-academica\/#breadcrumb"},"inLanguage":"es","potentialAction":[{"@type":"ReadAction","target":["https:\/\/blogs.uninter.edu.mx\/ehli\/index.php\/2019\/12\/02\/felicidades-mtra-veronica-beltran-delgado-por-un-logro-mas-en-tu-formacion-academica\/"]}]},{"@type":"ImageObject","inLanguage":"es","@id":"https:\/\/blogs.uninter.edu.mx\/ehli\/index.php\/2019\/12\/02\/felicidades-mtra-veronica-beltran-delgado-por-un-logro-mas-en-tu-formacion-academica\/#primaryimage","url":"https:\/\/blogs.uninter.edu.mx\/ehli\/wp-content\/uploads\/2019\/11\/IMG_20191122_165956_1-1.jpg","contentUrl":"https:\/\/blogs.uninter.edu.mx\/ehli\/wp-content\/uploads\/2019\/11\/IMG_20191122_165956_1-1.jpg","width":4608,"height":3456,"caption":"veronica beltran uninter"},{"@type":"BreadcrumbList","@id":"https:\/\/blogs.uninter.edu.mx\/ehli\/index.php\/2019\/12\/02\/felicidades-mtra-veronica-beltran-delgado-por-un-logro-mas-en-tu-formacion-academica\/#breadcrumb","itemListElement":[{"@type":"ListItem","position":1,"name":"Inicio","item":"https:\/\/blogs.uninter.edu.mx\/ehli\/"},{"@type":"ListItem","position":2,"name":"\u00a1Felicidades Mtra. Ver\u00f3nica Beltr\u00e1n Delgado por un logro m\u00e1s en tu formaci\u00f3n acad\u00e9mica!"}]},{"@type":"WebSite","@id":"https:\/\/blogs.uninter.edu.mx\/ehli\/#website","url":"https:\/\/blogs.uninter.edu.mx\/ehli\/","name":"EHLI","description":"UNINTER","potentialAction":[{"@type":"SearchAction","target":{"@type":"EntryPoint","urlTemplate":"https:\/\/blogs.uninter.edu.mx\/ehli\/?s={search_term_string}"},"query-input":{"@type":"PropertyValueSpecification","valueRequired":true,"valueName":"search_term_string"}}],"inLanguage":"es"},{"@type":"Person","@id":"https:\/\/blogs.uninter.edu.mx\/ehli\/#\/schema\/person\/4c55cef38e1d98f0214ab68b3506928c","name":"webmaster","image":{"@type":"ImageObject","inLanguage":"es","@id":"https:\/\/secure.gravatar.com\/avatar\/a59c276b01147463ef3aab4118e3137ebc5e1ad6700deb39ccdf8b89e517f7dc?s=96&d=mm&r=g","url":"https:\/\/secure.gravatar.com\/avatar\/a59c276b01147463ef3aab4118e3137ebc5e1ad6700deb39ccdf8b89e517f7dc?s=96&d=mm&r=g","contentUrl":"https:\/\/secure.gravatar.com\/avatar\/a59c276b01147463ef3aab4118e3137ebc5e1ad6700deb39ccdf8b89e517f7dc?s=96&d=mm&r=g","caption":"webmaster"},"url":"https:\/\/blogs.uninter.edu.mx\/ehli\/index.php\/author\/webmaster\/"}]}},"jetpack_featured_media_url":"https:\/\/blogs.uninter.edu.mx\/ehli\/wp-content\/uploads\/2019\/11\/IMG_20191122_165956_1-1.jpg","_links":{"self":[{"href":"https:\/\/blogs.uninter.edu.mx\/ehli\/index.php\/wp-json\/wp\/v2\/posts\/413","targetHints":{"allow":["GET"]}}],"collection":[{"href":"https:\/\/blogs.uninter.edu.mx\/ehli\/index.php\/wp-json\/wp\/v2\/posts"}],"about":[{"href":"https:\/\/blogs.uninter.edu.mx\/ehli\/index.php\/wp-json\/wp\/v2\/types\/post"}],"author":[{"embeddable":true,"href":"https:\/\/blogs.uninter.edu.mx\/ehli\/index.php\/wp-json\/wp\/v2\/users\/25"}],"replies":[{"embeddable":true,"href":"https:\/\/blogs.uninter.edu.mx\/ehli\/index.php\/wp-json\/wp\/v2\/comments?post=413"}],"version-history":[{"count":10,"href":"https:\/\/blogs.uninter.edu.mx\/ehli\/index.php\/wp-json\/wp\/v2\/posts\/413\/revisions"}],"predecessor-version":[{"id":663,"href":"https:\/\/blogs.uninter.edu.mx\/ehli\/index.php\/wp-json\/wp\/v2\/posts\/413\/revisions\/663"}],"wp:featuredmedia":[{"embeddable":true,"href":"https:\/\/blogs.uninter.edu.mx\/ehli\/index.php\/wp-json\/wp\/v2\/media\/423"}],"wp:attachment":[{"href":"https:\/\/blogs.uninter.edu.mx\/ehli\/index.php\/wp-json\/wp\/v2\/media?parent=413"}],"wp:term":[{"taxonomy":"category","embeddable":true,"href":"https:\/\/blogs.uninter.edu.mx\/ehli\/index.php\/wp-json\/wp\/v2\/categories?post=413"},{"taxonomy":"post_tag","embeddable":true,"href":"https:\/\/blogs.uninter.edu.mx\/ehli\/index.php\/wp-json\/wp\/v2\/tags?post=413"}],"curies":[{"name":"wp","href":"https:\/\/api.w.org\/{rel}","templated":true}]}}