{"id":4254,"date":"2020-05-13T21:33:42","date_gmt":"2020-05-13T21:33:42","guid":{"rendered":"https:\/\/blogs.uninter.edu.mx\/ehli\/?p=4254"},"modified":"2020-05-13T21:33:44","modified_gmt":"2020-05-13T21:33:44","slug":"publican-cuentos-sobre-el-covid-19-en-la-union-de-morelos-alumnos-de-uninter-lco-y-corp","status":"publish","type":"post","link":"https:\/\/blogs.uninter.edu.mx\/ehli\/index.php\/2020\/05\/13\/publican-cuentos-sobre-el-covid-19-en-la-union-de-morelos-alumnos-de-uninter-lco-y-corp\/","title":{"rendered":"Publican cuentos sobre el #COVID-19 en la Uni\u00f3n de Morelos, alumnos de #Uninter #LCO y #CORP"},"content":{"rendered":"\n<p>Alumnos de las carreras de Comunicaci\u00f3n y Relaciones P\u00fablicas, dirigidos por su maestra de Periodismo, Yessica Morales, publicaron en el diario la Uni\u00f3n de Morelos  una recopilaci\u00f3n de cuentos. Los j\u00f3venes universitarios hacen un llamado a la sociedad a atender las medidas de prevenci\u00f3n de COVID-19, bajo el lema &#8220;El Coronavirus no es un Cuento&#8221;<\/p>\n\n\n\n<p>Felicitamos  a nuestros estudiantes que empiezan lo que sin duda alguna, ser\u00e1 una fruct\u00edfera carrera dentro del periodismo, y  de igual manera a su maestra, Yessica Morales Vega, qui\u00e9n frecuentemente escribe con destreza en las p\u00e1ginas del diario mencionado, e imparte sus conocimientos y habilidades a los estudiantes de la Universidad Internacional.<\/p>\n\n\n\n<p><a href=\"https:\/\/www.launion.com.mx\/morelos\/sociedad\/noticias\/160233-el-coronavirus-no-es-un-cuento.html#.XrxLhEUYcYo.whatsapp\">https:\/\/www.launion.com.mx\/morelos\/sociedad\/noticias\/160233-el-coronavirus-no-es-un-cuento.html#.XrxLhEUYcYo.whatsapp<\/a><\/p>\n\n\n\n<figure class=\"wp-block-image\"><img loading=\"lazy\" decoding=\"async\" width=\"449\" height=\"593\" src=\"https:\/\/blogs.uninter.edu.mx\/ehli\/wp-content\/uploads\/2020\/05\/el-coronavrus-no-es-un-cuento.jpg\" alt=\"\" class=\"wp-image-4255\" srcset=\"https:\/\/blogs.uninter.edu.mx\/ehli\/wp-content\/uploads\/2020\/05\/el-coronavrus-no-es-un-cuento.jpg 449w, https:\/\/blogs.uninter.edu.mx\/ehli\/wp-content\/uploads\/2020\/05\/el-coronavrus-no-es-un-cuento-227x300.jpg 227w\" sizes=\"auto, (max-width: 449px) 100vw, 449px\" \/><\/figure>\n","protected":false},"excerpt":{"rendered":"<p>Alumnos de las carreras de Comunicaci\u00f3n y Relaciones P\u00fablicas, dirigidos por su maestra de Periodismo, Yessica Morales, publicaron en el diario la Uni\u00f3n de Morelos una recopilaci\u00f3n de cuentos. Los j\u00f3venes universitarios hacen un llamado a la sociedad a atender las medidas de prevenci\u00f3n de COVID-19, bajo el lema &#8220;El Coronavirus no es un Cuento&#8221;&hellip;<\/p>\n","protected":false},"author":18,"featured_media":4256,"comment_status":"open","ping_status":"open","sticky":false,"template":"","format":"standard","meta":{"rop_custom_images_group":[],"rop_custom_messages_group":[],"rop_publish_now":"initial","rop_publish_now_accounts":[],"rop_publish_now_history":[],"rop_publish_now_status":"pending","footnotes":""},"categories":[144,3,110,4,111,108],"tags":[103,136,165,167,168,169],"class_list":["post-4254","post","type-post","status-publish","format-standard","has-post-thumbnail","hentry","category-concurso-de-cortometraje","category-lco","category-lic-en-comunicacion","category-corp","category-lic-en-comunicacion-y-relaciones-publicas","category-orgullo-dhei","tag-comunicacion","tag-periodismo","tag-ciencias-de-la-comunicacion","tag-covid","tag-covid-19","tag-cuento"],"yoast_head":"<!-- This site is optimized with the Yoast SEO plugin v27.4 - https:\/\/yoast.com\/product\/yoast-seo-wordpress\/ -->\r\n<title>Publican cuentos sobre el #COVID-19 en la Uni\u00f3n de Morelos, alumnos de #Uninter #LCO y #CORP - EHLI<\/title>\r\n<meta name=\"robots\" content=\"index, follow, max-snippet:-1, max-image-preview:large, max-video-preview:-1\" \/>\r\n<link rel=\"canonical\" href=\"https:\/\/blogs.uninter.edu.mx\/ehli\/index.php\/2020\/05\/13\/publican-cuentos-sobre-el-covid-19-en-la-union-de-morelos-alumnos-de-uninter-lco-y-corp\/\" \/>\r\n<meta property=\"og:locale\" content=\"es_MX\" \/>\r\n<meta property=\"og:type\" content=\"article\" \/>\r\n<meta property=\"og:title\" content=\"Publican cuentos sobre el #COVID-19 en la Uni\u00f3n de Morelos, alumnos de #Uninter #LCO y #CORP - EHLI\" \/>\r\n<meta property=\"og:description\" content=\"Alumnos de las carreras de Comunicaci\u00f3n y Relaciones P\u00fablicas, dirigidos por su maestra de Periodismo, Yessica Morales, publicaron en el diario la Uni\u00f3n de Morelos una recopilaci\u00f3n de cuentos. Los j\u00f3venes universitarios hacen un llamado a la sociedad a atender las medidas de prevenci\u00f3n de COVID-19, bajo el lema &#8220;El Coronavirus no es un Cuento&#8221;&hellip;\" \/>\r\n<meta property=\"og:url\" content=\"https:\/\/blogs.uninter.edu.mx\/ehli\/index.php\/2020\/05\/13\/publican-cuentos-sobre-el-covid-19-en-la-union-de-morelos-alumnos-de-uninter-lco-y-corp\/\" \/>\r\n<meta property=\"og:site_name\" content=\"EHLI\" \/>\r\n<meta property=\"article:published_time\" content=\"2020-05-13T21:33:42+00:00\" \/>\r\n<meta property=\"article:modified_time\" content=\"2020-05-13T21:33:44+00:00\" \/>\r\n<meta property=\"og:image\" content=\"https:\/\/blogs.uninter.edu.mx\/ehli\/wp-content\/uploads\/2020\/05\/covid-cuento.jpg\" \/>\r\n\t<meta property=\"og:image:width\" content=\"449\" \/>\r\n\t<meta property=\"og:image:height\" content=\"311\" \/>\r\n\t<meta property=\"og:image:type\" content=\"image\/jpeg\" \/>\r\n<meta name=\"author\" content=\"josejacm\" \/>\r\n<meta name=\"twitter:card\" content=\"summary_large_image\" \/>\r\n<meta name=\"twitter:label1\" content=\"Escrito por\" \/>\n\t<meta name=\"twitter:data1\" content=\"josejacm\" \/>\n\t<meta name=\"twitter:label2\" content=\"Tiempo de lectura\" \/>\n\t<meta name=\"twitter:data2\" content=\"1 minuto\" \/>\r\n<script type=\"application\/ld+json\" class=\"yoast-schema-graph\">{\"@context\":\"https:\\\/\\\/schema.org\",\"@graph\":[{\"@type\":\"Article\",\"@id\":\"https:\\\/\\\/blogs.uninter.edu.mx\\\/ehli\\\/index.php\\\/2020\\\/05\\\/13\\\/publican-cuentos-sobre-el-covid-19-en-la-union-de-morelos-alumnos-de-uninter-lco-y-corp\\\/#article\",\"isPartOf\":{\"@id\":\"https:\\\/\\\/blogs.uninter.edu.mx\\\/ehli\\\/index.php\\\/2020\\\/05\\\/13\\\/publican-cuentos-sobre-el-covid-19-en-la-union-de-morelos-alumnos-de-uninter-lco-y-corp\\\/\"},\"author\":{\"name\":\"josejacm\",\"@id\":\"https:\\\/\\\/blogs.uninter.edu.mx\\\/ehli\\\/#\\\/schema\\\/person\\\/916cb48b39e48993ef91b7b9815ca6f7\"},\"headline\":\"Publican cuentos sobre el #COVID-19 en la Uni\u00f3n de Morelos, alumnos de #Uninter #LCO y #CORP\",\"datePublished\":\"2020-05-13T21:33:42+00:00\",\"dateModified\":\"2020-05-13T21:33:44+00:00\",\"mainEntityOfPage\":{\"@id\":\"https:\\\/\\\/blogs.uninter.edu.mx\\\/ehli\\\/index.php\\\/2020\\\/05\\\/13\\\/publican-cuentos-sobre-el-covid-19-en-la-union-de-morelos-alumnos-de-uninter-lco-y-corp\\\/\"},\"wordCount\":145,\"commentCount\":0,\"image\":{\"@id\":\"https:\\\/\\\/blogs.uninter.edu.mx\\\/ehli\\\/index.php\\\/2020\\\/05\\\/13\\\/publican-cuentos-sobre-el-covid-19-en-la-union-de-morelos-alumnos-de-uninter-lco-y-corp\\\/#primaryimage\"},\"thumbnailUrl\":\"https:\\\/\\\/blogs.uninter.edu.mx\\\/ehli\\\/wp-content\\\/uploads\\\/2020\\\/05\\\/covid-cuento.jpg\",\"keywords\":[\"#comunicacion\",\"#periodismo\",\"ciencias de la comunicaci\u00f3n\",\"covid\",\"covid-19\",\"cuento\"],\"articleSection\":[\"Concurso de Cortometraje\",\"Lic. en Comunicaci\u00f3n\",\"Lic. en Comunicaci\u00f3n\",\"Lic. en Comunicaci\u00f3n y Relaciones P\u00fablicas\",\"Lic. en Comunicaci\u00f3n y Relaciones P\u00fablicas\",\"Orgullo EHLI\"],\"inLanguage\":\"es\",\"potentialAction\":[{\"@type\":\"CommentAction\",\"name\":\"Comment\",\"target\":[\"https:\\\/\\\/blogs.uninter.edu.mx\\\/ehli\\\/index.php\\\/2020\\\/05\\\/13\\\/publican-cuentos-sobre-el-covid-19-en-la-union-de-morelos-alumnos-de-uninter-lco-y-corp\\\/#respond\"]}]},{\"@type\":\"WebPage\",\"@id\":\"https:\\\/\\\/blogs.uninter.edu.mx\\\/ehli\\\/index.php\\\/2020\\\/05\\\/13\\\/publican-cuentos-sobre-el-covid-19-en-la-union-de-morelos-alumnos-de-uninter-lco-y-corp\\\/\",\"url\":\"https:\\\/\\\/blogs.uninter.edu.mx\\\/ehli\\\/index.php\\\/2020\\\/05\\\/13\\\/publican-cuentos-sobre-el-covid-19-en-la-union-de-morelos-alumnos-de-uninter-lco-y-corp\\\/\",\"name\":\"Publican cuentos sobre el #COVID-19 en la Uni\u00f3n de Morelos, alumnos de #Uninter #LCO y #CORP - EHLI\",\"isPartOf\":{\"@id\":\"https:\\\/\\\/blogs.uninter.edu.mx\\\/ehli\\\/#website\"},\"primaryImageOfPage\":{\"@id\":\"https:\\\/\\\/blogs.uninter.edu.mx\\\/ehli\\\/index.php\\\/2020\\\/05\\\/13\\\/publican-cuentos-sobre-el-covid-19-en-la-union-de-morelos-alumnos-de-uninter-lco-y-corp\\\/#primaryimage\"},\"image\":{\"@id\":\"https:\\\/\\\/blogs.uninter.edu.mx\\\/ehli\\\/index.php\\\/2020\\\/05\\\/13\\\/publican-cuentos-sobre-el-covid-19-en-la-union-de-morelos-alumnos-de-uninter-lco-y-corp\\\/#primaryimage\"},\"thumbnailUrl\":\"https:\\\/\\\/blogs.uninter.edu.mx\\\/ehli\\\/wp-content\\\/uploads\\\/2020\\\/05\\\/covid-cuento.jpg\",\"datePublished\":\"2020-05-13T21:33:42+00:00\",\"dateModified\":\"2020-05-13T21:33:44+00:00\",\"author\":{\"@id\":\"https:\\\/\\\/blogs.uninter.edu.mx\\\/ehli\\\/#\\\/schema\\\/person\\\/916cb48b39e48993ef91b7b9815ca6f7\"},\"breadcrumb\":{\"@id\":\"https:\\\/\\\/blogs.uninter.edu.mx\\\/ehli\\\/index.php\\\/2020\\\/05\\\/13\\\/publican-cuentos-sobre-el-covid-19-en-la-union-de-morelos-alumnos-de-uninter-lco-y-corp\\\/#breadcrumb\"},\"inLanguage\":\"es\",\"potentialAction\":[{\"@type\":\"ReadAction\",\"target\":[\"https:\\\/\\\/blogs.uninter.edu.mx\\\/ehli\\\/index.php\\\/2020\\\/05\\\/13\\\/publican-cuentos-sobre-el-covid-19-en-la-union-de-morelos-alumnos-de-uninter-lco-y-corp\\\/\"]}]},{\"@type\":\"ImageObject\",\"inLanguage\":\"es\",\"@id\":\"https:\\\/\\\/blogs.uninter.edu.mx\\\/ehli\\\/index.php\\\/2020\\\/05\\\/13\\\/publican-cuentos-sobre-el-covid-19-en-la-union-de-morelos-alumnos-de-uninter-lco-y-corp\\\/#primaryimage\",\"url\":\"https:\\\/\\\/blogs.uninter.edu.mx\\\/ehli\\\/wp-content\\\/uploads\\\/2020\\\/05\\\/covid-cuento.jpg\",\"contentUrl\":\"https:\\\/\\\/blogs.uninter.edu.mx\\\/ehli\\\/wp-content\\\/uploads\\\/2020\\\/05\\\/covid-cuento.jpg\",\"width\":449,\"height\":311},{\"@type\":\"BreadcrumbList\",\"@id\":\"https:\\\/\\\/blogs.uninter.edu.mx\\\/ehli\\\/index.php\\\/2020\\\/05\\\/13\\\/publican-cuentos-sobre-el-covid-19-en-la-union-de-morelos-alumnos-de-uninter-lco-y-corp\\\/#breadcrumb\",\"itemListElement\":[{\"@type\":\"ListItem\",\"position\":1,\"name\":\"Inicio\",\"item\":\"https:\\\/\\\/blogs.uninter.edu.mx\\\/ehli\\\/\"},{\"@type\":\"ListItem\",\"position\":2,\"name\":\"Publican cuentos sobre el #COVID-19 en la Uni\u00f3n de Morelos, alumnos de #Uninter #LCO y #CORP\"}]},{\"@type\":\"WebSite\",\"@id\":\"https:\\\/\\\/blogs.uninter.edu.mx\\\/ehli\\\/#website\",\"url\":\"https:\\\/\\\/blogs.uninter.edu.mx\\\/ehli\\\/\",\"name\":\"EHLI\",\"description\":\"UNINTER\",\"potentialAction\":[{\"@type\":\"SearchAction\",\"target\":{\"@type\":\"EntryPoint\",\"urlTemplate\":\"https:\\\/\\\/blogs.uninter.edu.mx\\\/ehli\\\/?s={search_term_string}\"},\"query-input\":{\"@type\":\"PropertyValueSpecification\",\"valueRequired\":true,\"valueName\":\"search_term_string\"}}],\"inLanguage\":\"es\"},{\"@type\":\"Person\",\"@id\":\"https:\\\/\\\/blogs.uninter.edu.mx\\\/ehli\\\/#\\\/schema\\\/person\\\/916cb48b39e48993ef91b7b9815ca6f7\",\"name\":\"josejacm\",\"image\":{\"@type\":\"ImageObject\",\"inLanguage\":\"es\",\"@id\":\"https:\\\/\\\/secure.gravatar.com\\\/avatar\\\/da6d1205e6a03003ef324b6a3cc0a64f11b6f448a6cb03bf92a7f88b11933aaa?s=96&d=mm&r=g\",\"url\":\"https:\\\/\\\/secure.gravatar.com\\\/avatar\\\/da6d1205e6a03003ef324b6a3cc0a64f11b6f448a6cb03bf92a7f88b11933aaa?s=96&d=mm&r=g\",\"contentUrl\":\"https:\\\/\\\/secure.gravatar.com\\\/avatar\\\/da6d1205e6a03003ef324b6a3cc0a64f11b6f448a6cb03bf92a7f88b11933aaa?s=96&d=mm&r=g\",\"caption\":\"josejacm\"},\"url\":\"https:\\\/\\\/blogs.uninter.edu.mx\\\/ehli\\\/index.php\\\/author\\\/josejacm\\\/\"}]}<\/script>\r\n<!-- \/ Yoast SEO plugin. -->","yoast_head_json":{"title":"Publican cuentos sobre el #COVID-19 en la Uni\u00f3n de Morelos, alumnos de #Uninter #LCO y #CORP - EHLI","robots":{"index":"index","follow":"follow","max-snippet":"max-snippet:-1","max-image-preview":"max-image-preview:large","max-video-preview":"max-video-preview:-1"},"canonical":"https:\/\/blogs.uninter.edu.mx\/ehli\/index.php\/2020\/05\/13\/publican-cuentos-sobre-el-covid-19-en-la-union-de-morelos-alumnos-de-uninter-lco-y-corp\/","og_locale":"es_MX","og_type":"article","og_title":"Publican cuentos sobre el #COVID-19 en la Uni\u00f3n de Morelos, alumnos de #Uninter #LCO y #CORP - EHLI","og_description":"Alumnos de las carreras de Comunicaci\u00f3n y Relaciones P\u00fablicas, dirigidos por su maestra de Periodismo, Yessica Morales, publicaron en el diario la Uni\u00f3n de Morelos una recopilaci\u00f3n de cuentos. Los j\u00f3venes universitarios hacen un llamado a la sociedad a atender las medidas de prevenci\u00f3n de COVID-19, bajo el lema &#8220;El Coronavirus no es un Cuento&#8221;&hellip;","og_url":"https:\/\/blogs.uninter.edu.mx\/ehli\/index.php\/2020\/05\/13\/publican-cuentos-sobre-el-covid-19-en-la-union-de-morelos-alumnos-de-uninter-lco-y-corp\/","og_site_name":"EHLI","article_published_time":"2020-05-13T21:33:42+00:00","article_modified_time":"2020-05-13T21:33:44+00:00","og_image":[{"width":449,"height":311,"url":"https:\/\/blogs.uninter.edu.mx\/ehli\/wp-content\/uploads\/2020\/05\/covid-cuento.jpg","type":"image\/jpeg"}],"author":"josejacm","twitter_card":"summary_large_image","twitter_misc":{"Escrito por":"josejacm","Tiempo de lectura":"1 minuto"},"schema":{"@context":"https:\/\/schema.org","@graph":[{"@type":"Article","@id":"https:\/\/blogs.uninter.edu.mx\/ehli\/index.php\/2020\/05\/13\/publican-cuentos-sobre-el-covid-19-en-la-union-de-morelos-alumnos-de-uninter-lco-y-corp\/#article","isPartOf":{"@id":"https:\/\/blogs.uninter.edu.mx\/ehli\/index.php\/2020\/05\/13\/publican-cuentos-sobre-el-covid-19-en-la-union-de-morelos-alumnos-de-uninter-lco-y-corp\/"},"author":{"name":"josejacm","@id":"https:\/\/blogs.uninter.edu.mx\/ehli\/#\/schema\/person\/916cb48b39e48993ef91b7b9815ca6f7"},"headline":"Publican cuentos sobre el #COVID-19 en la Uni\u00f3n de Morelos, alumnos de #Uninter #LCO y #CORP","datePublished":"2020-05-13T21:33:42+00:00","dateModified":"2020-05-13T21:33:44+00:00","mainEntityOfPage":{"@id":"https:\/\/blogs.uninter.edu.mx\/ehli\/index.php\/2020\/05\/13\/publican-cuentos-sobre-el-covid-19-en-la-union-de-morelos-alumnos-de-uninter-lco-y-corp\/"},"wordCount":145,"commentCount":0,"image":{"@id":"https:\/\/blogs.uninter.edu.mx\/ehli\/index.php\/2020\/05\/13\/publican-cuentos-sobre-el-covid-19-en-la-union-de-morelos-alumnos-de-uninter-lco-y-corp\/#primaryimage"},"thumbnailUrl":"https:\/\/blogs.uninter.edu.mx\/ehli\/wp-content\/uploads\/2020\/05\/covid-cuento.jpg","keywords":["#comunicacion","#periodismo","ciencias de la comunicaci\u00f3n","covid","covid-19","cuento"],"articleSection":["Concurso de Cortometraje","Lic. en Comunicaci\u00f3n","Lic. en Comunicaci\u00f3n","Lic. en Comunicaci\u00f3n y Relaciones P\u00fablicas","Lic. en Comunicaci\u00f3n y Relaciones P\u00fablicas","Orgullo EHLI"],"inLanguage":"es","potentialAction":[{"@type":"CommentAction","name":"Comment","target":["https:\/\/blogs.uninter.edu.mx\/ehli\/index.php\/2020\/05\/13\/publican-cuentos-sobre-el-covid-19-en-la-union-de-morelos-alumnos-de-uninter-lco-y-corp\/#respond"]}]},{"@type":"WebPage","@id":"https:\/\/blogs.uninter.edu.mx\/ehli\/index.php\/2020\/05\/13\/publican-cuentos-sobre-el-covid-19-en-la-union-de-morelos-alumnos-de-uninter-lco-y-corp\/","url":"https:\/\/blogs.uninter.edu.mx\/ehli\/index.php\/2020\/05\/13\/publican-cuentos-sobre-el-covid-19-en-la-union-de-morelos-alumnos-de-uninter-lco-y-corp\/","name":"Publican cuentos sobre el #COVID-19 en la Uni\u00f3n de Morelos, alumnos de #Uninter #LCO y #CORP - EHLI","isPartOf":{"@id":"https:\/\/blogs.uninter.edu.mx\/ehli\/#website"},"primaryImageOfPage":{"@id":"https:\/\/blogs.uninter.edu.mx\/ehli\/index.php\/2020\/05\/13\/publican-cuentos-sobre-el-covid-19-en-la-union-de-morelos-alumnos-de-uninter-lco-y-corp\/#primaryimage"},"image":{"@id":"https:\/\/blogs.uninter.edu.mx\/ehli\/index.php\/2020\/05\/13\/publican-cuentos-sobre-el-covid-19-en-la-union-de-morelos-alumnos-de-uninter-lco-y-corp\/#primaryimage"},"thumbnailUrl":"https:\/\/blogs.uninter.edu.mx\/ehli\/wp-content\/uploads\/2020\/05\/covid-cuento.jpg","datePublished":"2020-05-13T21:33:42+00:00","dateModified":"2020-05-13T21:33:44+00:00","author":{"@id":"https:\/\/blogs.uninter.edu.mx\/ehli\/#\/schema\/person\/916cb48b39e48993ef91b7b9815ca6f7"},"breadcrumb":{"@id":"https:\/\/blogs.uninter.edu.mx\/ehli\/index.php\/2020\/05\/13\/publican-cuentos-sobre-el-covid-19-en-la-union-de-morelos-alumnos-de-uninter-lco-y-corp\/#breadcrumb"},"inLanguage":"es","potentialAction":[{"@type":"ReadAction","target":["https:\/\/blogs.uninter.edu.mx\/ehli\/index.php\/2020\/05\/13\/publican-cuentos-sobre-el-covid-19-en-la-union-de-morelos-alumnos-de-uninter-lco-y-corp\/"]}]},{"@type":"ImageObject","inLanguage":"es","@id":"https:\/\/blogs.uninter.edu.mx\/ehli\/index.php\/2020\/05\/13\/publican-cuentos-sobre-el-covid-19-en-la-union-de-morelos-alumnos-de-uninter-lco-y-corp\/#primaryimage","url":"https:\/\/blogs.uninter.edu.mx\/ehli\/wp-content\/uploads\/2020\/05\/covid-cuento.jpg","contentUrl":"https:\/\/blogs.uninter.edu.mx\/ehli\/wp-content\/uploads\/2020\/05\/covid-cuento.jpg","width":449,"height":311},{"@type":"BreadcrumbList","@id":"https:\/\/blogs.uninter.edu.mx\/ehli\/index.php\/2020\/05\/13\/publican-cuentos-sobre-el-covid-19-en-la-union-de-morelos-alumnos-de-uninter-lco-y-corp\/#breadcrumb","itemListElement":[{"@type":"ListItem","position":1,"name":"Inicio","item":"https:\/\/blogs.uninter.edu.mx\/ehli\/"},{"@type":"ListItem","position":2,"name":"Publican cuentos sobre el #COVID-19 en la Uni\u00f3n de Morelos, alumnos de #Uninter #LCO y #CORP"}]},{"@type":"WebSite","@id":"https:\/\/blogs.uninter.edu.mx\/ehli\/#website","url":"https:\/\/blogs.uninter.edu.mx\/ehli\/","name":"EHLI","description":"UNINTER","potentialAction":[{"@type":"SearchAction","target":{"@type":"EntryPoint","urlTemplate":"https:\/\/blogs.uninter.edu.mx\/ehli\/?s={search_term_string}"},"query-input":{"@type":"PropertyValueSpecification","valueRequired":true,"valueName":"search_term_string"}}],"inLanguage":"es"},{"@type":"Person","@id":"https:\/\/blogs.uninter.edu.mx\/ehli\/#\/schema\/person\/916cb48b39e48993ef91b7b9815ca6f7","name":"josejacm","image":{"@type":"ImageObject","inLanguage":"es","@id":"https:\/\/secure.gravatar.com\/avatar\/da6d1205e6a03003ef324b6a3cc0a64f11b6f448a6cb03bf92a7f88b11933aaa?s=96&d=mm&r=g","url":"https:\/\/secure.gravatar.com\/avatar\/da6d1205e6a03003ef324b6a3cc0a64f11b6f448a6cb03bf92a7f88b11933aaa?s=96&d=mm&r=g","contentUrl":"https:\/\/secure.gravatar.com\/avatar\/da6d1205e6a03003ef324b6a3cc0a64f11b6f448a6cb03bf92a7f88b11933aaa?s=96&d=mm&r=g","caption":"josejacm"},"url":"https:\/\/blogs.uninter.edu.mx\/ehli\/index.php\/author\/josejacm\/"}]}},"jetpack_featured_media_url":"https:\/\/blogs.uninter.edu.mx\/ehli\/wp-content\/uploads\/2020\/05\/covid-cuento.jpg","_links":{"self":[{"href":"https:\/\/blogs.uninter.edu.mx\/ehli\/index.php\/wp-json\/wp\/v2\/posts\/4254","targetHints":{"allow":["GET"]}}],"collection":[{"href":"https:\/\/blogs.uninter.edu.mx\/ehli\/index.php\/wp-json\/wp\/v2\/posts"}],"about":[{"href":"https:\/\/blogs.uninter.edu.mx\/ehli\/index.php\/wp-json\/wp\/v2\/types\/post"}],"author":[{"embeddable":true,"href":"https:\/\/blogs.uninter.edu.mx\/ehli\/index.php\/wp-json\/wp\/v2\/users\/18"}],"replies":[{"embeddable":true,"href":"https:\/\/blogs.uninter.edu.mx\/ehli\/index.php\/wp-json\/wp\/v2\/comments?post=4254"}],"version-history":[{"count":2,"href":"https:\/\/blogs.uninter.edu.mx\/ehli\/index.php\/wp-json\/wp\/v2\/posts\/4254\/revisions"}],"predecessor-version":[{"id":4258,"href":"https:\/\/blogs.uninter.edu.mx\/ehli\/index.php\/wp-json\/wp\/v2\/posts\/4254\/revisions\/4258"}],"wp:featuredmedia":[{"embeddable":true,"href":"https:\/\/blogs.uninter.edu.mx\/ehli\/index.php\/wp-json\/wp\/v2\/media\/4256"}],"wp:attachment":[{"href":"https:\/\/blogs.uninter.edu.mx\/ehli\/index.php\/wp-json\/wp\/v2\/media?parent=4254"}],"wp:term":[{"taxonomy":"category","embeddable":true,"href":"https:\/\/blogs.uninter.edu.mx\/ehli\/index.php\/wp-json\/wp\/v2\/categories?post=4254"},{"taxonomy":"post_tag","embeddable":true,"href":"https:\/\/blogs.uninter.edu.mx\/ehli\/index.php\/wp-json\/wp\/v2\/tags?post=4254"}],"curies":[{"name":"wp","href":"https:\/\/api.w.org\/{rel}","templated":true}]}}