{"id":496,"date":"2019-12-16T16:28:51","date_gmt":"2019-12-16T16:28:51","guid":{"rendered":"https:\/\/blogs.uninter.edu.mx\/ehli\/?p=496"},"modified":"2020-01-28T18:13:26","modified_gmt":"2020-01-28T18:13:26","slug":"examen-profesional-de-la-maestra-jacqueline-contreras-almazan","status":"publish","type":"post","link":"https:\/\/blogs.uninter.edu.mx\/ehli\/index.php\/2019\/12\/16\/examen-profesional-de-la-maestra-jacqueline-contreras-almazan\/","title":{"rendered":"Examen Profesional de la Maestra Jacqueline Contreras Almaz\u00e1n"},"content":{"rendered":"\n<p>El lunes 9 de diciembre de 2019 se llev\u00f3 a cabo el examen protocolario de la <strong>Lic. Jacqueline Contreras Almaz\u00e1n<\/strong> para obtener el grado de <strong>Maestra en Ense\u00f1anza del Espa\u00f1ol como Lengua Extranjera<\/strong>. Dio inicio en punto de las 16:00 hrs. en la sala 4-101 ante la presencia del s\u00ednodo compuesto por el Mtro. \u00c1lvaro Vergara Villanueva como Presidente; Mtro. Ra\u00fal Bruno Uribe \u00c1lvarez como Secretario as\u00ed como el Mtro. Carlos Beltr\u00e1n Piedrola como Vocal.<\/p>\n\n\n\n<figure class=\"wp-block-image\"><img loading=\"lazy\" decoding=\"async\" width=\"589\" height=\"442\" src=\"https:\/\/blogs.uninter.edu.mx\/ehli\/wp-content\/uploads\/2019\/12\/image-4.png\" alt=\"posgrados uninter\" class=\"wp-image-497\" srcset=\"https:\/\/blogs.uninter.edu.mx\/ehli\/wp-content\/uploads\/2019\/12\/image-4.png 589w, https:\/\/blogs.uninter.edu.mx\/ehli\/wp-content\/uploads\/2019\/12\/image-4-300x225.png 300w\" sizes=\"auto, (max-width: 589px) 100vw, 589px\" \/><\/figure>\n\n\n\n<p>El trabajo de investigaci\u00f3n lleva por t\u00edtulo <em><strong><a href=\"https:\/\/blogs.uninter.edu.mx\/ehli\/wp-content\/uploads\/2020\/01\/TESINA-JACQUELINE-CONTRERAS-ALMAZAN_compressed.pdf\" target=\"_blank\" rel=\"noreferrer noopener\" aria-label=\"\u201cConsideraciones para el profesor en la ense\u00f1anza de campos sem\u00e1nticos para el desarrollo de la competencia auditiva y oral enfocados en los niveles A1 y A2 del Marco de Referencia Com\u00fan Europeo\u201d. (opens in a new tab)\">\u201cConsideraciones para el profesor en la ense\u00f1anza de campos sem\u00e1nticos para el desarrollo de la competencia auditiva y oral enfocados en los niveles A1 y A2 del Marco de Referencia Com\u00fan Europeo\u201d.<\/a><\/strong><\/em><\/p>\n\n\n\n<p>La Licenciada Jacqueline Contreras tiene una amplia experiencia en la ense\u00f1anza de lengua extranjera, la cual le permiti\u00f3 detectar puntos d\u00e9biles mismos que la motivaron a implementar herramientas para mejorar las competencias did\u00e1cticas de los docentes. <\/p>\n\n\n\n<p>Parti\u00f3 de la identificaci\u00f3n del problema: <em><strong>los alumnos en niveles altos no demuestran dominio del lenguaje<\/strong>, <\/em>que de acuerdo a la ponente, se debe principalmente a la falta de l\u00e9xico. A partir de esta primicia, ella busc\u00f3 lineamientos que apoyaran a los profesores a mejorar el proceso ense\u00f1anza-aprendizaje del idioma.<\/p>\n\n\n\n<ul class=\"wp-block-gallery aligncenter columns-2 is-cropped wp-block-gallery-1 is-layout-flex wp-block-gallery-is-layout-flex\"><li class=\"blocks-gallery-item\"><figure><img loading=\"lazy\" decoding=\"async\" width=\"1024\" height=\"768\" src=\"https:\/\/blogs.uninter.edu.mx\/ehli\/wp-content\/uploads\/2019\/12\/IMG_20191209_161638-1024x768.jpg\" alt=\"jacqueline uninter\" data-id=\"499\" data-link=\"https:\/\/blogs.uninter.edu.mx\/ehli\/?attachment_id=499#main\" class=\"wp-image-499\" srcset=\"https:\/\/blogs.uninter.edu.mx\/ehli\/wp-content\/uploads\/2019\/12\/IMG_20191209_161638-1024x768.jpg 1024w, https:\/\/blogs.uninter.edu.mx\/ehli\/wp-content\/uploads\/2019\/12\/IMG_20191209_161638-300x225.jpg 300w, https:\/\/blogs.uninter.edu.mx\/ehli\/wp-content\/uploads\/2019\/12\/IMG_20191209_161638-768x576.jpg 768w\" sizes=\"auto, (max-width: 1024px) 100vw, 1024px\" \/><\/figure><\/li><li class=\"blocks-gallery-item\"><figure><img loading=\"lazy\" decoding=\"async\" width=\"1024\" height=\"768\" src=\"https:\/\/blogs.uninter.edu.mx\/ehli\/wp-content\/uploads\/2019\/12\/IMG_20191209_161211-1-1024x768.jpg\" alt=\"examen jacqueline contreras\" data-id=\"509\" data-link=\"https:\/\/blogs.uninter.edu.mx\/ehli\/?attachment_id=509#main\" class=\"wp-image-509\" srcset=\"https:\/\/blogs.uninter.edu.mx\/ehli\/wp-content\/uploads\/2019\/12\/IMG_20191209_161211-1-1024x768.jpg 1024w, https:\/\/blogs.uninter.edu.mx\/ehli\/wp-content\/uploads\/2019\/12\/IMG_20191209_161211-1-300x225.jpg 300w, https:\/\/blogs.uninter.edu.mx\/ehli\/wp-content\/uploads\/2019\/12\/IMG_20191209_161211-1-768x576.jpg 768w\" sizes=\"auto, (max-width: 1024px) 100vw, 1024px\" \/><\/figure><\/li><\/ul>\n\n\n\n<p>En su examen protocolario, ella menciona que para evitar que las clases sean mon\u00f3tonas, el profesor debe ser creativo y motivar al alumno en su aprendizaje. Sin embargo, desde el punto de vista del Mtro. Bruno Uribe, el profesor no es el responsable de la motivaci\u00f3n del alumno, sino al contrario, el alumno debe tener la madurez suficiente para aprender y no requerir necesariamente la motivaci\u00f3n de un maestro. <\/p>\n\n\n\n<p>Asimismo, el Maestro habl\u00f3 sobre la importancia de buscar estrategias de comunicaci\u00f3n para que los alumnos se expresen durante las clases. Puso como ejemplo las <strong><a href=\"https:\/\/www.ted.com\/about\/programs-initiatives\/ted-en-espanol\" target=\"_blank\" rel=\"noreferrer noopener\" aria-label=\"conferencias TED (opens in a new tab)\">conferencias TED<\/a><\/strong> cuyo creador menciona que la persona no habla a partir de su pensamiento, m\u00e1s bien piensa cuando habla. Tambi\u00e9n destac\u00f3 que hoy en d\u00eda, muchos de los alumnos que exponen carecen de l\u00e9xico pues est\u00e1n limitados en su lenguaje. De esta manera, Jacqueline resalta su propuesta de una correcta ense\u00f1anza del l\u00e9xico. <\/p>\n\n\n\n<figure class=\"wp-block-image\"><img loading=\"lazy\" decoding=\"async\" width=\"1024\" height=\"768\" src=\"https:\/\/blogs.uninter.edu.mx\/ehli\/wp-content\/uploads\/2019\/12\/IMG_20191209_163146-1024x768.jpg\" alt=\"Jacqueline contreras uninter\" class=\"wp-image-501\" srcset=\"https:\/\/blogs.uninter.edu.mx\/ehli\/wp-content\/uploads\/2019\/12\/IMG_20191209_163146-1024x768.jpg 1024w, https:\/\/blogs.uninter.edu.mx\/ehli\/wp-content\/uploads\/2019\/12\/IMG_20191209_163146-300x225.jpg 300w, https:\/\/blogs.uninter.edu.mx\/ehli\/wp-content\/uploads\/2019\/12\/IMG_20191209_163146-768x576.jpg 768w\" sizes=\"auto, (max-width: 1024px) 100vw, 1024px\" \/><\/figure>\n\n\n\n<ul class=\"wp-block-gallery aligncenter columns-2 is-cropped wp-block-gallery-2 is-layout-flex wp-block-gallery-is-layout-flex\"><li class=\"blocks-gallery-item\"><figure><img loading=\"lazy\" decoding=\"async\" width=\"768\" height=\"1024\" src=\"https:\/\/blogs.uninter.edu.mx\/ehli\/wp-content\/uploads\/2019\/12\/IMG_20191209_163250-768x1024.jpg\" alt=\"maestria ense\u00f1anza del espa\u00f1ol uninter\" data-id=\"502\" data-link=\"https:\/\/blogs.uninter.edu.mx\/ehli\/?attachment_id=502#main\" class=\"wp-image-502\" srcset=\"https:\/\/blogs.uninter.edu.mx\/ehli\/wp-content\/uploads\/2019\/12\/IMG_20191209_163250-768x1024.jpg 768w, https:\/\/blogs.uninter.edu.mx\/ehli\/wp-content\/uploads\/2019\/12\/IMG_20191209_163250-225x300.jpg 225w\" sizes=\"auto, (max-width: 768px) 100vw, 768px\" \/><\/figure><\/li><li class=\"blocks-gallery-item\"><figure><img loading=\"lazy\" decoding=\"async\" width=\"768\" height=\"1024\" src=\"https:\/\/blogs.uninter.edu.mx\/ehli\/wp-content\/uploads\/2019\/12\/IMG_20191209_165710-768x1024.jpg\" alt=\"examen profesional uninter\" data-id=\"503\" data-link=\"https:\/\/blogs.uninter.edu.mx\/ehli\/?attachment_id=503#main\" class=\"wp-image-503\" srcset=\"https:\/\/blogs.uninter.edu.mx\/ehli\/wp-content\/uploads\/2019\/12\/IMG_20191209_165710-768x1024.jpg 768w, https:\/\/blogs.uninter.edu.mx\/ehli\/wp-content\/uploads\/2019\/12\/IMG_20191209_165710-225x300.jpg 225w\" sizes=\"auto, (max-width: 768px) 100vw, 768px\" \/><\/figure><\/li><\/ul>\n\n\n\n<ul class=\"wp-block-gallery aligncenter columns-2 is-cropped wp-block-gallery-3 is-layout-flex wp-block-gallery-is-layout-flex\"><li class=\"blocks-gallery-item\"><figure><img loading=\"lazy\" decoding=\"async\" width=\"768\" height=\"1024\" src=\"https:\/\/blogs.uninter.edu.mx\/ehli\/wp-content\/uploads\/2019\/12\/IMG_20191209_165739-1-768x1024.jpg\" alt=\"alvaro vergara carlos beltran bruno uribe uninter\" data-id=\"506\" data-link=\"https:\/\/blogs.uninter.edu.mx\/ehli\/?attachment_id=506#main\" class=\"wp-image-506\" srcset=\"https:\/\/blogs.uninter.edu.mx\/ehli\/wp-content\/uploads\/2019\/12\/IMG_20191209_165739-1-768x1024.jpg 768w, https:\/\/blogs.uninter.edu.mx\/ehli\/wp-content\/uploads\/2019\/12\/IMG_20191209_165739-1-225x300.jpg 225w\" sizes=\"auto, (max-width: 768px) 100vw, 768px\" \/><\/figure><\/li><li class=\"blocks-gallery-item\"><figure><img loading=\"lazy\" decoding=\"async\" width=\"768\" height=\"1024\" src=\"https:\/\/blogs.uninter.edu.mx\/ehli\/wp-content\/uploads\/2019\/12\/IMG_20191209_165823-1-768x1024.jpg\" alt=\"ense\u00f1anza de lenguas extranjeras uninter\" data-id=\"507\" data-link=\"https:\/\/blogs.uninter.edu.mx\/ehli\/?attachment_id=507#main\" class=\"wp-image-507\" srcset=\"https:\/\/blogs.uninter.edu.mx\/ehli\/wp-content\/uploads\/2019\/12\/IMG_20191209_165823-1-768x1024.jpg 768w, https:\/\/blogs.uninter.edu.mx\/ehli\/wp-content\/uploads\/2019\/12\/IMG_20191209_165823-1-225x300.jpg 225w\" sizes=\"auto, (max-width: 768px) 100vw, 768px\" \/><\/figure><\/li><\/ul>\n\n\n\n<p>El objetivo final de su trabajo, es que el alumno s\u00ed est\u00e9 aprendiendo. Ella destaca que <strong>el proyecto ha tenido un gran impacto<\/strong> poniendo como ejemplo la implementaci\u00f3n de este trabajo en una universidad privada. Los alumnos de esa instituci\u00f3n ten\u00edan problemas en el aprendizaje, sin embargo, cuando estos notaron avances comenzaron a demostrar una actitud de inter\u00e9s para seguir mejorando.<\/p>\n\n\n\n<p>Finalmente,<strong> el s\u00ednodo la aprob\u00f3 por unanimidad<\/strong> y la felicit\u00f3 por demostrar la relevancia de su trabajo en el campo de la docencia. <strong>Fue reconocida por la excelente labor que realiz\u00f3.<\/strong><\/p>\n\n\n\n<div class=\"wp-block-image\"><figure class=\"aligncenter\"><img loading=\"lazy\" decoding=\"async\" width=\"768\" height=\"1024\" src=\"https:\/\/blogs.uninter.edu.mx\/ehli\/wp-content\/uploads\/2019\/12\/IMG_20191209_170035-768x1024.jpg\" alt=\"Jacqueline contreras examen profesional uninter\" class=\"wp-image-508\" srcset=\"https:\/\/blogs.uninter.edu.mx\/ehli\/wp-content\/uploads\/2019\/12\/IMG_20191209_170035-768x1024.jpg 768w, https:\/\/blogs.uninter.edu.mx\/ehli\/wp-content\/uploads\/2019\/12\/IMG_20191209_170035-225x300.jpg 225w\" sizes=\"auto, (max-width: 768px) 100vw, 768px\" \/><\/figure><\/div>\n\n\n\n<p style=\"text-align:center\"><strong>\u00a1Muchas felicidades Mtra. Jacqueline Contreras por un \u00e9xito m\u00e1s en tu vida profesional!<\/strong><\/p>\n\n\n\n<p><\/p>\n\n\n\n<div class=\"wp-block-image\"><figure class=\"aligncenter is-resized\"><a href=\"https:\/\/blogs.uninter.edu.mx\/ehli\"><img loading=\"lazy\" decoding=\"async\" src=\"https:\/\/blogs.uninter.edu.mx\/ehli\/wp-content\/uploads\/2019\/11\/Logo-EHLI-actual-1.jpg\" alt=\"escuela de humanidades uninter\" class=\"wp-image-212\" width=\"330\" height=\"49\" srcset=\"https:\/\/blogs.uninter.edu.mx\/ehli\/wp-content\/uploads\/2019\/11\/Logo-EHLI-actual-1.jpg 1020w, https:\/\/blogs.uninter.edu.mx\/ehli\/wp-content\/uploads\/2019\/11\/Logo-EHLI-actual-1-300x45.jpg 300w, https:\/\/blogs.uninter.edu.mx\/ehli\/wp-content\/uploads\/2019\/11\/Logo-EHLI-actual-1-768x116.jpg 768w\" sizes=\"auto, (max-width: 330px) 100vw, 330px\" \/><\/a><\/figure><\/div>\n","protected":false},"excerpt":{"rendered":"<p>El lunes 9 de diciembre de 2019 se llev\u00f3 a cabo el examen protocolario de la Lic. Jacqueline Contreras Almaz\u00e1n para obtener el grado de Maestra en Ense\u00f1anza del Espa\u00f1ol como Lengua Extranjera. Dio inicio en punto de las 16:00 hrs. en la sala 4-101 ante la presencia del s\u00ednodo compuesto por el Mtro. \u00c1lvaro&hellip;<\/p>\n","protected":false},"author":25,"featured_media":497,"comment_status":"open","ping_status":"open","sticky":false,"template":"","format":"standard","meta":{"rop_custom_images_group":[],"rop_custom_messages_group":[],"rop_publish_now":"initial","rop_publish_now_accounts":[],"rop_publish_now_history":[],"rop_publish_now_status":"pending","footnotes":""},"categories":[14,73,22],"tags":[75,101,41,89,25,26],"class_list":["post-496","post","type-post","status-publish","format-standard","has-post-thumbnail","hentry","category-actividades-de-posgrados","category-maestria-en-ensenanza-del-espanol-como-lengua-extranjera","category-maestrias-tesis-tesina","tag-examen-profesional","tag-maestria-en-ensenanza-del-espanol-como-lengua-extranjera","tag-posgrados-humanidades","tag-posgrados-uninter","tag-uninter","tag-universidad-internacional"],"yoast_head":"<!-- This site is optimized with the Yoast SEO plugin v27.4 - https:\/\/yoast.com\/product\/yoast-seo-wordpress\/ -->\r\n<title>Examen Profesional de la Maestra Jacqueline Contreras Almaz\u00e1n - EHLI<\/title>\r\n<meta name=\"description\" content=\"\u00a1Muchas felicidades Mtra. Jacqueline Contreras por haber obtenido el grado de Maestra en Ense\u00f1anza del Espa\u00f1ol como Lengua Extranjera!\" \/>\r\n<meta name=\"robots\" content=\"index, follow, max-snippet:-1, max-image-preview:large, max-video-preview:-1\" \/>\r\n<link rel=\"canonical\" href=\"https:\/\/blogs.uninter.edu.mx\/ehli\/index.php\/2019\/12\/16\/examen-profesional-de-la-maestra-jacqueline-contreras-almazan\/\" \/>\r\n<meta property=\"og:locale\" content=\"es_MX\" \/>\r\n<meta property=\"og:type\" content=\"article\" \/>\r\n<meta property=\"og:title\" content=\"Examen Profesional de la Maestra Jacqueline Contreras Almaz\u00e1n - EHLI\" \/>\r\n<meta property=\"og:description\" content=\"\u00a1Muchas felicidades Mtra. Jacqueline Contreras por haber obtenido el grado de Maestra en Ense\u00f1anza del Espa\u00f1ol como Lengua Extranjera!\" \/>\r\n<meta property=\"og:url\" content=\"https:\/\/blogs.uninter.edu.mx\/ehli\/index.php\/2019\/12\/16\/examen-profesional-de-la-maestra-jacqueline-contreras-almazan\/\" \/>\r\n<meta property=\"og:site_name\" content=\"EHLI\" \/>\r\n<meta property=\"article:published_time\" content=\"2019-12-16T16:28:51+00:00\" \/>\r\n<meta property=\"article:modified_time\" content=\"2020-01-28T18:13:26+00:00\" \/>\r\n<meta property=\"og:image\" content=\"https:\/\/blogs.uninter.edu.mx\/ehli\/wp-content\/uploads\/2019\/12\/image-4.png\" \/>\r\n\t<meta property=\"og:image:width\" content=\"589\" \/>\r\n\t<meta property=\"og:image:height\" content=\"442\" \/>\r\n\t<meta property=\"og:image:type\" content=\"image\/png\" \/>\r\n<meta name=\"author\" content=\"webmaster\" \/>\r\n<meta name=\"twitter:card\" content=\"summary_large_image\" \/>\r\n<meta name=\"twitter:label1\" content=\"Escrito por\" \/>\n\t<meta name=\"twitter:data1\" content=\"webmaster\" \/>\n\t<meta name=\"twitter:label2\" content=\"Tiempo de lectura\" \/>\n\t<meta name=\"twitter:data2\" content=\"2 minutos\" \/>\r\n<script type=\"application\/ld+json\" class=\"yoast-schema-graph\">{\"@context\":\"https:\\\/\\\/schema.org\",\"@graph\":[{\"@type\":\"Article\",\"@id\":\"https:\\\/\\\/blogs.uninter.edu.mx\\\/ehli\\\/index.php\\\/2019\\\/12\\\/16\\\/examen-profesional-de-la-maestra-jacqueline-contreras-almazan\\\/#article\",\"isPartOf\":{\"@id\":\"https:\\\/\\\/blogs.uninter.edu.mx\\\/ehli\\\/index.php\\\/2019\\\/12\\\/16\\\/examen-profesional-de-la-maestra-jacqueline-contreras-almazan\\\/\"},\"author\":{\"name\":\"webmaster\",\"@id\":\"https:\\\/\\\/blogs.uninter.edu.mx\\\/ehli\\\/#\\\/schema\\\/person\\\/4c55cef38e1d98f0214ab68b3506928c\"},\"headline\":\"Examen Profesional de la Maestra Jacqueline Contreras Almaz\u00e1n\",\"datePublished\":\"2019-12-16T16:28:51+00:00\",\"dateModified\":\"2020-01-28T18:13:26+00:00\",\"mainEntityOfPage\":{\"@id\":\"https:\\\/\\\/blogs.uninter.edu.mx\\\/ehli\\\/index.php\\\/2019\\\/12\\\/16\\\/examen-profesional-de-la-maestra-jacqueline-contreras-almazan\\\/\"},\"wordCount\":493,\"commentCount\":0,\"image\":{\"@id\":\"https:\\\/\\\/blogs.uninter.edu.mx\\\/ehli\\\/index.php\\\/2019\\\/12\\\/16\\\/examen-profesional-de-la-maestra-jacqueline-contreras-almazan\\\/#primaryimage\"},\"thumbnailUrl\":\"https:\\\/\\\/blogs.uninter.edu.mx\\\/ehli\\\/wp-content\\\/uploads\\\/2019\\\/12\\\/image-4.png\",\"keywords\":[\"Examen Profesional\",\"Maestria en Ense\u00f1anza del Espa\u00f1ol como Lengua Extranjera\",\"Posgrados Humanidades\",\"Posgrados Uninter\",\"UNINTER\",\"UNIVERSIDAD INTERNACIONAL\"],\"articleSection\":[\"Actividades de Posgrados\",\"Maestr\u00eda en Ense\u00f1anza del Espa\u00f1ol como Lengua Extranjera\",\"Maestr\u00edas (Tesis\\\/Tesina)\"],\"inLanguage\":\"es\",\"potentialAction\":[{\"@type\":\"CommentAction\",\"name\":\"Comment\",\"target\":[\"https:\\\/\\\/blogs.uninter.edu.mx\\\/ehli\\\/index.php\\\/2019\\\/12\\\/16\\\/examen-profesional-de-la-maestra-jacqueline-contreras-almazan\\\/#respond\"]}]},{\"@type\":\"WebPage\",\"@id\":\"https:\\\/\\\/blogs.uninter.edu.mx\\\/ehli\\\/index.php\\\/2019\\\/12\\\/16\\\/examen-profesional-de-la-maestra-jacqueline-contreras-almazan\\\/\",\"url\":\"https:\\\/\\\/blogs.uninter.edu.mx\\\/ehli\\\/index.php\\\/2019\\\/12\\\/16\\\/examen-profesional-de-la-maestra-jacqueline-contreras-almazan\\\/\",\"name\":\"Examen Profesional de la Maestra Jacqueline Contreras Almaz\u00e1n - EHLI\",\"isPartOf\":{\"@id\":\"https:\\\/\\\/blogs.uninter.edu.mx\\\/ehli\\\/#website\"},\"primaryImageOfPage\":{\"@id\":\"https:\\\/\\\/blogs.uninter.edu.mx\\\/ehli\\\/index.php\\\/2019\\\/12\\\/16\\\/examen-profesional-de-la-maestra-jacqueline-contreras-almazan\\\/#primaryimage\"},\"image\":{\"@id\":\"https:\\\/\\\/blogs.uninter.edu.mx\\\/ehli\\\/index.php\\\/2019\\\/12\\\/16\\\/examen-profesional-de-la-maestra-jacqueline-contreras-almazan\\\/#primaryimage\"},\"thumbnailUrl\":\"https:\\\/\\\/blogs.uninter.edu.mx\\\/ehli\\\/wp-content\\\/uploads\\\/2019\\\/12\\\/image-4.png\",\"datePublished\":\"2019-12-16T16:28:51+00:00\",\"dateModified\":\"2020-01-28T18:13:26+00:00\",\"author\":{\"@id\":\"https:\\\/\\\/blogs.uninter.edu.mx\\\/ehli\\\/#\\\/schema\\\/person\\\/4c55cef38e1d98f0214ab68b3506928c\"},\"description\":\"\u00a1Muchas felicidades Mtra. Jacqueline Contreras por haber obtenido el grado de Maestra en Ense\u00f1anza del Espa\u00f1ol como Lengua Extranjera!\",\"breadcrumb\":{\"@id\":\"https:\\\/\\\/blogs.uninter.edu.mx\\\/ehli\\\/index.php\\\/2019\\\/12\\\/16\\\/examen-profesional-de-la-maestra-jacqueline-contreras-almazan\\\/#breadcrumb\"},\"inLanguage\":\"es\",\"potentialAction\":[{\"@type\":\"ReadAction\",\"target\":[\"https:\\\/\\\/blogs.uninter.edu.mx\\\/ehli\\\/index.php\\\/2019\\\/12\\\/16\\\/examen-profesional-de-la-maestra-jacqueline-contreras-almazan\\\/\"]}]},{\"@type\":\"ImageObject\",\"inLanguage\":\"es\",\"@id\":\"https:\\\/\\\/blogs.uninter.edu.mx\\\/ehli\\\/index.php\\\/2019\\\/12\\\/16\\\/examen-profesional-de-la-maestra-jacqueline-contreras-almazan\\\/#primaryimage\",\"url\":\"https:\\\/\\\/blogs.uninter.edu.mx\\\/ehli\\\/wp-content\\\/uploads\\\/2019\\\/12\\\/image-4.png\",\"contentUrl\":\"https:\\\/\\\/blogs.uninter.edu.mx\\\/ehli\\\/wp-content\\\/uploads\\\/2019\\\/12\\\/image-4.png\",\"width\":589,\"height\":442},{\"@type\":\"BreadcrumbList\",\"@id\":\"https:\\\/\\\/blogs.uninter.edu.mx\\\/ehli\\\/index.php\\\/2019\\\/12\\\/16\\\/examen-profesional-de-la-maestra-jacqueline-contreras-almazan\\\/#breadcrumb\",\"itemListElement\":[{\"@type\":\"ListItem\",\"position\":1,\"name\":\"Inicio\",\"item\":\"https:\\\/\\\/blogs.uninter.edu.mx\\\/ehli\\\/\"},{\"@type\":\"ListItem\",\"position\":2,\"name\":\"Examen Profesional de la Maestra Jacqueline Contreras Almaz\u00e1n\"}]},{\"@type\":\"WebSite\",\"@id\":\"https:\\\/\\\/blogs.uninter.edu.mx\\\/ehli\\\/#website\",\"url\":\"https:\\\/\\\/blogs.uninter.edu.mx\\\/ehli\\\/\",\"name\":\"EHLI\",\"description\":\"UNINTER\",\"potentialAction\":[{\"@type\":\"SearchAction\",\"target\":{\"@type\":\"EntryPoint\",\"urlTemplate\":\"https:\\\/\\\/blogs.uninter.edu.mx\\\/ehli\\\/?s={search_term_string}\"},\"query-input\":{\"@type\":\"PropertyValueSpecification\",\"valueRequired\":true,\"valueName\":\"search_term_string\"}}],\"inLanguage\":\"es\"},{\"@type\":\"Person\",\"@id\":\"https:\\\/\\\/blogs.uninter.edu.mx\\\/ehli\\\/#\\\/schema\\\/person\\\/4c55cef38e1d98f0214ab68b3506928c\",\"name\":\"webmaster\",\"image\":{\"@type\":\"ImageObject\",\"inLanguage\":\"es\",\"@id\":\"https:\\\/\\\/secure.gravatar.com\\\/avatar\\\/a59c276b01147463ef3aab4118e3137ebc5e1ad6700deb39ccdf8b89e517f7dc?s=96&d=mm&r=g\",\"url\":\"https:\\\/\\\/secure.gravatar.com\\\/avatar\\\/a59c276b01147463ef3aab4118e3137ebc5e1ad6700deb39ccdf8b89e517f7dc?s=96&d=mm&r=g\",\"contentUrl\":\"https:\\\/\\\/secure.gravatar.com\\\/avatar\\\/a59c276b01147463ef3aab4118e3137ebc5e1ad6700deb39ccdf8b89e517f7dc?s=96&d=mm&r=g\",\"caption\":\"webmaster\"},\"url\":\"https:\\\/\\\/blogs.uninter.edu.mx\\\/ehli\\\/index.php\\\/author\\\/webmaster\\\/\"}]}<\/script>\r\n<!-- \/ Yoast SEO plugin. -->","yoast_head_json":{"title":"Examen Profesional de la Maestra Jacqueline Contreras Almaz\u00e1n - EHLI","description":"\u00a1Muchas felicidades Mtra. Jacqueline Contreras por haber obtenido el grado de Maestra en Ense\u00f1anza del Espa\u00f1ol como Lengua Extranjera!","robots":{"index":"index","follow":"follow","max-snippet":"max-snippet:-1","max-image-preview":"max-image-preview:large","max-video-preview":"max-video-preview:-1"},"canonical":"https:\/\/blogs.uninter.edu.mx\/ehli\/index.php\/2019\/12\/16\/examen-profesional-de-la-maestra-jacqueline-contreras-almazan\/","og_locale":"es_MX","og_type":"article","og_title":"Examen Profesional de la Maestra Jacqueline Contreras Almaz\u00e1n - EHLI","og_description":"\u00a1Muchas felicidades Mtra. Jacqueline Contreras por haber obtenido el grado de Maestra en Ense\u00f1anza del Espa\u00f1ol como Lengua Extranjera!","og_url":"https:\/\/blogs.uninter.edu.mx\/ehli\/index.php\/2019\/12\/16\/examen-profesional-de-la-maestra-jacqueline-contreras-almazan\/","og_site_name":"EHLI","article_published_time":"2019-12-16T16:28:51+00:00","article_modified_time":"2020-01-28T18:13:26+00:00","og_image":[{"width":589,"height":442,"url":"https:\/\/blogs.uninter.edu.mx\/ehli\/wp-content\/uploads\/2019\/12\/image-4.png","type":"image\/png"}],"author":"webmaster","twitter_card":"summary_large_image","twitter_misc":{"Escrito por":"webmaster","Tiempo de lectura":"2 minutos"},"schema":{"@context":"https:\/\/schema.org","@graph":[{"@type":"Article","@id":"https:\/\/blogs.uninter.edu.mx\/ehli\/index.php\/2019\/12\/16\/examen-profesional-de-la-maestra-jacqueline-contreras-almazan\/#article","isPartOf":{"@id":"https:\/\/blogs.uninter.edu.mx\/ehli\/index.php\/2019\/12\/16\/examen-profesional-de-la-maestra-jacqueline-contreras-almazan\/"},"author":{"name":"webmaster","@id":"https:\/\/blogs.uninter.edu.mx\/ehli\/#\/schema\/person\/4c55cef38e1d98f0214ab68b3506928c"},"headline":"Examen Profesional de la Maestra Jacqueline Contreras Almaz\u00e1n","datePublished":"2019-12-16T16:28:51+00:00","dateModified":"2020-01-28T18:13:26+00:00","mainEntityOfPage":{"@id":"https:\/\/blogs.uninter.edu.mx\/ehli\/index.php\/2019\/12\/16\/examen-profesional-de-la-maestra-jacqueline-contreras-almazan\/"},"wordCount":493,"commentCount":0,"image":{"@id":"https:\/\/blogs.uninter.edu.mx\/ehli\/index.php\/2019\/12\/16\/examen-profesional-de-la-maestra-jacqueline-contreras-almazan\/#primaryimage"},"thumbnailUrl":"https:\/\/blogs.uninter.edu.mx\/ehli\/wp-content\/uploads\/2019\/12\/image-4.png","keywords":["Examen Profesional","Maestria en Ense\u00f1anza del Espa\u00f1ol como Lengua Extranjera","Posgrados Humanidades","Posgrados Uninter","UNINTER","UNIVERSIDAD INTERNACIONAL"],"articleSection":["Actividades de Posgrados","Maestr\u00eda en Ense\u00f1anza del Espa\u00f1ol como Lengua Extranjera","Maestr\u00edas (Tesis\/Tesina)"],"inLanguage":"es","potentialAction":[{"@type":"CommentAction","name":"Comment","target":["https:\/\/blogs.uninter.edu.mx\/ehli\/index.php\/2019\/12\/16\/examen-profesional-de-la-maestra-jacqueline-contreras-almazan\/#respond"]}]},{"@type":"WebPage","@id":"https:\/\/blogs.uninter.edu.mx\/ehli\/index.php\/2019\/12\/16\/examen-profesional-de-la-maestra-jacqueline-contreras-almazan\/","url":"https:\/\/blogs.uninter.edu.mx\/ehli\/index.php\/2019\/12\/16\/examen-profesional-de-la-maestra-jacqueline-contreras-almazan\/","name":"Examen Profesional de la Maestra Jacqueline Contreras Almaz\u00e1n - EHLI","isPartOf":{"@id":"https:\/\/blogs.uninter.edu.mx\/ehli\/#website"},"primaryImageOfPage":{"@id":"https:\/\/blogs.uninter.edu.mx\/ehli\/index.php\/2019\/12\/16\/examen-profesional-de-la-maestra-jacqueline-contreras-almazan\/#primaryimage"},"image":{"@id":"https:\/\/blogs.uninter.edu.mx\/ehli\/index.php\/2019\/12\/16\/examen-profesional-de-la-maestra-jacqueline-contreras-almazan\/#primaryimage"},"thumbnailUrl":"https:\/\/blogs.uninter.edu.mx\/ehli\/wp-content\/uploads\/2019\/12\/image-4.png","datePublished":"2019-12-16T16:28:51+00:00","dateModified":"2020-01-28T18:13:26+00:00","author":{"@id":"https:\/\/blogs.uninter.edu.mx\/ehli\/#\/schema\/person\/4c55cef38e1d98f0214ab68b3506928c"},"description":"\u00a1Muchas felicidades Mtra. Jacqueline Contreras por haber obtenido el grado de Maestra en Ense\u00f1anza del Espa\u00f1ol como Lengua Extranjera!","breadcrumb":{"@id":"https:\/\/blogs.uninter.edu.mx\/ehli\/index.php\/2019\/12\/16\/examen-profesional-de-la-maestra-jacqueline-contreras-almazan\/#breadcrumb"},"inLanguage":"es","potentialAction":[{"@type":"ReadAction","target":["https:\/\/blogs.uninter.edu.mx\/ehli\/index.php\/2019\/12\/16\/examen-profesional-de-la-maestra-jacqueline-contreras-almazan\/"]}]},{"@type":"ImageObject","inLanguage":"es","@id":"https:\/\/blogs.uninter.edu.mx\/ehli\/index.php\/2019\/12\/16\/examen-profesional-de-la-maestra-jacqueline-contreras-almazan\/#primaryimage","url":"https:\/\/blogs.uninter.edu.mx\/ehli\/wp-content\/uploads\/2019\/12\/image-4.png","contentUrl":"https:\/\/blogs.uninter.edu.mx\/ehli\/wp-content\/uploads\/2019\/12\/image-4.png","width":589,"height":442},{"@type":"BreadcrumbList","@id":"https:\/\/blogs.uninter.edu.mx\/ehli\/index.php\/2019\/12\/16\/examen-profesional-de-la-maestra-jacqueline-contreras-almazan\/#breadcrumb","itemListElement":[{"@type":"ListItem","position":1,"name":"Inicio","item":"https:\/\/blogs.uninter.edu.mx\/ehli\/"},{"@type":"ListItem","position":2,"name":"Examen Profesional de la Maestra Jacqueline Contreras Almaz\u00e1n"}]},{"@type":"WebSite","@id":"https:\/\/blogs.uninter.edu.mx\/ehli\/#website","url":"https:\/\/blogs.uninter.edu.mx\/ehli\/","name":"EHLI","description":"UNINTER","potentialAction":[{"@type":"SearchAction","target":{"@type":"EntryPoint","urlTemplate":"https:\/\/blogs.uninter.edu.mx\/ehli\/?s={search_term_string}"},"query-input":{"@type":"PropertyValueSpecification","valueRequired":true,"valueName":"search_term_string"}}],"inLanguage":"es"},{"@type":"Person","@id":"https:\/\/blogs.uninter.edu.mx\/ehli\/#\/schema\/person\/4c55cef38e1d98f0214ab68b3506928c","name":"webmaster","image":{"@type":"ImageObject","inLanguage":"es","@id":"https:\/\/secure.gravatar.com\/avatar\/a59c276b01147463ef3aab4118e3137ebc5e1ad6700deb39ccdf8b89e517f7dc?s=96&d=mm&r=g","url":"https:\/\/secure.gravatar.com\/avatar\/a59c276b01147463ef3aab4118e3137ebc5e1ad6700deb39ccdf8b89e517f7dc?s=96&d=mm&r=g","contentUrl":"https:\/\/secure.gravatar.com\/avatar\/a59c276b01147463ef3aab4118e3137ebc5e1ad6700deb39ccdf8b89e517f7dc?s=96&d=mm&r=g","caption":"webmaster"},"url":"https:\/\/blogs.uninter.edu.mx\/ehli\/index.php\/author\/webmaster\/"}]}},"jetpack_featured_media_url":"https:\/\/blogs.uninter.edu.mx\/ehli\/wp-content\/uploads\/2019\/12\/image-4.png","_links":{"self":[{"href":"https:\/\/blogs.uninter.edu.mx\/ehli\/index.php\/wp-json\/wp\/v2\/posts\/496","targetHints":{"allow":["GET"]}}],"collection":[{"href":"https:\/\/blogs.uninter.edu.mx\/ehli\/index.php\/wp-json\/wp\/v2\/posts"}],"about":[{"href":"https:\/\/blogs.uninter.edu.mx\/ehli\/index.php\/wp-json\/wp\/v2\/types\/post"}],"author":[{"embeddable":true,"href":"https:\/\/blogs.uninter.edu.mx\/ehli\/index.php\/wp-json\/wp\/v2\/users\/25"}],"replies":[{"embeddable":true,"href":"https:\/\/blogs.uninter.edu.mx\/ehli\/index.php\/wp-json\/wp\/v2\/comments?post=496"}],"version-history":[{"count":7,"href":"https:\/\/blogs.uninter.edu.mx\/ehli\/index.php\/wp-json\/wp\/v2\/posts\/496\/revisions"}],"predecessor-version":[{"id":662,"href":"https:\/\/blogs.uninter.edu.mx\/ehli\/index.php\/wp-json\/wp\/v2\/posts\/496\/revisions\/662"}],"wp:featuredmedia":[{"embeddable":true,"href":"https:\/\/blogs.uninter.edu.mx\/ehli\/index.php\/wp-json\/wp\/v2\/media\/497"}],"wp:attachment":[{"href":"https:\/\/blogs.uninter.edu.mx\/ehli\/index.php\/wp-json\/wp\/v2\/media?parent=496"}],"wp:term":[{"taxonomy":"category","embeddable":true,"href":"https:\/\/blogs.uninter.edu.mx\/ehli\/index.php\/wp-json\/wp\/v2\/categories?post=496"},{"taxonomy":"post_tag","embeddable":true,"href":"https:\/\/blogs.uninter.edu.mx\/ehli\/index.php\/wp-json\/wp\/v2\/tags?post=496"}],"curies":[{"name":"wp","href":"https:\/\/api.w.org\/{rel}","templated":true}]}}