{"id":5703,"date":"2021-10-04T18:24:50","date_gmt":"2021-10-04T18:24:50","guid":{"rendered":"https:\/\/blogs.uninter.edu.mx\/ehli\/?p=5703"},"modified":"2021-10-04T18:24:54","modified_gmt":"2021-10-04T18:24:54","slug":"invita-impajoven-a-participar-en-conferencias-para-fortalecer-habilidades-de-comunicacion","status":"publish","type":"post","link":"https:\/\/blogs.uninter.edu.mx\/ehli\/index.php\/2021\/10\/04\/invita-impajoven-a-participar-en-conferencias-para-fortalecer-habilidades-de-comunicacion\/","title":{"rendered":"Invita Impajoven a participar en conferencias para fortalecer habilidades de comunicaci\u00f3n"},"content":{"rendered":"\n<p><strong>Se contar\u00e1 con la intervenci\u00f3n de comunic\u00f3logas morelenses<\/strong><\/p>\n\n\n\n<figure class=\"wp-block-image size-large\"><img loading=\"lazy\" decoding=\"async\" width=\"691\" height=\"1280\" src=\"https:\/\/blogs.uninter.edu.mx\/ehli\/wp-content\/uploads\/2021\/10\/Cartelera-Mujeres.jpeg\" alt=\"\" class=\"wp-image-5704\"\/><\/figure>\n\n\n\n<p class=\"has-text-align-justify\">Con el objetivo de promover herramientas de expresi\u00f3n, el Instituto Morelense de las Personas Adolescentes y J\u00f3venes (Impajoven) llama al sector poblacional de entre los 12 y 29 a\u00f1os a participar en \u201cMujeres comunicando\u201d, cartelera de ponencias digitales orientadas a la locuci\u00f3n, periodismo y creaci\u00f3n de contenidos a partir del pr\u00f3ximo 07 de octubre.\u00a0<\/p>\n\n\n\n<p class=\"has-text-align-justify\">\u00a0Diego Arturo Alc\u00e1zar P\u00e9rez, director general de la instancia, asegur\u00f3 que est\u00e1n invitando a ponentes j\u00f3venes para que ayuden a sus pares a fortalecer habilidades de expresi\u00f3n oral, respiraci\u00f3n y manejo de los nervios.\u00a0<\/p>\n\n\n\n<p class=\"has-text-align-justify\">\u201cEn un ejercicio de plena inclusi\u00f3n, nos dimos a la tarea de invitar a mujeres talentosas en el estado que puedan aportarle a la juventud un poco de su experiencia en los medios de comunicaci\u00f3n. Estamos seguros de que esto les ayudar\u00e1 en actividades referentes a oratoria o exposiciones\u201d, se\u00f1al\u00f3.\u00a0<\/p>\n\n\n\n<p class=\"has-text-align-justify\">Asimismo, el titular del Impajoven subray\u00f3 que es el cuarto ciclo que implementan acerca del tema, recordando que en 2020 ya hab\u00edan llevado a cabo la din\u00e1mica con la intervenci\u00f3n de quince comunic\u00f3logas morelenses, con el beneficio de una constancia para quienes se registren y participen.\u00a0<\/p>\n\n\n\n<p class=\"has-text-align-justify\">Para esta cuarta cartelera se incluyen los temas: \u00bfC\u00f3mo ser un buen entrevistador y entrevistado?; el manejo de las emociones en los medios de comunicaci\u00f3n; la influencia de las mujeres en la informaci\u00f3n; coberturas de \u00faltimo momento; y publicidad subliminal.\u00a0<\/p>\n\n\n\n<p class=\"has-text-align-justify\">Participar\u00e1n B\u00e1rbara Ben\u00edtez, locutora de Radiorama Morelos; Pamela Pelcastre, conductora en Tv Azteca; Idanelly Mej\u00eda, titular del noticiero L\u00ednea Caliente de Mundo 96.5; Michelle Onofre, directora de informaci\u00f3n del Instituto Morelense de Radio y Televisi\u00f3n (IMRyT); y Michelle Curam, mercad\u00f3loga.<\/p>\n\n\n\n<p class=\"has-text-align-justify\">Para acceder a las ligas de inscripci\u00f3n gratuitas, las y los interesados pueden visitar al portal https:\/\/juventud.morelos.gob.mx\/, asimismo, est\u00e1 abierta la l\u00ednea telef\u00f3nica 777 317 9001 para cualquier aclaraci\u00f3n de dudas o asesor\u00edas personalizadas.<\/p>\n\n\n\n<p class=\"has-text-align-justify\">FUENTE: https:\/\/morelos.gob.mx\/?q=prensa\/nota\/invita-impajoven-participar-en-conferencias-para-fortalecer-habilidades-de-comunicacion<\/p>\n","protected":false},"excerpt":{"rendered":"<p>Con el objetivo de promover herramientas de expresi\u00f3n, el Instituto Morelense de las Personas Adolescentes y J\u00f3venes (Impajoven) llama al sector poblacional de entre los 12 y 29 a\u00f1os a participar en \u201cMujeres comunicando\u201d, cartelera de ponencias digitales orientadas a la locuci\u00f3n, periodismo y creaci\u00f3n de contenidos a partir del pr\u00f3ximo 07 de octubre. <\/p>\n","protected":false},"author":28,"featured_media":5704,"comment_status":"open","ping_status":"open","sticky":false,"template":"","format":"standard","meta":{"rop_custom_images_group":[],"rop_custom_messages_group":[],"rop_publish_now":"initial","rop_publish_now_accounts":[],"rop_publish_now_history":[],"rop_publish_now_status":"pending","footnotes":""},"categories":[5,312,3,110,4,111],"tags":[],"class_list":["post-5703","post","type-post","status-publish","format-standard","has-post-thumbnail","hentry","category-cmart","category-comunicacion","category-lco","category-lic-en-comunicacion","category-corp","category-lic-en-comunicacion-y-relaciones-publicas"],"yoast_head":"<!-- This site is optimized with the Yoast SEO plugin v27.4 - https:\/\/yoast.com\/product\/yoast-seo-wordpress\/ -->\r\n<title>Invita Impajoven a participar en conferencias para fortalecer habilidades de comunicaci\u00f3n - EHLI<\/title>\r\n<meta name=\"description\" content=\"Con el objetivo de promover herramientas de expresi\u00f3n, el Instituto Morelense de las Personas Adolescentes y J\u00f3venes (Impajoven) llama al sector poblacional de entre los 12 y 29 a\u00f1os a participar en \u201cMujeres comunicando\u201d, cartelera de ponencias digitales orientadas a la locuci\u00f3n, periodismo y creaci\u00f3n de contenidos a partir del pr\u00f3ximo 07 de octubre.\" \/>\r\n<meta name=\"robots\" content=\"index, follow, max-snippet:-1, max-image-preview:large, max-video-preview:-1\" \/>\r\n<link rel=\"canonical\" href=\"https:\/\/blogs.uninter.edu.mx\/ehli\/index.php\/2021\/10\/04\/invita-impajoven-a-participar-en-conferencias-para-fortalecer-habilidades-de-comunicacion\/\" \/>\r\n<meta property=\"og:locale\" content=\"es_MX\" \/>\r\n<meta property=\"og:type\" content=\"article\" \/>\r\n<meta property=\"og:title\" content=\"Invita Impajoven a participar en conferencias para fortalecer habilidades de comunicaci\u00f3n - EHLI\" \/>\r\n<meta property=\"og:description\" content=\"Con el objetivo de promover herramientas de expresi\u00f3n, el Instituto Morelense de las Personas Adolescentes y J\u00f3venes (Impajoven) llama al sector poblacional de entre los 12 y 29 a\u00f1os a participar en \u201cMujeres comunicando\u201d, cartelera de ponencias digitales orientadas a la locuci\u00f3n, periodismo y creaci\u00f3n de contenidos a partir del pr\u00f3ximo 07 de octubre.\" \/>\r\n<meta property=\"og:url\" content=\"https:\/\/blogs.uninter.edu.mx\/ehli\/index.php\/2021\/10\/04\/invita-impajoven-a-participar-en-conferencias-para-fortalecer-habilidades-de-comunicacion\/\" \/>\r\n<meta property=\"og:site_name\" content=\"EHLI\" \/>\r\n<meta property=\"article:published_time\" content=\"2021-10-04T18:24:50+00:00\" \/>\r\n<meta property=\"article:modified_time\" content=\"2021-10-04T18:24:54+00:00\" \/>\r\n<meta property=\"og:image\" content=\"https:\/\/blogs.uninter.edu.mx\/ehli\/wp-content\/uploads\/2021\/10\/Cartelera-Mujeres.jpeg\" \/>\r\n\t<meta property=\"og:image:width\" content=\"691\" \/>\r\n\t<meta property=\"og:image:height\" content=\"1280\" \/>\r\n\t<meta property=\"og:image:type\" content=\"image\/jpeg\" \/>\r\n<meta name=\"author\" content=\"mocampo\" \/>\r\n<meta name=\"twitter:card\" content=\"summary_large_image\" \/>\r\n<meta name=\"twitter:label1\" content=\"Escrito por\" \/>\n\t<meta name=\"twitter:data1\" content=\"mocampo\" \/>\n\t<meta name=\"twitter:label2\" content=\"Tiempo de lectura\" \/>\n\t<meta name=\"twitter:data2\" content=\"2 minutos\" \/>\r\n<script type=\"application\/ld+json\" class=\"yoast-schema-graph\">{\"@context\":\"https:\\\/\\\/schema.org\",\"@graph\":[{\"@type\":\"Article\",\"@id\":\"https:\\\/\\\/blogs.uninter.edu.mx\\\/ehli\\\/index.php\\\/2021\\\/10\\\/04\\\/invita-impajoven-a-participar-en-conferencias-para-fortalecer-habilidades-de-comunicacion\\\/#article\",\"isPartOf\":{\"@id\":\"https:\\\/\\\/blogs.uninter.edu.mx\\\/ehli\\\/index.php\\\/2021\\\/10\\\/04\\\/invita-impajoven-a-participar-en-conferencias-para-fortalecer-habilidades-de-comunicacion\\\/\"},\"author\":{\"name\":\"mocampo\",\"@id\":\"https:\\\/\\\/blogs.uninter.edu.mx\\\/ehli\\\/#\\\/schema\\\/person\\\/f9426d100dd7db1b2a0be67166f80826\"},\"headline\":\"Invita Impajoven a participar en conferencias para fortalecer habilidades de comunicaci\u00f3n\",\"datePublished\":\"2021-10-04T18:24:50+00:00\",\"dateModified\":\"2021-10-04T18:24:54+00:00\",\"mainEntityOfPage\":{\"@id\":\"https:\\\/\\\/blogs.uninter.edu.mx\\\/ehli\\\/index.php\\\/2021\\\/10\\\/04\\\/invita-impajoven-a-participar-en-conferencias-para-fortalecer-habilidades-de-comunicacion\\\/\"},\"wordCount\":360,\"commentCount\":0,\"image\":{\"@id\":\"https:\\\/\\\/blogs.uninter.edu.mx\\\/ehli\\\/index.php\\\/2021\\\/10\\\/04\\\/invita-impajoven-a-participar-en-conferencias-para-fortalecer-habilidades-de-comunicacion\\\/#primaryimage\"},\"thumbnailUrl\":\"https:\\\/\\\/blogs.uninter.edu.mx\\\/ehli\\\/wp-content\\\/uploads\\\/2021\\\/10\\\/Cartelera-Mujeres.jpeg\",\"articleSection\":[\"Centro de Medios Audiovisuales, Radio y Televisi\u00f3n (CMART)\",\"Comunicaci\u00f3n\",\"Lic. en Comunicaci\u00f3n\",\"Lic. en Comunicaci\u00f3n\",\"Lic. en Comunicaci\u00f3n y Relaciones P\u00fablicas\",\"Lic. en Comunicaci\u00f3n y Relaciones P\u00fablicas\"],\"inLanguage\":\"es\",\"potentialAction\":[{\"@type\":\"CommentAction\",\"name\":\"Comment\",\"target\":[\"https:\\\/\\\/blogs.uninter.edu.mx\\\/ehli\\\/index.php\\\/2021\\\/10\\\/04\\\/invita-impajoven-a-participar-en-conferencias-para-fortalecer-habilidades-de-comunicacion\\\/#respond\"]}]},{\"@type\":\"WebPage\",\"@id\":\"https:\\\/\\\/blogs.uninter.edu.mx\\\/ehli\\\/index.php\\\/2021\\\/10\\\/04\\\/invita-impajoven-a-participar-en-conferencias-para-fortalecer-habilidades-de-comunicacion\\\/\",\"url\":\"https:\\\/\\\/blogs.uninter.edu.mx\\\/ehli\\\/index.php\\\/2021\\\/10\\\/04\\\/invita-impajoven-a-participar-en-conferencias-para-fortalecer-habilidades-de-comunicacion\\\/\",\"name\":\"Invita Impajoven a participar en conferencias para fortalecer habilidades de comunicaci\u00f3n - EHLI\",\"isPartOf\":{\"@id\":\"https:\\\/\\\/blogs.uninter.edu.mx\\\/ehli\\\/#website\"},\"primaryImageOfPage\":{\"@id\":\"https:\\\/\\\/blogs.uninter.edu.mx\\\/ehli\\\/index.php\\\/2021\\\/10\\\/04\\\/invita-impajoven-a-participar-en-conferencias-para-fortalecer-habilidades-de-comunicacion\\\/#primaryimage\"},\"image\":{\"@id\":\"https:\\\/\\\/blogs.uninter.edu.mx\\\/ehli\\\/index.php\\\/2021\\\/10\\\/04\\\/invita-impajoven-a-participar-en-conferencias-para-fortalecer-habilidades-de-comunicacion\\\/#primaryimage\"},\"thumbnailUrl\":\"https:\\\/\\\/blogs.uninter.edu.mx\\\/ehli\\\/wp-content\\\/uploads\\\/2021\\\/10\\\/Cartelera-Mujeres.jpeg\",\"datePublished\":\"2021-10-04T18:24:50+00:00\",\"dateModified\":\"2021-10-04T18:24:54+00:00\",\"author\":{\"@id\":\"https:\\\/\\\/blogs.uninter.edu.mx\\\/ehli\\\/#\\\/schema\\\/person\\\/f9426d100dd7db1b2a0be67166f80826\"},\"description\":\"Con el objetivo de promover herramientas de expresi\u00f3n, el Instituto Morelense de las Personas Adolescentes y J\u00f3venes (Impajoven) llama al sector poblacional de entre los 12 y 29 a\u00f1os a participar en \u201cMujeres comunicando\u201d, cartelera de ponencias digitales orientadas a la locuci\u00f3n, periodismo y creaci\u00f3n de contenidos a partir del pr\u00f3ximo 07 de octubre.\",\"breadcrumb\":{\"@id\":\"https:\\\/\\\/blogs.uninter.edu.mx\\\/ehli\\\/index.php\\\/2021\\\/10\\\/04\\\/invita-impajoven-a-participar-en-conferencias-para-fortalecer-habilidades-de-comunicacion\\\/#breadcrumb\"},\"inLanguage\":\"es\",\"potentialAction\":[{\"@type\":\"ReadAction\",\"target\":[\"https:\\\/\\\/blogs.uninter.edu.mx\\\/ehli\\\/index.php\\\/2021\\\/10\\\/04\\\/invita-impajoven-a-participar-en-conferencias-para-fortalecer-habilidades-de-comunicacion\\\/\"]}]},{\"@type\":\"ImageObject\",\"inLanguage\":\"es\",\"@id\":\"https:\\\/\\\/blogs.uninter.edu.mx\\\/ehli\\\/index.php\\\/2021\\\/10\\\/04\\\/invita-impajoven-a-participar-en-conferencias-para-fortalecer-habilidades-de-comunicacion\\\/#primaryimage\",\"url\":\"https:\\\/\\\/blogs.uninter.edu.mx\\\/ehli\\\/wp-content\\\/uploads\\\/2021\\\/10\\\/Cartelera-Mujeres.jpeg\",\"contentUrl\":\"https:\\\/\\\/blogs.uninter.edu.mx\\\/ehli\\\/wp-content\\\/uploads\\\/2021\\\/10\\\/Cartelera-Mujeres.jpeg\",\"width\":691,\"height\":1280},{\"@type\":\"BreadcrumbList\",\"@id\":\"https:\\\/\\\/blogs.uninter.edu.mx\\\/ehli\\\/index.php\\\/2021\\\/10\\\/04\\\/invita-impajoven-a-participar-en-conferencias-para-fortalecer-habilidades-de-comunicacion\\\/#breadcrumb\",\"itemListElement\":[{\"@type\":\"ListItem\",\"position\":1,\"name\":\"Inicio\",\"item\":\"https:\\\/\\\/blogs.uninter.edu.mx\\\/ehli\\\/\"},{\"@type\":\"ListItem\",\"position\":2,\"name\":\"Invita Impajoven a participar en conferencias para fortalecer habilidades de comunicaci\u00f3n\"}]},{\"@type\":\"WebSite\",\"@id\":\"https:\\\/\\\/blogs.uninter.edu.mx\\\/ehli\\\/#website\",\"url\":\"https:\\\/\\\/blogs.uninter.edu.mx\\\/ehli\\\/\",\"name\":\"EHLI\",\"description\":\"UNINTER\",\"potentialAction\":[{\"@type\":\"SearchAction\",\"target\":{\"@type\":\"EntryPoint\",\"urlTemplate\":\"https:\\\/\\\/blogs.uninter.edu.mx\\\/ehli\\\/?s={search_term_string}\"},\"query-input\":{\"@type\":\"PropertyValueSpecification\",\"valueRequired\":true,\"valueName\":\"search_term_string\"}}],\"inLanguage\":\"es\"},{\"@type\":\"Person\",\"@id\":\"https:\\\/\\\/blogs.uninter.edu.mx\\\/ehli\\\/#\\\/schema\\\/person\\\/f9426d100dd7db1b2a0be67166f80826\",\"name\":\"mocampo\",\"image\":{\"@type\":\"ImageObject\",\"inLanguage\":\"es\",\"@id\":\"https:\\\/\\\/secure.gravatar.com\\\/avatar\\\/486a87ae86777f2d04f69759eb0a12f435703bd96e4bccfcbe628cd8a4b836c9?s=96&d=mm&r=g\",\"url\":\"https:\\\/\\\/secure.gravatar.com\\\/avatar\\\/486a87ae86777f2d04f69759eb0a12f435703bd96e4bccfcbe628cd8a4b836c9?s=96&d=mm&r=g\",\"contentUrl\":\"https:\\\/\\\/secure.gravatar.com\\\/avatar\\\/486a87ae86777f2d04f69759eb0a12f435703bd96e4bccfcbe628cd8a4b836c9?s=96&d=mm&r=g\",\"caption\":\"mocampo\"},\"url\":\"https:\\\/\\\/blogs.uninter.edu.mx\\\/ehli\\\/index.php\\\/author\\\/mocampo\\\/\"}]}<\/script>\r\n<!-- \/ Yoast SEO plugin. -->","yoast_head_json":{"title":"Invita Impajoven a participar en conferencias para fortalecer habilidades de comunicaci\u00f3n - EHLI","description":"Con el objetivo de promover herramientas de expresi\u00f3n, el Instituto Morelense de las Personas Adolescentes y J\u00f3venes (Impajoven) llama al sector poblacional de entre los 12 y 29 a\u00f1os a participar en \u201cMujeres comunicando\u201d, cartelera de ponencias digitales orientadas a la locuci\u00f3n, periodismo y creaci\u00f3n de contenidos a partir del pr\u00f3ximo 07 de octubre.","robots":{"index":"index","follow":"follow","max-snippet":"max-snippet:-1","max-image-preview":"max-image-preview:large","max-video-preview":"max-video-preview:-1"},"canonical":"https:\/\/blogs.uninter.edu.mx\/ehli\/index.php\/2021\/10\/04\/invita-impajoven-a-participar-en-conferencias-para-fortalecer-habilidades-de-comunicacion\/","og_locale":"es_MX","og_type":"article","og_title":"Invita Impajoven a participar en conferencias para fortalecer habilidades de comunicaci\u00f3n - EHLI","og_description":"Con el objetivo de promover herramientas de expresi\u00f3n, el Instituto Morelense de las Personas Adolescentes y J\u00f3venes (Impajoven) llama al sector poblacional de entre los 12 y 29 a\u00f1os a participar en \u201cMujeres comunicando\u201d, cartelera de ponencias digitales orientadas a la locuci\u00f3n, periodismo y creaci\u00f3n de contenidos a partir del pr\u00f3ximo 07 de octubre.","og_url":"https:\/\/blogs.uninter.edu.mx\/ehli\/index.php\/2021\/10\/04\/invita-impajoven-a-participar-en-conferencias-para-fortalecer-habilidades-de-comunicacion\/","og_site_name":"EHLI","article_published_time":"2021-10-04T18:24:50+00:00","article_modified_time":"2021-10-04T18:24:54+00:00","og_image":[{"width":691,"height":1280,"url":"https:\/\/blogs.uninter.edu.mx\/ehli\/wp-content\/uploads\/2021\/10\/Cartelera-Mujeres.jpeg","type":"image\/jpeg"}],"author":"mocampo","twitter_card":"summary_large_image","twitter_misc":{"Escrito por":"mocampo","Tiempo de lectura":"2 minutos"},"schema":{"@context":"https:\/\/schema.org","@graph":[{"@type":"Article","@id":"https:\/\/blogs.uninter.edu.mx\/ehli\/index.php\/2021\/10\/04\/invita-impajoven-a-participar-en-conferencias-para-fortalecer-habilidades-de-comunicacion\/#article","isPartOf":{"@id":"https:\/\/blogs.uninter.edu.mx\/ehli\/index.php\/2021\/10\/04\/invita-impajoven-a-participar-en-conferencias-para-fortalecer-habilidades-de-comunicacion\/"},"author":{"name":"mocampo","@id":"https:\/\/blogs.uninter.edu.mx\/ehli\/#\/schema\/person\/f9426d100dd7db1b2a0be67166f80826"},"headline":"Invita Impajoven a participar en conferencias para fortalecer habilidades de comunicaci\u00f3n","datePublished":"2021-10-04T18:24:50+00:00","dateModified":"2021-10-04T18:24:54+00:00","mainEntityOfPage":{"@id":"https:\/\/blogs.uninter.edu.mx\/ehli\/index.php\/2021\/10\/04\/invita-impajoven-a-participar-en-conferencias-para-fortalecer-habilidades-de-comunicacion\/"},"wordCount":360,"commentCount":0,"image":{"@id":"https:\/\/blogs.uninter.edu.mx\/ehli\/index.php\/2021\/10\/04\/invita-impajoven-a-participar-en-conferencias-para-fortalecer-habilidades-de-comunicacion\/#primaryimage"},"thumbnailUrl":"https:\/\/blogs.uninter.edu.mx\/ehli\/wp-content\/uploads\/2021\/10\/Cartelera-Mujeres.jpeg","articleSection":["Centro de Medios Audiovisuales, Radio y Televisi\u00f3n (CMART)","Comunicaci\u00f3n","Lic. en Comunicaci\u00f3n","Lic. en Comunicaci\u00f3n","Lic. en Comunicaci\u00f3n y Relaciones P\u00fablicas","Lic. en Comunicaci\u00f3n y Relaciones P\u00fablicas"],"inLanguage":"es","potentialAction":[{"@type":"CommentAction","name":"Comment","target":["https:\/\/blogs.uninter.edu.mx\/ehli\/index.php\/2021\/10\/04\/invita-impajoven-a-participar-en-conferencias-para-fortalecer-habilidades-de-comunicacion\/#respond"]}]},{"@type":"WebPage","@id":"https:\/\/blogs.uninter.edu.mx\/ehli\/index.php\/2021\/10\/04\/invita-impajoven-a-participar-en-conferencias-para-fortalecer-habilidades-de-comunicacion\/","url":"https:\/\/blogs.uninter.edu.mx\/ehli\/index.php\/2021\/10\/04\/invita-impajoven-a-participar-en-conferencias-para-fortalecer-habilidades-de-comunicacion\/","name":"Invita Impajoven a participar en conferencias para fortalecer habilidades de comunicaci\u00f3n - EHLI","isPartOf":{"@id":"https:\/\/blogs.uninter.edu.mx\/ehli\/#website"},"primaryImageOfPage":{"@id":"https:\/\/blogs.uninter.edu.mx\/ehli\/index.php\/2021\/10\/04\/invita-impajoven-a-participar-en-conferencias-para-fortalecer-habilidades-de-comunicacion\/#primaryimage"},"image":{"@id":"https:\/\/blogs.uninter.edu.mx\/ehli\/index.php\/2021\/10\/04\/invita-impajoven-a-participar-en-conferencias-para-fortalecer-habilidades-de-comunicacion\/#primaryimage"},"thumbnailUrl":"https:\/\/blogs.uninter.edu.mx\/ehli\/wp-content\/uploads\/2021\/10\/Cartelera-Mujeres.jpeg","datePublished":"2021-10-04T18:24:50+00:00","dateModified":"2021-10-04T18:24:54+00:00","author":{"@id":"https:\/\/blogs.uninter.edu.mx\/ehli\/#\/schema\/person\/f9426d100dd7db1b2a0be67166f80826"},"description":"Con el objetivo de promover herramientas de expresi\u00f3n, el Instituto Morelense de las Personas Adolescentes y J\u00f3venes (Impajoven) llama al sector poblacional de entre los 12 y 29 a\u00f1os a participar en \u201cMujeres comunicando\u201d, cartelera de ponencias digitales orientadas a la locuci\u00f3n, periodismo y creaci\u00f3n de contenidos a partir del pr\u00f3ximo 07 de octubre.","breadcrumb":{"@id":"https:\/\/blogs.uninter.edu.mx\/ehli\/index.php\/2021\/10\/04\/invita-impajoven-a-participar-en-conferencias-para-fortalecer-habilidades-de-comunicacion\/#breadcrumb"},"inLanguage":"es","potentialAction":[{"@type":"ReadAction","target":["https:\/\/blogs.uninter.edu.mx\/ehli\/index.php\/2021\/10\/04\/invita-impajoven-a-participar-en-conferencias-para-fortalecer-habilidades-de-comunicacion\/"]}]},{"@type":"ImageObject","inLanguage":"es","@id":"https:\/\/blogs.uninter.edu.mx\/ehli\/index.php\/2021\/10\/04\/invita-impajoven-a-participar-en-conferencias-para-fortalecer-habilidades-de-comunicacion\/#primaryimage","url":"https:\/\/blogs.uninter.edu.mx\/ehli\/wp-content\/uploads\/2021\/10\/Cartelera-Mujeres.jpeg","contentUrl":"https:\/\/blogs.uninter.edu.mx\/ehli\/wp-content\/uploads\/2021\/10\/Cartelera-Mujeres.jpeg","width":691,"height":1280},{"@type":"BreadcrumbList","@id":"https:\/\/blogs.uninter.edu.mx\/ehli\/index.php\/2021\/10\/04\/invita-impajoven-a-participar-en-conferencias-para-fortalecer-habilidades-de-comunicacion\/#breadcrumb","itemListElement":[{"@type":"ListItem","position":1,"name":"Inicio","item":"https:\/\/blogs.uninter.edu.mx\/ehli\/"},{"@type":"ListItem","position":2,"name":"Invita Impajoven a participar en conferencias para fortalecer habilidades de comunicaci\u00f3n"}]},{"@type":"WebSite","@id":"https:\/\/blogs.uninter.edu.mx\/ehli\/#website","url":"https:\/\/blogs.uninter.edu.mx\/ehli\/","name":"EHLI","description":"UNINTER","potentialAction":[{"@type":"SearchAction","target":{"@type":"EntryPoint","urlTemplate":"https:\/\/blogs.uninter.edu.mx\/ehli\/?s={search_term_string}"},"query-input":{"@type":"PropertyValueSpecification","valueRequired":true,"valueName":"search_term_string"}}],"inLanguage":"es"},{"@type":"Person","@id":"https:\/\/blogs.uninter.edu.mx\/ehli\/#\/schema\/person\/f9426d100dd7db1b2a0be67166f80826","name":"mocampo","image":{"@type":"ImageObject","inLanguage":"es","@id":"https:\/\/secure.gravatar.com\/avatar\/486a87ae86777f2d04f69759eb0a12f435703bd96e4bccfcbe628cd8a4b836c9?s=96&d=mm&r=g","url":"https:\/\/secure.gravatar.com\/avatar\/486a87ae86777f2d04f69759eb0a12f435703bd96e4bccfcbe628cd8a4b836c9?s=96&d=mm&r=g","contentUrl":"https:\/\/secure.gravatar.com\/avatar\/486a87ae86777f2d04f69759eb0a12f435703bd96e4bccfcbe628cd8a4b836c9?s=96&d=mm&r=g","caption":"mocampo"},"url":"https:\/\/blogs.uninter.edu.mx\/ehli\/index.php\/author\/mocampo\/"}]}},"jetpack_featured_media_url":"https:\/\/blogs.uninter.edu.mx\/ehli\/wp-content\/uploads\/2021\/10\/Cartelera-Mujeres.jpeg","_links":{"self":[{"href":"https:\/\/blogs.uninter.edu.mx\/ehli\/index.php\/wp-json\/wp\/v2\/posts\/5703","targetHints":{"allow":["GET"]}}],"collection":[{"href":"https:\/\/blogs.uninter.edu.mx\/ehli\/index.php\/wp-json\/wp\/v2\/posts"}],"about":[{"href":"https:\/\/blogs.uninter.edu.mx\/ehli\/index.php\/wp-json\/wp\/v2\/types\/post"}],"author":[{"embeddable":true,"href":"https:\/\/blogs.uninter.edu.mx\/ehli\/index.php\/wp-json\/wp\/v2\/users\/28"}],"replies":[{"embeddable":true,"href":"https:\/\/blogs.uninter.edu.mx\/ehli\/index.php\/wp-json\/wp\/v2\/comments?post=5703"}],"version-history":[{"count":1,"href":"https:\/\/blogs.uninter.edu.mx\/ehli\/index.php\/wp-json\/wp\/v2\/posts\/5703\/revisions"}],"predecessor-version":[{"id":5705,"href":"https:\/\/blogs.uninter.edu.mx\/ehli\/index.php\/wp-json\/wp\/v2\/posts\/5703\/revisions\/5705"}],"wp:featuredmedia":[{"embeddable":true,"href":"https:\/\/blogs.uninter.edu.mx\/ehli\/index.php\/wp-json\/wp\/v2\/media\/5704"}],"wp:attachment":[{"href":"https:\/\/blogs.uninter.edu.mx\/ehli\/index.php\/wp-json\/wp\/v2\/media?parent=5703"}],"wp:term":[{"taxonomy":"category","embeddable":true,"href":"https:\/\/blogs.uninter.edu.mx\/ehli\/index.php\/wp-json\/wp\/v2\/categories?post=5703"},{"taxonomy":"post_tag","embeddable":true,"href":"https:\/\/blogs.uninter.edu.mx\/ehli\/index.php\/wp-json\/wp\/v2\/tags?post=5703"}],"curies":[{"name":"wp","href":"https:\/\/api.w.org\/{rel}","templated":true}]}}