{"id":6538,"date":"2022-06-03T16:06:59","date_gmt":"2022-06-03T16:06:59","guid":{"rendered":"https:\/\/blogs.uninter.edu.mx\/ehli\/?p=6538"},"modified":"2022-06-03T16:07:04","modified_gmt":"2022-06-03T16:07:04","slug":"5-poemas-que-se-convirtieron-en-canciones-letras-ehli","status":"publish","type":"post","link":"https:\/\/blogs.uninter.edu.mx\/ehli\/index.php\/2022\/06\/03\/5-poemas-que-se-convirtieron-en-canciones-letras-ehli\/","title":{"rendered":"5 poemas que se convirtieron en canciones &#8211; #Letras, #EHLI"},"content":{"rendered":"\n<p>La EHLI- Letras les presenta esta semana el siguiente art\u00edculo: 5 poemas que se convirtieron en canciones.<\/p>\n\n\n\n<p>Nos habla de la relaci\u00f3n que existe entre la poes\u00eda y la m\u00fasica, el texto de este tipo de poemas que generalmente profundiza sobre alg\u00fan tema, y que nos invita a pensar y divagar sobre la vida mientras nos dejamos llevar por la m\u00fasica o nos recuerda alguna vivencia.<\/p>\n\n\n\n<p>El arte es creaci\u00f3n, pero tambi\u00e9n es apropiaci\u00f3n: cita, intertextualidad, mezcla, collage, pastiche, recontextualizaci\u00f3n. A lo largo de la historia, muchos m\u00fasicos tomaron las palabras de otros y las hicieron propias al darle una nueva melod\u00eda, un nuevo ritmo, un nuevo contexto. El intercambio entre literatura y m\u00fasica es, tal vez, uno de los puentes m\u00e1s libres y productivos de la historia.<\/p>\n\n\n\n<p class=\"has-text-align-center\">Aqu\u00ed cinco canciones que permiten abordar en clase las fronteras porosas del arte:<\/p>\n\n\n\n<h2 class=\"wp-block-heading\">1. <strong>Antonio Machado \/ Joan Manuel Serrat: \u201cCantares\u201d<\/strong><\/h2>\n\n\n\n<div class=\"wp-block-image\"><figure class=\"aligncenter is-resized\"><img loading=\"lazy\" decoding=\"async\" src=\"https:\/\/cloudfront-us-east-1.images.arcpublishing.com\/infobae\/MCWPBXOIDZGBNF55TPEFURMQMI.jpg\" alt=\"El cantautor Joan Manuel Serrat participa en un homenaje al escritor uruguayo Mario Benedetti. EFE\/ Kiko Huesca\n\" width=\"426\" height=\"284\"\/><figcaption>El cantautor Joan Manuel Serrat participa en un homenaje al escritor uruguayo Mario Benedetti. <em>EFE\/ Kiko Huesca<\/em><\/figcaption><\/figure><\/div>\n\n\n\n<p>El disco \u201cDedicado a Antonio Machado, poeta\u201d (1969) es un cl\u00e1sico del m\u00fasico catal\u00e1n. Esta canci\u00f3n se compone de varios poemas que forman un universo perfecto. Hace unos meses, adem\u00e1s, Serrat public\u00f3 un libro homenaje a Mario Benedetti: \u201cel poeta que vio en la canci\u00f3n un arte\u201d.<\/p>\n\n\n\n<p><\/p>\n\n\n\n<h2 class=\"wp-block-heading\">2. <strong>Mario Benedetti \/ Sandra Mihanovich + Celeste Carballo: \u201cTe quiero\u201d<\/strong><\/h2>\n\n\n\n<div class=\"wp-block-image\"><figure class=\"aligncenter is-resized\"><img loading=\"lazy\" decoding=\"async\" src=\"https:\/\/cloudfront-us-east-1.images.arcpublishing.com\/infobae\/JVGRMYPZMVCTZFP54MY2IEZZVI.jpg\" alt=\"Sandra Mihanovich\" width=\"473\" height=\"315\"\/><figcaption> Sandra Mihanovich <\/figcaption><\/figure><\/div>\n\n\n\n<p>Cuando Benedetti escribi\u00f3 este famoso poema \u2014que hasta aparece recitado por \u00e9l mismo en alem\u00e1n en\u00a0<em>El lado oscuro del coraz\u00f3n<\/em>, de Subiela\u2014, pensaba sobre todo en la imagen de una rebeld\u00eda pol\u00edtica. Pero la literatura tiene la potencia de abrir nuevos modos de interpretaci\u00f3n y en lo que hoy es un cl\u00e1sico del rock nacional, Sandra Mihanovich y Celeste Carballo, sin cambiar una palabra, reinterpretaron el poema en clave de g\u00e9nero.<\/p>\n\n\n\n<h2 class=\"wp-block-heading\">3. <strong>Jorge Luis Borges \/ Astor Piazzola: \u201cMilonga de Jacinto Chiclana\u201d<\/strong><\/h2>\n\n\n\n<div class=\"wp-block-image\"><figure class=\"aligncenter is-resized\"><img loading=\"lazy\" decoding=\"async\" src=\"https:\/\/arc-anglerfish-arc2-prod-infobae.s3.amazonaws.com\/public\/3AO6MA2PV5BTPGNMM6KHFZQQ6E\" alt=\"Borges y Piazzolla junto a Edmundo Rivero\" width=\"423\" height=\"237\"\/><figcaption> Borges y Piazzolla junto a Edmundo Rivero <\/figcaption><\/figure><\/div>\n\n\n\n<p>A priori, pensar la reuni\u00f3n de dos grandes genios \u2014nunca mejor utilizada la palabra\u2014 anticipa un hecho art\u00edstico de grandes proporciones. Y eso es el disco que Piazzolla hizo a partir de la poes\u00eda de Borges. La relaci\u00f3n entre ellos no qued\u00f3 bien, pero la manera en que la m\u00fasica le da una nueva vida a una poes\u00eda vibrante es, de por s\u00ed, algo maravilloso.<\/p>\n\n\n\n<h2 class=\"wp-block-heading\">4. <strong>Pablo Neruda \/ Julieta Venegas: \u201cA callarse\u201d<\/strong><\/h2>\n\n\n\n<div class=\"wp-block-image\"><figure class=\"aligncenter is-resized\"><img loading=\"lazy\" decoding=\"async\" src=\"https:\/\/cloudfront-us-east-1.images.arcpublishing.com\/infobae\/4TP3NF3ZLVC25ERJM2U7SA5CDY.jpg\" alt=\"Julieta Venegas\" width=\"439\" height=\"293\"\/><figcaption> Julieta Venegas <\/figcaption><\/figure><\/div>\n\n\n\n<p>En la d\u00e9cada del 50, Borges escribi\u00f3 el famoso ensayo \u201cEl escritor argentino y la tradici\u00f3n\u201d en el que dec\u00eda que nada le imped\u00eda a un escritor de un pa\u00eds perif\u00e9rico considerar como propia los cl\u00e1sicos de la literatura occidental. Ese ensayo abri\u00f3 las puertas a que la literatura y todas las artes circulen por fuera de los \u00e1mbitos nacionales, y varias d\u00e9cadas despu\u00e9s una cantante mexicana le pone m\u00fasica y voz al poema de un chileno. La canci\u00f3n est\u00e1 en un disco en el que tambi\u00e9n participan Jorge Drexler, Ana Bel\u00e9n, Pedro Guerra, Miguel Boss\u00e9, Adriana Varela y m\u00e1s.<\/p>\n\n\n\n<h2 class=\"wp-block-heading\">5. <strong>Ra\u00fal Zurita \/ Gonz\u00e1lez y los Asistentes<\/strong><\/h2>\n\n\n\n<div class=\"wp-block-image\"><figure class=\"aligncenter\"><img decoding=\"async\" src=\"https:\/\/cloudfront-us-east-1.images.arcpublishing.com\/infobae\/B7E5V7HZ35A3LB4SMVG7EKX5RY.jpg\" alt=\"El poeta chileno Ra\u00fal Zurita\"\/><figcaption> El poeta chileno Ra\u00fal Zurita <\/figcaption><\/figure><\/div>\n\n\n\n<p>Y si hablamos de poetas chilenos, Ra\u00fal Zurita es uno de los m\u00e1s ic\u00f3nicos de la actualidad. Cada poema y su interpretaci\u00f3n eriza la piel. Moderno, creativo y sumamente joven a los 71 a\u00f1os, sigue escribiendo y pensando e interviniendo en la literatura. Ra\u00fal Zurita suele hacer lecturas y performances junto al grupo de rock Gonz\u00e1lez y los Asistentes: una gran manera de entender c\u00f3mo el arte nunca hace un trayecto recto, sino que avanza a partir de las influencias y los intercambios de los dem\u00e1s.<\/p>\n\n\n\n<p><strong>Referencias:<\/strong><\/p>\n\n\n\n<ul class=\"wp-block-list\"><li><a href=\"https:\/\/www.infobae.com\/educacion\/2021\/05\/10\/5-poemas-que-se-convirtieron-en-canciones\/\">&#8220;5 poemas que se convirtieron en canciones&#8221;<\/a> en \u201cInfobae\u201d.<\/li><\/ul>\n\n\n\n<p>\u00danete a nuestra comunidad UNINTER y s\u00edguenos en las redes sociales:<\/p>\n\n\n\n<p><a href=\"https:\/\/www.facebook.com\/uninteredu\">Facebook<\/a><br><a href=\"https:\/\/www.facebook.com\/unintereduhttps:\/www.instagram.com\/uninter_cuerna\/https:\/universidad.uninter.edu.mx\/\">Instagram<\/a><br><a href=\"https:\/\/www.facebook.com\/unintereduhttps:\/www.instagram.com\/uninter_cuerna\/https:\/universidad.uninter.edu.mx\/\">Enlace de la universidad<\/a><\/p>\n","protected":false},"excerpt":{"rendered":"<p>La EHLI- Letras les presenta esta semana el siguiente art\u00edculo: 5 poemas que se convirtieron en canciones. Nos habla de la relaci\u00f3n que existe entre la poes\u00eda y la m\u00fasica, el texto de este tipo de poemas que generalmente profundiza sobre alg\u00fan tema, y que nos invita a pensar y divagar sobre la vida mientras&hellip;<\/p>\n","protected":false},"author":13,"featured_media":6539,"comment_status":"open","ping_status":"open","sticky":false,"template":"","format":"standard","meta":{"rop_custom_images_group":[],"rop_custom_messages_group":[],"rop_publish_now":"initial","rop_publish_now_accounts":[],"rop_publish_now_history":[],"rop_publish_now_status":"pending","footnotes":""},"categories":[308,137,11],"tags":[],"class_list":["post-6538","post","type-post","status-publish","format-standard","has-post-thumbnail","hentry","category-letras","category-lic-en-ensenanza-del-espanol-y-literatura","category-lid"],"yoast_head":"<!-- This site is optimized with the Yoast SEO plugin v27.4 - https:\/\/yoast.com\/product\/yoast-seo-wordpress\/ -->\r\n<title>5 poemas que se convirtieron en canciones - #Letras, #EHLI - EHLI<\/title>\r\n<meta name=\"robots\" content=\"index, follow, max-snippet:-1, max-image-preview:large, max-video-preview:-1\" \/>\r\n<link rel=\"canonical\" href=\"https:\/\/blogs.uninter.edu.mx\/ehli\/index.php\/2022\/06\/03\/5-poemas-que-se-convirtieron-en-canciones-letras-ehli\/\" \/>\r\n<meta property=\"og:locale\" content=\"es_MX\" \/>\r\n<meta property=\"og:type\" content=\"article\" \/>\r\n<meta property=\"og:title\" content=\"5 poemas que se convirtieron en canciones - #Letras, #EHLI - EHLI\" \/>\r\n<meta property=\"og:description\" content=\"La EHLI- Letras les presenta esta semana el siguiente art\u00edculo: 5 poemas que se convirtieron en canciones. Nos habla de la relaci\u00f3n que existe entre la poes\u00eda y la m\u00fasica, el texto de este tipo de poemas que generalmente profundiza sobre alg\u00fan tema, y que nos invita a pensar y divagar sobre la vida mientras&hellip;\" \/>\r\n<meta property=\"og:url\" content=\"https:\/\/blogs.uninter.edu.mx\/ehli\/index.php\/2022\/06\/03\/5-poemas-que-se-convirtieron-en-canciones-letras-ehli\/\" \/>\r\n<meta property=\"og:site_name\" content=\"EHLI\" \/>\r\n<meta property=\"article:published_time\" content=\"2022-06-03T16:06:59+00:00\" \/>\r\n<meta property=\"article:modified_time\" content=\"2022-06-03T16:07:04+00:00\" \/>\r\n<meta property=\"og:image\" content=\"https:\/\/blogs.uninter.edu.mx\/ehli\/wp-content\/uploads\/2022\/06\/Poesia_Elegia.jpg\" \/>\r\n\t<meta property=\"og:image:width\" content=\"720\" \/>\r\n\t<meta property=\"og:image:height\" content=\"408\" \/>\r\n\t<meta property=\"og:image:type\" content=\"image\/jpeg\" \/>\r\n<meta name=\"author\" content=\"Liubov L\u00e1nkina\" \/>\r\n<meta name=\"twitter:card\" content=\"summary_large_image\" \/>\r\n<meta name=\"twitter:label1\" content=\"Escrito por\" \/>\n\t<meta name=\"twitter:data1\" content=\"Liubov L\u00e1nkina\" \/>\n\t<meta name=\"twitter:label2\" content=\"Tiempo de lectura\" \/>\n\t<meta name=\"twitter:data2\" content=\"4 minutos\" \/>\r\n<script type=\"application\/ld+json\" class=\"yoast-schema-graph\">{\"@context\":\"https:\\\/\\\/schema.org\",\"@graph\":[{\"@type\":\"Article\",\"@id\":\"https:\\\/\\\/blogs.uninter.edu.mx\\\/ehli\\\/index.php\\\/2022\\\/06\\\/03\\\/5-poemas-que-se-convirtieron-en-canciones-letras-ehli\\\/#article\",\"isPartOf\":{\"@id\":\"https:\\\/\\\/blogs.uninter.edu.mx\\\/ehli\\\/index.php\\\/2022\\\/06\\\/03\\\/5-poemas-que-se-convirtieron-en-canciones-letras-ehli\\\/\"},\"author\":{\"name\":\"Liubov L\u00e1nkina\",\"@id\":\"https:\\\/\\\/blogs.uninter.edu.mx\\\/ehli\\\/#\\\/schema\\\/person\\\/4ff7a88907f3f54b516c108ed185f690\"},\"headline\":\"5 poemas que se convirtieron en canciones &#8211; #Letras, #EHLI\",\"datePublished\":\"2022-06-03T16:06:59+00:00\",\"dateModified\":\"2022-06-03T16:07:04+00:00\",\"mainEntityOfPage\":{\"@id\":\"https:\\\/\\\/blogs.uninter.edu.mx\\\/ehli\\\/index.php\\\/2022\\\/06\\\/03\\\/5-poemas-que-se-convirtieron-en-canciones-letras-ehli\\\/\"},\"wordCount\":670,\"commentCount\":0,\"image\":{\"@id\":\"https:\\\/\\\/blogs.uninter.edu.mx\\\/ehli\\\/index.php\\\/2022\\\/06\\\/03\\\/5-poemas-que-se-convirtieron-en-canciones-letras-ehli\\\/#primaryimage\"},\"thumbnailUrl\":\"https:\\\/\\\/blogs.uninter.edu.mx\\\/ehli\\\/wp-content\\\/uploads\\\/2022\\\/06\\\/Poesia_Elegia.jpg\",\"articleSection\":[\"Letras\",\"Lic. en Ense\u00f1anza del Espa\u00f1ol y Literatura\",\"Lic. en Idiomas\"],\"inLanguage\":\"es\",\"potentialAction\":[{\"@type\":\"CommentAction\",\"name\":\"Comment\",\"target\":[\"https:\\\/\\\/blogs.uninter.edu.mx\\\/ehli\\\/index.php\\\/2022\\\/06\\\/03\\\/5-poemas-que-se-convirtieron-en-canciones-letras-ehli\\\/#respond\"]}]},{\"@type\":\"WebPage\",\"@id\":\"https:\\\/\\\/blogs.uninter.edu.mx\\\/ehli\\\/index.php\\\/2022\\\/06\\\/03\\\/5-poemas-que-se-convirtieron-en-canciones-letras-ehli\\\/\",\"url\":\"https:\\\/\\\/blogs.uninter.edu.mx\\\/ehli\\\/index.php\\\/2022\\\/06\\\/03\\\/5-poemas-que-se-convirtieron-en-canciones-letras-ehli\\\/\",\"name\":\"5 poemas que se convirtieron en canciones - #Letras, #EHLI - EHLI\",\"isPartOf\":{\"@id\":\"https:\\\/\\\/blogs.uninter.edu.mx\\\/ehli\\\/#website\"},\"primaryImageOfPage\":{\"@id\":\"https:\\\/\\\/blogs.uninter.edu.mx\\\/ehli\\\/index.php\\\/2022\\\/06\\\/03\\\/5-poemas-que-se-convirtieron-en-canciones-letras-ehli\\\/#primaryimage\"},\"image\":{\"@id\":\"https:\\\/\\\/blogs.uninter.edu.mx\\\/ehli\\\/index.php\\\/2022\\\/06\\\/03\\\/5-poemas-que-se-convirtieron-en-canciones-letras-ehli\\\/#primaryimage\"},\"thumbnailUrl\":\"https:\\\/\\\/blogs.uninter.edu.mx\\\/ehli\\\/wp-content\\\/uploads\\\/2022\\\/06\\\/Poesia_Elegia.jpg\",\"datePublished\":\"2022-06-03T16:06:59+00:00\",\"dateModified\":\"2022-06-03T16:07:04+00:00\",\"author\":{\"@id\":\"https:\\\/\\\/blogs.uninter.edu.mx\\\/ehli\\\/#\\\/schema\\\/person\\\/4ff7a88907f3f54b516c108ed185f690\"},\"breadcrumb\":{\"@id\":\"https:\\\/\\\/blogs.uninter.edu.mx\\\/ehli\\\/index.php\\\/2022\\\/06\\\/03\\\/5-poemas-que-se-convirtieron-en-canciones-letras-ehli\\\/#breadcrumb\"},\"inLanguage\":\"es\",\"potentialAction\":[{\"@type\":\"ReadAction\",\"target\":[\"https:\\\/\\\/blogs.uninter.edu.mx\\\/ehli\\\/index.php\\\/2022\\\/06\\\/03\\\/5-poemas-que-se-convirtieron-en-canciones-letras-ehli\\\/\"]}]},{\"@type\":\"ImageObject\",\"inLanguage\":\"es\",\"@id\":\"https:\\\/\\\/blogs.uninter.edu.mx\\\/ehli\\\/index.php\\\/2022\\\/06\\\/03\\\/5-poemas-que-se-convirtieron-en-canciones-letras-ehli\\\/#primaryimage\",\"url\":\"https:\\\/\\\/blogs.uninter.edu.mx\\\/ehli\\\/wp-content\\\/uploads\\\/2022\\\/06\\\/Poesia_Elegia.jpg\",\"contentUrl\":\"https:\\\/\\\/blogs.uninter.edu.mx\\\/ehli\\\/wp-content\\\/uploads\\\/2022\\\/06\\\/Poesia_Elegia.jpg\",\"width\":720,\"height\":408},{\"@type\":\"BreadcrumbList\",\"@id\":\"https:\\\/\\\/blogs.uninter.edu.mx\\\/ehli\\\/index.php\\\/2022\\\/06\\\/03\\\/5-poemas-que-se-convirtieron-en-canciones-letras-ehli\\\/#breadcrumb\",\"itemListElement\":[{\"@type\":\"ListItem\",\"position\":1,\"name\":\"Inicio\",\"item\":\"https:\\\/\\\/blogs.uninter.edu.mx\\\/ehli\\\/\"},{\"@type\":\"ListItem\",\"position\":2,\"name\":\"5 poemas que se convirtieron en canciones &#8211; #Letras, #EHLI\"}]},{\"@type\":\"WebSite\",\"@id\":\"https:\\\/\\\/blogs.uninter.edu.mx\\\/ehli\\\/#website\",\"url\":\"https:\\\/\\\/blogs.uninter.edu.mx\\\/ehli\\\/\",\"name\":\"EHLI\",\"description\":\"UNINTER\",\"potentialAction\":[{\"@type\":\"SearchAction\",\"target\":{\"@type\":\"EntryPoint\",\"urlTemplate\":\"https:\\\/\\\/blogs.uninter.edu.mx\\\/ehli\\\/?s={search_term_string}\"},\"query-input\":{\"@type\":\"PropertyValueSpecification\",\"valueRequired\":true,\"valueName\":\"search_term_string\"}}],\"inLanguage\":\"es\"},{\"@type\":\"Person\",\"@id\":\"https:\\\/\\\/blogs.uninter.edu.mx\\\/ehli\\\/#\\\/schema\\\/person\\\/4ff7a88907f3f54b516c108ed185f690\",\"name\":\"Liubov L\u00e1nkina\",\"image\":{\"@type\":\"ImageObject\",\"inLanguage\":\"es\",\"@id\":\"https:\\\/\\\/secure.gravatar.com\\\/avatar\\\/6be236a63edd186d171d7b2d316574349b4c140000a1d3af21c61da639d88d95?s=96&d=mm&r=g\",\"url\":\"https:\\\/\\\/secure.gravatar.com\\\/avatar\\\/6be236a63edd186d171d7b2d316574349b4c140000a1d3af21c61da639d88d95?s=96&d=mm&r=g\",\"contentUrl\":\"https:\\\/\\\/secure.gravatar.com\\\/avatar\\\/6be236a63edd186d171d7b2d316574349b4c140000a1d3af21c61da639d88d95?s=96&d=mm&r=g\",\"caption\":\"Liubov L\u00e1nkina\"},\"url\":\"https:\\\/\\\/blogs.uninter.edu.mx\\\/ehli\\\/index.php\\\/author\\\/liubalankina\\\/\"}]}<\/script>\r\n<!-- \/ Yoast SEO plugin. -->","yoast_head_json":{"title":"5 poemas que se convirtieron en canciones - #Letras, #EHLI - EHLI","robots":{"index":"index","follow":"follow","max-snippet":"max-snippet:-1","max-image-preview":"max-image-preview:large","max-video-preview":"max-video-preview:-1"},"canonical":"https:\/\/blogs.uninter.edu.mx\/ehli\/index.php\/2022\/06\/03\/5-poemas-que-se-convirtieron-en-canciones-letras-ehli\/","og_locale":"es_MX","og_type":"article","og_title":"5 poemas que se convirtieron en canciones - #Letras, #EHLI - EHLI","og_description":"La EHLI- Letras les presenta esta semana el siguiente art\u00edculo: 5 poemas que se convirtieron en canciones. Nos habla de la relaci\u00f3n que existe entre la poes\u00eda y la m\u00fasica, el texto de este tipo de poemas que generalmente profundiza sobre alg\u00fan tema, y que nos invita a pensar y divagar sobre la vida mientras&hellip;","og_url":"https:\/\/blogs.uninter.edu.mx\/ehli\/index.php\/2022\/06\/03\/5-poemas-que-se-convirtieron-en-canciones-letras-ehli\/","og_site_name":"EHLI","article_published_time":"2022-06-03T16:06:59+00:00","article_modified_time":"2022-06-03T16:07:04+00:00","og_image":[{"width":720,"height":408,"url":"https:\/\/blogs.uninter.edu.mx\/ehli\/wp-content\/uploads\/2022\/06\/Poesia_Elegia.jpg","type":"image\/jpeg"}],"author":"Liubov L\u00e1nkina","twitter_card":"summary_large_image","twitter_misc":{"Escrito por":"Liubov L\u00e1nkina","Tiempo de lectura":"4 minutos"},"schema":{"@context":"https:\/\/schema.org","@graph":[{"@type":"Article","@id":"https:\/\/blogs.uninter.edu.mx\/ehli\/index.php\/2022\/06\/03\/5-poemas-que-se-convirtieron-en-canciones-letras-ehli\/#article","isPartOf":{"@id":"https:\/\/blogs.uninter.edu.mx\/ehli\/index.php\/2022\/06\/03\/5-poemas-que-se-convirtieron-en-canciones-letras-ehli\/"},"author":{"name":"Liubov L\u00e1nkina","@id":"https:\/\/blogs.uninter.edu.mx\/ehli\/#\/schema\/person\/4ff7a88907f3f54b516c108ed185f690"},"headline":"5 poemas que se convirtieron en canciones &#8211; #Letras, #EHLI","datePublished":"2022-06-03T16:06:59+00:00","dateModified":"2022-06-03T16:07:04+00:00","mainEntityOfPage":{"@id":"https:\/\/blogs.uninter.edu.mx\/ehli\/index.php\/2022\/06\/03\/5-poemas-que-se-convirtieron-en-canciones-letras-ehli\/"},"wordCount":670,"commentCount":0,"image":{"@id":"https:\/\/blogs.uninter.edu.mx\/ehli\/index.php\/2022\/06\/03\/5-poemas-que-se-convirtieron-en-canciones-letras-ehli\/#primaryimage"},"thumbnailUrl":"https:\/\/blogs.uninter.edu.mx\/ehli\/wp-content\/uploads\/2022\/06\/Poesia_Elegia.jpg","articleSection":["Letras","Lic. en Ense\u00f1anza del Espa\u00f1ol y Literatura","Lic. en Idiomas"],"inLanguage":"es","potentialAction":[{"@type":"CommentAction","name":"Comment","target":["https:\/\/blogs.uninter.edu.mx\/ehli\/index.php\/2022\/06\/03\/5-poemas-que-se-convirtieron-en-canciones-letras-ehli\/#respond"]}]},{"@type":"WebPage","@id":"https:\/\/blogs.uninter.edu.mx\/ehli\/index.php\/2022\/06\/03\/5-poemas-que-se-convirtieron-en-canciones-letras-ehli\/","url":"https:\/\/blogs.uninter.edu.mx\/ehli\/index.php\/2022\/06\/03\/5-poemas-que-se-convirtieron-en-canciones-letras-ehli\/","name":"5 poemas que se convirtieron en canciones - #Letras, #EHLI - EHLI","isPartOf":{"@id":"https:\/\/blogs.uninter.edu.mx\/ehli\/#website"},"primaryImageOfPage":{"@id":"https:\/\/blogs.uninter.edu.mx\/ehli\/index.php\/2022\/06\/03\/5-poemas-que-se-convirtieron-en-canciones-letras-ehli\/#primaryimage"},"image":{"@id":"https:\/\/blogs.uninter.edu.mx\/ehli\/index.php\/2022\/06\/03\/5-poemas-que-se-convirtieron-en-canciones-letras-ehli\/#primaryimage"},"thumbnailUrl":"https:\/\/blogs.uninter.edu.mx\/ehli\/wp-content\/uploads\/2022\/06\/Poesia_Elegia.jpg","datePublished":"2022-06-03T16:06:59+00:00","dateModified":"2022-06-03T16:07:04+00:00","author":{"@id":"https:\/\/blogs.uninter.edu.mx\/ehli\/#\/schema\/person\/4ff7a88907f3f54b516c108ed185f690"},"breadcrumb":{"@id":"https:\/\/blogs.uninter.edu.mx\/ehli\/index.php\/2022\/06\/03\/5-poemas-que-se-convirtieron-en-canciones-letras-ehli\/#breadcrumb"},"inLanguage":"es","potentialAction":[{"@type":"ReadAction","target":["https:\/\/blogs.uninter.edu.mx\/ehli\/index.php\/2022\/06\/03\/5-poemas-que-se-convirtieron-en-canciones-letras-ehli\/"]}]},{"@type":"ImageObject","inLanguage":"es","@id":"https:\/\/blogs.uninter.edu.mx\/ehli\/index.php\/2022\/06\/03\/5-poemas-que-se-convirtieron-en-canciones-letras-ehli\/#primaryimage","url":"https:\/\/blogs.uninter.edu.mx\/ehli\/wp-content\/uploads\/2022\/06\/Poesia_Elegia.jpg","contentUrl":"https:\/\/blogs.uninter.edu.mx\/ehli\/wp-content\/uploads\/2022\/06\/Poesia_Elegia.jpg","width":720,"height":408},{"@type":"BreadcrumbList","@id":"https:\/\/blogs.uninter.edu.mx\/ehli\/index.php\/2022\/06\/03\/5-poemas-que-se-convirtieron-en-canciones-letras-ehli\/#breadcrumb","itemListElement":[{"@type":"ListItem","position":1,"name":"Inicio","item":"https:\/\/blogs.uninter.edu.mx\/ehli\/"},{"@type":"ListItem","position":2,"name":"5 poemas que se convirtieron en canciones &#8211; #Letras, #EHLI"}]},{"@type":"WebSite","@id":"https:\/\/blogs.uninter.edu.mx\/ehli\/#website","url":"https:\/\/blogs.uninter.edu.mx\/ehli\/","name":"EHLI","description":"UNINTER","potentialAction":[{"@type":"SearchAction","target":{"@type":"EntryPoint","urlTemplate":"https:\/\/blogs.uninter.edu.mx\/ehli\/?s={search_term_string}"},"query-input":{"@type":"PropertyValueSpecification","valueRequired":true,"valueName":"search_term_string"}}],"inLanguage":"es"},{"@type":"Person","@id":"https:\/\/blogs.uninter.edu.mx\/ehli\/#\/schema\/person\/4ff7a88907f3f54b516c108ed185f690","name":"Liubov L\u00e1nkina","image":{"@type":"ImageObject","inLanguage":"es","@id":"https:\/\/secure.gravatar.com\/avatar\/6be236a63edd186d171d7b2d316574349b4c140000a1d3af21c61da639d88d95?s=96&d=mm&r=g","url":"https:\/\/secure.gravatar.com\/avatar\/6be236a63edd186d171d7b2d316574349b4c140000a1d3af21c61da639d88d95?s=96&d=mm&r=g","contentUrl":"https:\/\/secure.gravatar.com\/avatar\/6be236a63edd186d171d7b2d316574349b4c140000a1d3af21c61da639d88d95?s=96&d=mm&r=g","caption":"Liubov L\u00e1nkina"},"url":"https:\/\/blogs.uninter.edu.mx\/ehli\/index.php\/author\/liubalankina\/"}]}},"jetpack_featured_media_url":"https:\/\/blogs.uninter.edu.mx\/ehli\/wp-content\/uploads\/2022\/06\/Poesia_Elegia.jpg","_links":{"self":[{"href":"https:\/\/blogs.uninter.edu.mx\/ehli\/index.php\/wp-json\/wp\/v2\/posts\/6538","targetHints":{"allow":["GET"]}}],"collection":[{"href":"https:\/\/blogs.uninter.edu.mx\/ehli\/index.php\/wp-json\/wp\/v2\/posts"}],"about":[{"href":"https:\/\/blogs.uninter.edu.mx\/ehli\/index.php\/wp-json\/wp\/v2\/types\/post"}],"author":[{"embeddable":true,"href":"https:\/\/blogs.uninter.edu.mx\/ehli\/index.php\/wp-json\/wp\/v2\/users\/13"}],"replies":[{"embeddable":true,"href":"https:\/\/blogs.uninter.edu.mx\/ehli\/index.php\/wp-json\/wp\/v2\/comments?post=6538"}],"version-history":[{"count":1,"href":"https:\/\/blogs.uninter.edu.mx\/ehli\/index.php\/wp-json\/wp\/v2\/posts\/6538\/revisions"}],"predecessor-version":[{"id":6540,"href":"https:\/\/blogs.uninter.edu.mx\/ehli\/index.php\/wp-json\/wp\/v2\/posts\/6538\/revisions\/6540"}],"wp:featuredmedia":[{"embeddable":true,"href":"https:\/\/blogs.uninter.edu.mx\/ehli\/index.php\/wp-json\/wp\/v2\/media\/6539"}],"wp:attachment":[{"href":"https:\/\/blogs.uninter.edu.mx\/ehli\/index.php\/wp-json\/wp\/v2\/media?parent=6538"}],"wp:term":[{"taxonomy":"category","embeddable":true,"href":"https:\/\/blogs.uninter.edu.mx\/ehli\/index.php\/wp-json\/wp\/v2\/categories?post=6538"},{"taxonomy":"post_tag","embeddable":true,"href":"https:\/\/blogs.uninter.edu.mx\/ehli\/index.php\/wp-json\/wp\/v2\/tags?post=6538"}],"curies":[{"name":"wp","href":"https:\/\/api.w.org\/{rel}","templated":true}]}}