{"id":6777,"date":"2022-07-06T21:21:14","date_gmt":"2022-07-06T21:21:14","guid":{"rendered":"https:\/\/blogs.uninter.edu.mx\/ehli\/?p=6777"},"modified":"2022-07-06T21:21:18","modified_gmt":"2022-07-06T21:21:18","slug":"1er-coloquio-de-posgrados-en-humanidades-2022","status":"publish","type":"post","link":"https:\/\/blogs.uninter.edu.mx\/ehli\/index.php\/2022\/07\/06\/1er-coloquio-de-posgrados-en-humanidades-2022\/","title":{"rendered":"1er. Coloquio de Posgrados en Humanidades 2022."},"content":{"rendered":"\n<p>\u201cLa educaci\u00f3n es nuestro pasaporte para el futuro, porque el ma\u00f1ana pertenece a la gente que se prepara para el hoy\u201d&nbsp;<\/p>\n\n\n\n<p>Malcolm X<\/p>\n\n\n\n<p>La Escuela de Humanidades, Lenguas e Internacionalizaci\u00f3n (EHLI), a trav\u00e9s de la Direcci\u00f3n de Posgrados en Humanidades, llev\u00f3 a cabo el 1er. Coloquio, el 02 de julio del a\u00f1o en curso a las 10:00 a.m. donde se reunieron m\u00e1s de 70 personas en este espacio virtual. <\/p>\n\n\n\n<p>Las autoridades que nos acompa\u00f1aron, como el Dr. Rodolfo Rica\u00f1o Uribe, Vicerrector Acad\u00e9mico de la Universidad Internacional quien dirigi\u00f3 algunas palabras e inaugur\u00f3 el evento , Mtro. \u00c1lvaro Vergara Villanueva, Director de la EHLI, la Mtra. Patricia Mart\u00ednez Camacho, Directora de Posgrado en Humanidades, el Conferencista Ra\u00fal Abraham L\u00f3pez Mart\u00ednez, docentes, estudiantes de los diferentes programas de Posgrado y p\u00fablico en general.<\/p>\n\n\n\n<div class=\"wp-block-image\"><figure class=\"aligncenter size-full is-resized\"><img loading=\"lazy\" decoding=\"async\" src=\"https:\/\/blogs.uninter.edu.mx\/ehli\/wp-content\/uploads\/2022\/07\/COLOQUIO-HUMANIDADES-01.jpg\" alt=\"\" class=\"wp-image-6778\" width=\"253\" height=\"253\"\/><\/figure><\/div>\n\n\n\n<p>En el marco del 1er. Coloquio inici\u00f3 con la Conferencia \u201cPol\u00edtica y Tecnolog\u00eda en el Siglo XX: Retos y Perspectivas\u201d por el  Mtro. Ra\u00fal Abraham L\u00f3pez Mart\u00ednez, posteriormente hubo tres Foros con temas transversales: Fen\u00f3meno de Migraci\u00f3n: La B\u00fasqueda de mejores oportunidades, El Arte en la Vanguardia Contempor\u00e1nea y La ense\u00f1anza del espa\u00f1ol en la era digital donde los docentes y estudiantes participaron con presentaciones, datos importantes, reflexiones y sobre todo el an\u00e1lisis de estas tem\u00e1ticas. <\/p>\n","protected":false},"excerpt":{"rendered":"<p>\u201cLa educaci\u00f3n es nuestro pasaporte para el futuro, porque el ma\u00f1ana pertenece a la gente que se prepara para el hoy\u201d&nbsp; Malcolm X La Escuela de Humanidades, Lenguas e Internacionalizaci\u00f3n (EHLI), a trav\u00e9s de la Direcci\u00f3n de Posgrados en Humanidades, llev\u00f3 a cabo el 1er. Coloquio, el 02 de julio del a\u00f1o en curso a&hellip;<\/p>\n","protected":false},"author":7,"featured_media":6780,"comment_status":"open","ping_status":"open","sticky":false,"template":"","format":"standard","meta":{"rop_custom_images_group":[],"rop_custom_messages_group":[],"rop_publish_now":"initial","rop_publish_now_accounts":[],"rop_publish_now_history":[],"rop_publish_now_status":"pending","footnotes":""},"categories":[15,20,19,313,1],"tags":[],"class_list":["post-6777","post","type-post","status-publish","format-standard","has-post-thumbnail","hentry","category-epu","category-ermi","category-mele","category-posgrado","category-sin-categoria"],"yoast_head":"<!-- This site is optimized with the Yoast SEO plugin v27.4 - https:\/\/yoast.com\/product\/yoast-seo-wordpress\/ -->\r\n<title>1er. Coloquio de Posgrados en Humanidades 2022. - EHLI<\/title>\r\n<meta name=\"robots\" content=\"index, follow, max-snippet:-1, max-image-preview:large, max-video-preview:-1\" \/>\r\n<link rel=\"canonical\" href=\"https:\/\/blogs.uninter.edu.mx\/ehli\/index.php\/2022\/07\/06\/1er-coloquio-de-posgrados-en-humanidades-2022\/\" \/>\r\n<meta property=\"og:locale\" content=\"es_MX\" \/>\r\n<meta property=\"og:type\" content=\"article\" \/>\r\n<meta property=\"og:title\" content=\"1er. Coloquio de Posgrados en Humanidades 2022. - EHLI\" \/>\r\n<meta property=\"og:description\" content=\"\u201cLa educaci\u00f3n es nuestro pasaporte para el futuro, porque el ma\u00f1ana pertenece a la gente que se prepara para el hoy\u201d&nbsp; Malcolm X La Escuela de Humanidades, Lenguas e Internacionalizaci\u00f3n (EHLI), a trav\u00e9s de la Direcci\u00f3n de Posgrados en Humanidades, llev\u00f3 a cabo el 1er. Coloquio, el 02 de julio del a\u00f1o en curso a&hellip;\" \/>\r\n<meta property=\"og:url\" content=\"https:\/\/blogs.uninter.edu.mx\/ehli\/index.php\/2022\/07\/06\/1er-coloquio-de-posgrados-en-humanidades-2022\/\" \/>\r\n<meta property=\"og:site_name\" content=\"EHLI\" \/>\r\n<meta property=\"article:published_time\" content=\"2022-07-06T21:21:14+00:00\" \/>\r\n<meta property=\"article:modified_time\" content=\"2022-07-06T21:21:18+00:00\" \/>\r\n<meta property=\"og:image\" content=\"https:\/\/blogs.uninter.edu.mx\/ehli\/wp-content\/uploads\/2022\/07\/COLOQUIO-HUMANIDADES-01-1.jpg\" \/>\r\n\t<meta property=\"og:image:width\" content=\"1080\" \/>\r\n\t<meta property=\"og:image:height\" content=\"1080\" \/>\r\n\t<meta property=\"og:image:type\" content=\"image\/jpeg\" \/>\r\n<meta name=\"author\" content=\"Patricia Martinez\" \/>\r\n<meta name=\"twitter:card\" content=\"summary_large_image\" \/>\r\n<meta name=\"twitter:label1\" content=\"Escrito por\" \/>\n\t<meta name=\"twitter:data1\" content=\"Patricia Martinez\" \/>\n\t<meta name=\"twitter:label2\" content=\"Tiempo de lectura\" \/>\n\t<meta name=\"twitter:data2\" content=\"2 minutos\" \/>\r\n<script type=\"application\/ld+json\" class=\"yoast-schema-graph\">{\"@context\":\"https:\\\/\\\/schema.org\",\"@graph\":[{\"@type\":\"Article\",\"@id\":\"https:\\\/\\\/blogs.uninter.edu.mx\\\/ehli\\\/index.php\\\/2022\\\/07\\\/06\\\/1er-coloquio-de-posgrados-en-humanidades-2022\\\/#article\",\"isPartOf\":{\"@id\":\"https:\\\/\\\/blogs.uninter.edu.mx\\\/ehli\\\/index.php\\\/2022\\\/07\\\/06\\\/1er-coloquio-de-posgrados-en-humanidades-2022\\\/\"},\"author\":{\"name\":\"Patricia Martinez\",\"@id\":\"https:\\\/\\\/blogs.uninter.edu.mx\\\/ehli\\\/#\\\/schema\\\/person\\\/5d7752491b542fab2810f8a0e3050338\"},\"headline\":\"1er. Coloquio de Posgrados en Humanidades 2022.\",\"datePublished\":\"2022-07-06T21:21:14+00:00\",\"dateModified\":\"2022-07-06T21:21:18+00:00\",\"mainEntityOfPage\":{\"@id\":\"https:\\\/\\\/blogs.uninter.edu.mx\\\/ehli\\\/index.php\\\/2022\\\/07\\\/06\\\/1er-coloquio-de-posgrados-en-humanidades-2022\\\/\"},\"wordCount\":239,\"commentCount\":0,\"image\":{\"@id\":\"https:\\\/\\\/blogs.uninter.edu.mx\\\/ehli\\\/index.php\\\/2022\\\/07\\\/06\\\/1er-coloquio-de-posgrados-en-humanidades-2022\\\/#primaryimage\"},\"thumbnailUrl\":\"https:\\\/\\\/blogs.uninter.edu.mx\\\/ehli\\\/wp-content\\\/uploads\\\/2022\\\/07\\\/COLOQUIO-HUMANIDADES-01-1.jpg\",\"articleSection\":[\"Especialidad en Publicidad\",\"Especialidad en Relaciones Mercantiles Internacionales\",\"Maestr\u00eda en Ense\u00f1anza de Leguas Extranjeras\",\"Posgrado\"],\"inLanguage\":\"es\",\"potentialAction\":[{\"@type\":\"CommentAction\",\"name\":\"Comment\",\"target\":[\"https:\\\/\\\/blogs.uninter.edu.mx\\\/ehli\\\/index.php\\\/2022\\\/07\\\/06\\\/1er-coloquio-de-posgrados-en-humanidades-2022\\\/#respond\"]}]},{\"@type\":\"WebPage\",\"@id\":\"https:\\\/\\\/blogs.uninter.edu.mx\\\/ehli\\\/index.php\\\/2022\\\/07\\\/06\\\/1er-coloquio-de-posgrados-en-humanidades-2022\\\/\",\"url\":\"https:\\\/\\\/blogs.uninter.edu.mx\\\/ehli\\\/index.php\\\/2022\\\/07\\\/06\\\/1er-coloquio-de-posgrados-en-humanidades-2022\\\/\",\"name\":\"1er. Coloquio de Posgrados en Humanidades 2022. - EHLI\",\"isPartOf\":{\"@id\":\"https:\\\/\\\/blogs.uninter.edu.mx\\\/ehli\\\/#website\"},\"primaryImageOfPage\":{\"@id\":\"https:\\\/\\\/blogs.uninter.edu.mx\\\/ehli\\\/index.php\\\/2022\\\/07\\\/06\\\/1er-coloquio-de-posgrados-en-humanidades-2022\\\/#primaryimage\"},\"image\":{\"@id\":\"https:\\\/\\\/blogs.uninter.edu.mx\\\/ehli\\\/index.php\\\/2022\\\/07\\\/06\\\/1er-coloquio-de-posgrados-en-humanidades-2022\\\/#primaryimage\"},\"thumbnailUrl\":\"https:\\\/\\\/blogs.uninter.edu.mx\\\/ehli\\\/wp-content\\\/uploads\\\/2022\\\/07\\\/COLOQUIO-HUMANIDADES-01-1.jpg\",\"datePublished\":\"2022-07-06T21:21:14+00:00\",\"dateModified\":\"2022-07-06T21:21:18+00:00\",\"author\":{\"@id\":\"https:\\\/\\\/blogs.uninter.edu.mx\\\/ehli\\\/#\\\/schema\\\/person\\\/5d7752491b542fab2810f8a0e3050338\"},\"breadcrumb\":{\"@id\":\"https:\\\/\\\/blogs.uninter.edu.mx\\\/ehli\\\/index.php\\\/2022\\\/07\\\/06\\\/1er-coloquio-de-posgrados-en-humanidades-2022\\\/#breadcrumb\"},\"inLanguage\":\"es\",\"potentialAction\":[{\"@type\":\"ReadAction\",\"target\":[\"https:\\\/\\\/blogs.uninter.edu.mx\\\/ehli\\\/index.php\\\/2022\\\/07\\\/06\\\/1er-coloquio-de-posgrados-en-humanidades-2022\\\/\"]}]},{\"@type\":\"ImageObject\",\"inLanguage\":\"es\",\"@id\":\"https:\\\/\\\/blogs.uninter.edu.mx\\\/ehli\\\/index.php\\\/2022\\\/07\\\/06\\\/1er-coloquio-de-posgrados-en-humanidades-2022\\\/#primaryimage\",\"url\":\"https:\\\/\\\/blogs.uninter.edu.mx\\\/ehli\\\/wp-content\\\/uploads\\\/2022\\\/07\\\/COLOQUIO-HUMANIDADES-01-1.jpg\",\"contentUrl\":\"https:\\\/\\\/blogs.uninter.edu.mx\\\/ehli\\\/wp-content\\\/uploads\\\/2022\\\/07\\\/COLOQUIO-HUMANIDADES-01-1.jpg\",\"width\":1080,\"height\":1080},{\"@type\":\"BreadcrumbList\",\"@id\":\"https:\\\/\\\/blogs.uninter.edu.mx\\\/ehli\\\/index.php\\\/2022\\\/07\\\/06\\\/1er-coloquio-de-posgrados-en-humanidades-2022\\\/#breadcrumb\",\"itemListElement\":[{\"@type\":\"ListItem\",\"position\":1,\"name\":\"Inicio\",\"item\":\"https:\\\/\\\/blogs.uninter.edu.mx\\\/ehli\\\/\"},{\"@type\":\"ListItem\",\"position\":2,\"name\":\"1er. Coloquio de Posgrados en Humanidades 2022.\"}]},{\"@type\":\"WebSite\",\"@id\":\"https:\\\/\\\/blogs.uninter.edu.mx\\\/ehli\\\/#website\",\"url\":\"https:\\\/\\\/blogs.uninter.edu.mx\\\/ehli\\\/\",\"name\":\"EHLI\",\"description\":\"UNINTER\",\"potentialAction\":[{\"@type\":\"SearchAction\",\"target\":{\"@type\":\"EntryPoint\",\"urlTemplate\":\"https:\\\/\\\/blogs.uninter.edu.mx\\\/ehli\\\/?s={search_term_string}\"},\"query-input\":{\"@type\":\"PropertyValueSpecification\",\"valueRequired\":true,\"valueName\":\"search_term_string\"}}],\"inLanguage\":\"es\"},{\"@type\":\"Person\",\"@id\":\"https:\\\/\\\/blogs.uninter.edu.mx\\\/ehli\\\/#\\\/schema\\\/person\\\/5d7752491b542fab2810f8a0e3050338\",\"name\":\"Patricia Martinez\",\"image\":{\"@type\":\"ImageObject\",\"inLanguage\":\"es\",\"@id\":\"https:\\\/\\\/secure.gravatar.com\\\/avatar\\\/eeabf6246e9ff701593fcb12aed4d3de4d37879dcc2e909930b321ca658e96f8?s=96&d=mm&r=g\",\"url\":\"https:\\\/\\\/secure.gravatar.com\\\/avatar\\\/eeabf6246e9ff701593fcb12aed4d3de4d37879dcc2e909930b321ca658e96f8?s=96&d=mm&r=g\",\"contentUrl\":\"https:\\\/\\\/secure.gravatar.com\\\/avatar\\\/eeabf6246e9ff701593fcb12aed4d3de4d37879dcc2e909930b321ca658e96f8?s=96&d=mm&r=g\",\"caption\":\"Patricia Martinez\"},\"url\":\"https:\\\/\\\/blogs.uninter.edu.mx\\\/ehli\\\/index.php\\\/author\\\/pmartinez\\\/\"}]}<\/script>\r\n<!-- \/ Yoast SEO plugin. -->","yoast_head_json":{"title":"1er. Coloquio de Posgrados en Humanidades 2022. - EHLI","robots":{"index":"index","follow":"follow","max-snippet":"max-snippet:-1","max-image-preview":"max-image-preview:large","max-video-preview":"max-video-preview:-1"},"canonical":"https:\/\/blogs.uninter.edu.mx\/ehli\/index.php\/2022\/07\/06\/1er-coloquio-de-posgrados-en-humanidades-2022\/","og_locale":"es_MX","og_type":"article","og_title":"1er. Coloquio de Posgrados en Humanidades 2022. - EHLI","og_description":"\u201cLa educaci\u00f3n es nuestro pasaporte para el futuro, porque el ma\u00f1ana pertenece a la gente que se prepara para el hoy\u201d&nbsp; Malcolm X La Escuela de Humanidades, Lenguas e Internacionalizaci\u00f3n (EHLI), a trav\u00e9s de la Direcci\u00f3n de Posgrados en Humanidades, llev\u00f3 a cabo el 1er. Coloquio, el 02 de julio del a\u00f1o en curso a&hellip;","og_url":"https:\/\/blogs.uninter.edu.mx\/ehli\/index.php\/2022\/07\/06\/1er-coloquio-de-posgrados-en-humanidades-2022\/","og_site_name":"EHLI","article_published_time":"2022-07-06T21:21:14+00:00","article_modified_time":"2022-07-06T21:21:18+00:00","og_image":[{"width":1080,"height":1080,"url":"https:\/\/blogs.uninter.edu.mx\/ehli\/wp-content\/uploads\/2022\/07\/COLOQUIO-HUMANIDADES-01-1.jpg","type":"image\/jpeg"}],"author":"Patricia Martinez","twitter_card":"summary_large_image","twitter_misc":{"Escrito por":"Patricia Martinez","Tiempo de lectura":"2 minutos"},"schema":{"@context":"https:\/\/schema.org","@graph":[{"@type":"Article","@id":"https:\/\/blogs.uninter.edu.mx\/ehli\/index.php\/2022\/07\/06\/1er-coloquio-de-posgrados-en-humanidades-2022\/#article","isPartOf":{"@id":"https:\/\/blogs.uninter.edu.mx\/ehli\/index.php\/2022\/07\/06\/1er-coloquio-de-posgrados-en-humanidades-2022\/"},"author":{"name":"Patricia Martinez","@id":"https:\/\/blogs.uninter.edu.mx\/ehli\/#\/schema\/person\/5d7752491b542fab2810f8a0e3050338"},"headline":"1er. Coloquio de Posgrados en Humanidades 2022.","datePublished":"2022-07-06T21:21:14+00:00","dateModified":"2022-07-06T21:21:18+00:00","mainEntityOfPage":{"@id":"https:\/\/blogs.uninter.edu.mx\/ehli\/index.php\/2022\/07\/06\/1er-coloquio-de-posgrados-en-humanidades-2022\/"},"wordCount":239,"commentCount":0,"image":{"@id":"https:\/\/blogs.uninter.edu.mx\/ehli\/index.php\/2022\/07\/06\/1er-coloquio-de-posgrados-en-humanidades-2022\/#primaryimage"},"thumbnailUrl":"https:\/\/blogs.uninter.edu.mx\/ehli\/wp-content\/uploads\/2022\/07\/COLOQUIO-HUMANIDADES-01-1.jpg","articleSection":["Especialidad en Publicidad","Especialidad en Relaciones Mercantiles Internacionales","Maestr\u00eda en Ense\u00f1anza de Leguas Extranjeras","Posgrado"],"inLanguage":"es","potentialAction":[{"@type":"CommentAction","name":"Comment","target":["https:\/\/blogs.uninter.edu.mx\/ehli\/index.php\/2022\/07\/06\/1er-coloquio-de-posgrados-en-humanidades-2022\/#respond"]}]},{"@type":"WebPage","@id":"https:\/\/blogs.uninter.edu.mx\/ehli\/index.php\/2022\/07\/06\/1er-coloquio-de-posgrados-en-humanidades-2022\/","url":"https:\/\/blogs.uninter.edu.mx\/ehli\/index.php\/2022\/07\/06\/1er-coloquio-de-posgrados-en-humanidades-2022\/","name":"1er. Coloquio de Posgrados en Humanidades 2022. - EHLI","isPartOf":{"@id":"https:\/\/blogs.uninter.edu.mx\/ehli\/#website"},"primaryImageOfPage":{"@id":"https:\/\/blogs.uninter.edu.mx\/ehli\/index.php\/2022\/07\/06\/1er-coloquio-de-posgrados-en-humanidades-2022\/#primaryimage"},"image":{"@id":"https:\/\/blogs.uninter.edu.mx\/ehli\/index.php\/2022\/07\/06\/1er-coloquio-de-posgrados-en-humanidades-2022\/#primaryimage"},"thumbnailUrl":"https:\/\/blogs.uninter.edu.mx\/ehli\/wp-content\/uploads\/2022\/07\/COLOQUIO-HUMANIDADES-01-1.jpg","datePublished":"2022-07-06T21:21:14+00:00","dateModified":"2022-07-06T21:21:18+00:00","author":{"@id":"https:\/\/blogs.uninter.edu.mx\/ehli\/#\/schema\/person\/5d7752491b542fab2810f8a0e3050338"},"breadcrumb":{"@id":"https:\/\/blogs.uninter.edu.mx\/ehli\/index.php\/2022\/07\/06\/1er-coloquio-de-posgrados-en-humanidades-2022\/#breadcrumb"},"inLanguage":"es","potentialAction":[{"@type":"ReadAction","target":["https:\/\/blogs.uninter.edu.mx\/ehli\/index.php\/2022\/07\/06\/1er-coloquio-de-posgrados-en-humanidades-2022\/"]}]},{"@type":"ImageObject","inLanguage":"es","@id":"https:\/\/blogs.uninter.edu.mx\/ehli\/index.php\/2022\/07\/06\/1er-coloquio-de-posgrados-en-humanidades-2022\/#primaryimage","url":"https:\/\/blogs.uninter.edu.mx\/ehli\/wp-content\/uploads\/2022\/07\/COLOQUIO-HUMANIDADES-01-1.jpg","contentUrl":"https:\/\/blogs.uninter.edu.mx\/ehli\/wp-content\/uploads\/2022\/07\/COLOQUIO-HUMANIDADES-01-1.jpg","width":1080,"height":1080},{"@type":"BreadcrumbList","@id":"https:\/\/blogs.uninter.edu.mx\/ehli\/index.php\/2022\/07\/06\/1er-coloquio-de-posgrados-en-humanidades-2022\/#breadcrumb","itemListElement":[{"@type":"ListItem","position":1,"name":"Inicio","item":"https:\/\/blogs.uninter.edu.mx\/ehli\/"},{"@type":"ListItem","position":2,"name":"1er. Coloquio de Posgrados en Humanidades 2022."}]},{"@type":"WebSite","@id":"https:\/\/blogs.uninter.edu.mx\/ehli\/#website","url":"https:\/\/blogs.uninter.edu.mx\/ehli\/","name":"EHLI","description":"UNINTER","potentialAction":[{"@type":"SearchAction","target":{"@type":"EntryPoint","urlTemplate":"https:\/\/blogs.uninter.edu.mx\/ehli\/?s={search_term_string}"},"query-input":{"@type":"PropertyValueSpecification","valueRequired":true,"valueName":"search_term_string"}}],"inLanguage":"es"},{"@type":"Person","@id":"https:\/\/blogs.uninter.edu.mx\/ehli\/#\/schema\/person\/5d7752491b542fab2810f8a0e3050338","name":"Patricia Martinez","image":{"@type":"ImageObject","inLanguage":"es","@id":"https:\/\/secure.gravatar.com\/avatar\/eeabf6246e9ff701593fcb12aed4d3de4d37879dcc2e909930b321ca658e96f8?s=96&d=mm&r=g","url":"https:\/\/secure.gravatar.com\/avatar\/eeabf6246e9ff701593fcb12aed4d3de4d37879dcc2e909930b321ca658e96f8?s=96&d=mm&r=g","contentUrl":"https:\/\/secure.gravatar.com\/avatar\/eeabf6246e9ff701593fcb12aed4d3de4d37879dcc2e909930b321ca658e96f8?s=96&d=mm&r=g","caption":"Patricia Martinez"},"url":"https:\/\/blogs.uninter.edu.mx\/ehli\/index.php\/author\/pmartinez\/"}]}},"jetpack_featured_media_url":"https:\/\/blogs.uninter.edu.mx\/ehli\/wp-content\/uploads\/2022\/07\/COLOQUIO-HUMANIDADES-01-1.jpg","_links":{"self":[{"href":"https:\/\/blogs.uninter.edu.mx\/ehli\/index.php\/wp-json\/wp\/v2\/posts\/6777","targetHints":{"allow":["GET"]}}],"collection":[{"href":"https:\/\/blogs.uninter.edu.mx\/ehli\/index.php\/wp-json\/wp\/v2\/posts"}],"about":[{"href":"https:\/\/blogs.uninter.edu.mx\/ehli\/index.php\/wp-json\/wp\/v2\/types\/post"}],"author":[{"embeddable":true,"href":"https:\/\/blogs.uninter.edu.mx\/ehli\/index.php\/wp-json\/wp\/v2\/users\/7"}],"replies":[{"embeddable":true,"href":"https:\/\/blogs.uninter.edu.mx\/ehli\/index.php\/wp-json\/wp\/v2\/comments?post=6777"}],"version-history":[{"count":1,"href":"https:\/\/blogs.uninter.edu.mx\/ehli\/index.php\/wp-json\/wp\/v2\/posts\/6777\/revisions"}],"predecessor-version":[{"id":6779,"href":"https:\/\/blogs.uninter.edu.mx\/ehli\/index.php\/wp-json\/wp\/v2\/posts\/6777\/revisions\/6779"}],"wp:featuredmedia":[{"embeddable":true,"href":"https:\/\/blogs.uninter.edu.mx\/ehli\/index.php\/wp-json\/wp\/v2\/media\/6780"}],"wp:attachment":[{"href":"https:\/\/blogs.uninter.edu.mx\/ehli\/index.php\/wp-json\/wp\/v2\/media?parent=6777"}],"wp:term":[{"taxonomy":"category","embeddable":true,"href":"https:\/\/blogs.uninter.edu.mx\/ehli\/index.php\/wp-json\/wp\/v2\/categories?post=6777"},{"taxonomy":"post_tag","embeddable":true,"href":"https:\/\/blogs.uninter.edu.mx\/ehli\/index.php\/wp-json\/wp\/v2\/tags?post=6777"}],"curies":[{"name":"wp","href":"https:\/\/api.w.org\/{rel}","templated":true}]}}