{"id":7017,"date":"2022-08-22T10:11:00","date_gmt":"2022-08-22T10:11:00","guid":{"rendered":"https:\/\/blogs.uninter.edu.mx\/ehli\/?p=7017"},"modified":"2022-08-15T17:34:07","modified_gmt":"2022-08-15T17:34:07","slug":"beneficios-de-aplicar-las-tic-en-el-aula","status":"publish","type":"post","link":"https:\/\/blogs.uninter.edu.mx\/ehli\/index.php\/2022\/08\/22\/beneficios-de-aplicar-las-tic-en-el-aula\/","title":{"rendered":"Beneficios de aplicar las TIC en el aula"},"content":{"rendered":"\n<p>La tecnolog\u00eda est\u00e1 a la orden del d\u00eda y es ya un elemento imprescindible en nuestra sociedad en materia de comunicaci\u00f3n y que tambi\u00e9n puede generar mucho valor en la educaci\u00f3n<\/p>\n\n\n\n<p class=\"has-text-align-justify\">Los dispositivos electr\u00f3nicos\u00a0forman parte del d\u00eda a d\u00eda de nuestros alumnos, quienes ya han nacido en una\u00a0<strong>sociedad digital<\/strong>. Para utilizar las\u00a0<strong>TIC<\/strong>\u00a0(Tecnolog\u00edas de la Informaci\u00f3n y la Comunicaci\u00f3n)\u00a0<strong>en el aula<\/strong>\u00a0hay que poner en marcha experiencias de aprendizaje con las que los estudiantes puedan adquirir conocimientos y\u00a0habilidades tales como la b\u00fasqueda de datos, la resoluci\u00f3n de problemas o los trabajos en equipo.<\/p>\n\n\n\n<p class=\"has-text-align-justify\"><a href=\"https:\/\/www.grupo-sm.com\/es\/book\/ense%C3%B1ar-nativos-digitales\" target=\"_blank\" rel=\"noreferrer noopener\"><strong>Ense\u00f1ar a nativos digitales<\/strong><\/a>\u00a0es tambi\u00e9n tener en cuenta que pueden estar prepar\u00e1ndose hoy para empleos que no existir\u00e1n hasta ma\u00f1ana. Por ello,\u00a0hay que impulsar su inquietud para que sean ellos mismos los que se actualicen de forma aut\u00f3noma.<\/p>\n\n\n\n<figure class=\"wp-block-gallery has-nested-images columns-default is-cropped wp-block-gallery-1 is-layout-flex wp-block-gallery-is-layout-flex\">\n<figure class=\"wp-block-image size-large\"><img loading=\"lazy\" decoding=\"async\" width=\"1024\" height=\"600\" data-id=\"7018\" src=\"https:\/\/blogs.uninter.edu.mx\/ehli\/wp-content\/uploads\/2022\/08\/1_vxjAHkrXbGG6gOiPZgjeZA.jpeg\" alt=\"\" class=\"wp-image-7018\"\/><\/figure>\n<\/figure>\n\n\n\n<p><\/p>\n\n\n\n<h2 class=\"wp-block-heading\" id=\"beneficios\"><strong>Beneficios de aplicar las TIC en el aula<\/strong><\/h2>\n\n\n\n<p class=\"has-text-align-justify\">Las&nbsp;<strong>TIC<\/strong>&nbsp;son esenciales cuando se trata de ofrecer a los alumnos una formaci\u00f3n integral que&nbsp;desarrolle&nbsp;sus capacidades y habilidades digitales, enriqueciendo as\u00ed el proceso de ense\u00f1anza-aprendizaje con&nbsp;<strong>metodolog\u00edas din\u00e1micas e innovadoras<\/strong>.<\/p>\n\n\n\n<p>Estos son algunos de los&nbsp;<strong>beneficios de&nbsp;aplicar las tecnolog\u00edas en clase<\/strong>:<\/p>\n\n\n\n<ul class=\"wp-block-list\"><li>La&nbsp;<a href=\"https:\/\/www.grupo-sm.com\/es\/post\/5-tendencias-educativas-aplicar-en-aula\" target=\"_blank\" rel=\"noreferrer noopener\"><strong>educaci\u00f3n h\u00edbrida<\/strong><\/a>&nbsp;o semipresencial se presenta como una opci\u00f3n factible y funcional.<\/li><li>Los alumnos aprenden aplicando la&nbsp;<strong>teor\u00eda en la pr\u00e1ctica<\/strong>. Adem\u00e1s, potencian la creatividad, el razonamiento l\u00f3gico, la orientaci\u00f3n espacial y&nbsp;la coordinaci\u00f3n.<\/li><li><strong>La educaci\u00f3n es m\u00e1s inclusiva<\/strong>, ya que existen programas para adaptar el contenido a las personas con dificultades de aprendizaje o discapacidad auditiva\/visual.<\/li><li>Los docentes tienen m\u00e1s facilidades para&nbsp;<a href=\"https:\/\/thrivu.grupo-sm.com\/s\/?language=es\" target=\"_blank\" rel=\"noreferrer noopener\"><strong>acceder a recursos educativos<\/strong><\/a>, planificar lecciones<strong>&nbsp;<\/strong>y evaluar a los alumnos de manera personalizada.<\/li><li>Se puede&nbsp;<strong>mantener&nbsp;una comunicaci\u00f3n<\/strong>&nbsp;<strong>flu\u00edda<\/strong>&nbsp;con la familia, el alumno&nbsp;y el resto del equipo docente.<\/li><li>El estudiante puede marcar su propio&nbsp;<strong>ritmo de aprendizaje<\/strong>&nbsp;al consultar o ampliar los conocimientos de manera aut\u00f3noma.<\/li><\/ul>\n\n\n\n<p>_____________________<\/p>\n\n\n\n<p>\u00abLa tecnolog\u00eda es solo&nbsp;una herramienta. Para conseguir que los ni\u00f1os trabajen juntos y motivarles, el profesor es lo m\u00e1s importante\u00bb<\/p>\n\n\n\n<p><em>Bill Gates<\/em><\/p>\n\n\n\n<p>Educar en competencias tecnol\u00f3gicas permite a los docentes crear\u00a0<strong>alumnos integrados\u00a0en la sociedad digital<\/strong>, formar\u00a0<strong>ciudadanos globales cooperativos<\/strong>\u00a0preparados para\u00a0los retos futuros.<\/p>\n\n\n\n<p>FUENTE: https:\/\/www.grupo-sm.com\/es\/<\/p>\n","protected":false},"excerpt":{"rendered":"<p>La tecnolog\u00eda est\u00e1 a la orden del d\u00eda y es ya un elemento imprescindible en nuestra sociedad en materia de comunicaci\u00f3n y que tambi\u00e9n puede generar mucho valor en la educaci\u00f3n.<\/p>\n","protected":false},"author":28,"featured_media":7018,"comment_status":"open","ping_status":"open","sticky":false,"template":"","format":"standard","meta":{"rop_custom_images_group":[],"rop_custom_messages_group":[],"rop_publish_now":"initial","rop_publish_now_accounts":[],"rop_publish_now_history":[],"rop_publish_now_status":"pending","footnotes":""},"categories":[312,3,110,4,111],"tags":[60],"class_list":["post-7017","post","type-post","status-publish","format-standard","has-post-thumbnail","hentry","category-comunicacion","category-lco","category-lic-en-comunicacion","category-corp","category-lic-en-comunicacion-y-relaciones-publicas","tag-ehli"],"yoast_head":"<!-- This site is optimized with the Yoast SEO plugin v27.4 - https:\/\/yoast.com\/product\/yoast-seo-wordpress\/ -->\r\n<title>Beneficios de aplicar las TIC en el aula - EHLI<\/title>\r\n<meta name=\"description\" content=\"Las\u00a0TIC\u00a0son esenciales cuando se trata de ofrecer a los alumnos una formaci\u00f3n integral que\u00a0desarrolle\u00a0sus capacidades y habilidades digitales, enriqueciendo as\u00ed el proceso de ense\u00f1anza-aprendizaje con\u00a0metodolog\u00edas din\u00e1micas e innovadoras.\" \/>\r\n<meta name=\"robots\" content=\"index, follow, max-snippet:-1, max-image-preview:large, max-video-preview:-1\" \/>\r\n<link rel=\"canonical\" href=\"https:\/\/blogs.uninter.edu.mx\/ehli\/index.php\/2022\/08\/22\/beneficios-de-aplicar-las-tic-en-el-aula\/\" \/>\r\n<meta property=\"og:locale\" content=\"es_MX\" \/>\r\n<meta property=\"og:type\" content=\"article\" \/>\r\n<meta property=\"og:title\" content=\"Beneficios de aplicar las TIC en el aula - EHLI\" \/>\r\n<meta property=\"og:description\" content=\"Las\u00a0TIC\u00a0son esenciales cuando se trata de ofrecer a los alumnos una formaci\u00f3n integral que\u00a0desarrolle\u00a0sus capacidades y habilidades digitales, enriqueciendo as\u00ed el proceso de ense\u00f1anza-aprendizaje con\u00a0metodolog\u00edas din\u00e1micas e innovadoras.\" \/>\r\n<meta property=\"og:url\" content=\"https:\/\/blogs.uninter.edu.mx\/ehli\/index.php\/2022\/08\/22\/beneficios-de-aplicar-las-tic-en-el-aula\/\" \/>\r\n<meta property=\"og:site_name\" content=\"EHLI\" \/>\r\n<meta property=\"article:published_time\" content=\"2022-08-22T10:11:00+00:00\" \/>\r\n<meta property=\"og:image\" content=\"https:\/\/blogs.uninter.edu.mx\/ehli\/wp-content\/uploads\/2022\/08\/1_vxjAHkrXbGG6gOiPZgjeZA.jpeg\" \/>\r\n\t<meta property=\"og:image:width\" content=\"1024\" \/>\r\n\t<meta property=\"og:image:height\" content=\"600\" \/>\r\n\t<meta property=\"og:image:type\" content=\"image\/jpeg\" \/>\r\n<meta name=\"author\" content=\"mocampo\" \/>\r\n<meta name=\"twitter:card\" content=\"summary_large_image\" \/>\r\n<meta name=\"twitter:label1\" content=\"Escrito por\" \/>\n\t<meta name=\"twitter:data1\" content=\"mocampo\" \/>\n\t<meta name=\"twitter:label2\" content=\"Tiempo de lectura\" \/>\n\t<meta name=\"twitter:data2\" content=\"2 minutos\" \/>\r\n<script type=\"application\/ld+json\" class=\"yoast-schema-graph\">{\"@context\":\"https:\\\/\\\/schema.org\",\"@graph\":[{\"@type\":\"Article\",\"@id\":\"https:\\\/\\\/blogs.uninter.edu.mx\\\/ehli\\\/index.php\\\/2022\\\/08\\\/22\\\/beneficios-de-aplicar-las-tic-en-el-aula\\\/#article\",\"isPartOf\":{\"@id\":\"https:\\\/\\\/blogs.uninter.edu.mx\\\/ehli\\\/index.php\\\/2022\\\/08\\\/22\\\/beneficios-de-aplicar-las-tic-en-el-aula\\\/\"},\"author\":{\"name\":\"mocampo\",\"@id\":\"https:\\\/\\\/blogs.uninter.edu.mx\\\/ehli\\\/#\\\/schema\\\/person\\\/f9426d100dd7db1b2a0be67166f80826\"},\"headline\":\"Beneficios de aplicar las TIC en el aula\",\"datePublished\":\"2022-08-22T10:11:00+00:00\",\"mainEntityOfPage\":{\"@id\":\"https:\\\/\\\/blogs.uninter.edu.mx\\\/ehli\\\/index.php\\\/2022\\\/08\\\/22\\\/beneficios-de-aplicar-las-tic-en-el-aula\\\/\"},\"wordCount\":430,\"commentCount\":0,\"image\":{\"@id\":\"https:\\\/\\\/blogs.uninter.edu.mx\\\/ehli\\\/index.php\\\/2022\\\/08\\\/22\\\/beneficios-de-aplicar-las-tic-en-el-aula\\\/#primaryimage\"},\"thumbnailUrl\":\"https:\\\/\\\/blogs.uninter.edu.mx\\\/ehli\\\/wp-content\\\/uploads\\\/2022\\\/08\\\/1_vxjAHkrXbGG6gOiPZgjeZA.jpeg\",\"keywords\":[\"EHLI\"],\"articleSection\":[\"Comunicaci\u00f3n\",\"Lic. en Comunicaci\u00f3n\",\"Lic. en Comunicaci\u00f3n\",\"Lic. en Comunicaci\u00f3n y Relaciones P\u00fablicas\",\"Lic. en Comunicaci\u00f3n y Relaciones P\u00fablicas\"],\"inLanguage\":\"es\",\"potentialAction\":[{\"@type\":\"CommentAction\",\"name\":\"Comment\",\"target\":[\"https:\\\/\\\/blogs.uninter.edu.mx\\\/ehli\\\/index.php\\\/2022\\\/08\\\/22\\\/beneficios-de-aplicar-las-tic-en-el-aula\\\/#respond\"]}]},{\"@type\":\"WebPage\",\"@id\":\"https:\\\/\\\/blogs.uninter.edu.mx\\\/ehli\\\/index.php\\\/2022\\\/08\\\/22\\\/beneficios-de-aplicar-las-tic-en-el-aula\\\/\",\"url\":\"https:\\\/\\\/blogs.uninter.edu.mx\\\/ehli\\\/index.php\\\/2022\\\/08\\\/22\\\/beneficios-de-aplicar-las-tic-en-el-aula\\\/\",\"name\":\"Beneficios de aplicar las TIC en el aula - EHLI\",\"isPartOf\":{\"@id\":\"https:\\\/\\\/blogs.uninter.edu.mx\\\/ehli\\\/#website\"},\"primaryImageOfPage\":{\"@id\":\"https:\\\/\\\/blogs.uninter.edu.mx\\\/ehli\\\/index.php\\\/2022\\\/08\\\/22\\\/beneficios-de-aplicar-las-tic-en-el-aula\\\/#primaryimage\"},\"image\":{\"@id\":\"https:\\\/\\\/blogs.uninter.edu.mx\\\/ehli\\\/index.php\\\/2022\\\/08\\\/22\\\/beneficios-de-aplicar-las-tic-en-el-aula\\\/#primaryimage\"},\"thumbnailUrl\":\"https:\\\/\\\/blogs.uninter.edu.mx\\\/ehli\\\/wp-content\\\/uploads\\\/2022\\\/08\\\/1_vxjAHkrXbGG6gOiPZgjeZA.jpeg\",\"datePublished\":\"2022-08-22T10:11:00+00:00\",\"author\":{\"@id\":\"https:\\\/\\\/blogs.uninter.edu.mx\\\/ehli\\\/#\\\/schema\\\/person\\\/f9426d100dd7db1b2a0be67166f80826\"},\"description\":\"Las\u00a0TIC\u00a0son esenciales cuando se trata de ofrecer a los alumnos una formaci\u00f3n integral que\u00a0desarrolle\u00a0sus capacidades y habilidades digitales, enriqueciendo as\u00ed el proceso de ense\u00f1anza-aprendizaje con\u00a0metodolog\u00edas din\u00e1micas e innovadoras.\",\"breadcrumb\":{\"@id\":\"https:\\\/\\\/blogs.uninter.edu.mx\\\/ehli\\\/index.php\\\/2022\\\/08\\\/22\\\/beneficios-de-aplicar-las-tic-en-el-aula\\\/#breadcrumb\"},\"inLanguage\":\"es\",\"potentialAction\":[{\"@type\":\"ReadAction\",\"target\":[\"https:\\\/\\\/blogs.uninter.edu.mx\\\/ehli\\\/index.php\\\/2022\\\/08\\\/22\\\/beneficios-de-aplicar-las-tic-en-el-aula\\\/\"]}]},{\"@type\":\"ImageObject\",\"inLanguage\":\"es\",\"@id\":\"https:\\\/\\\/blogs.uninter.edu.mx\\\/ehli\\\/index.php\\\/2022\\\/08\\\/22\\\/beneficios-de-aplicar-las-tic-en-el-aula\\\/#primaryimage\",\"url\":\"https:\\\/\\\/blogs.uninter.edu.mx\\\/ehli\\\/wp-content\\\/uploads\\\/2022\\\/08\\\/1_vxjAHkrXbGG6gOiPZgjeZA.jpeg\",\"contentUrl\":\"https:\\\/\\\/blogs.uninter.edu.mx\\\/ehli\\\/wp-content\\\/uploads\\\/2022\\\/08\\\/1_vxjAHkrXbGG6gOiPZgjeZA.jpeg\",\"width\":1024,\"height\":600},{\"@type\":\"BreadcrumbList\",\"@id\":\"https:\\\/\\\/blogs.uninter.edu.mx\\\/ehli\\\/index.php\\\/2022\\\/08\\\/22\\\/beneficios-de-aplicar-las-tic-en-el-aula\\\/#breadcrumb\",\"itemListElement\":[{\"@type\":\"ListItem\",\"position\":1,\"name\":\"Inicio\",\"item\":\"https:\\\/\\\/blogs.uninter.edu.mx\\\/ehli\\\/\"},{\"@type\":\"ListItem\",\"position\":2,\"name\":\"Beneficios de aplicar las TIC en el aula\"}]},{\"@type\":\"WebSite\",\"@id\":\"https:\\\/\\\/blogs.uninter.edu.mx\\\/ehli\\\/#website\",\"url\":\"https:\\\/\\\/blogs.uninter.edu.mx\\\/ehli\\\/\",\"name\":\"EHLI\",\"description\":\"UNINTER\",\"potentialAction\":[{\"@type\":\"SearchAction\",\"target\":{\"@type\":\"EntryPoint\",\"urlTemplate\":\"https:\\\/\\\/blogs.uninter.edu.mx\\\/ehli\\\/?s={search_term_string}\"},\"query-input\":{\"@type\":\"PropertyValueSpecification\",\"valueRequired\":true,\"valueName\":\"search_term_string\"}}],\"inLanguage\":\"es\"},{\"@type\":\"Person\",\"@id\":\"https:\\\/\\\/blogs.uninter.edu.mx\\\/ehli\\\/#\\\/schema\\\/person\\\/f9426d100dd7db1b2a0be67166f80826\",\"name\":\"mocampo\",\"image\":{\"@type\":\"ImageObject\",\"inLanguage\":\"es\",\"@id\":\"https:\\\/\\\/secure.gravatar.com\\\/avatar\\\/486a87ae86777f2d04f69759eb0a12f435703bd96e4bccfcbe628cd8a4b836c9?s=96&d=mm&r=g\",\"url\":\"https:\\\/\\\/secure.gravatar.com\\\/avatar\\\/486a87ae86777f2d04f69759eb0a12f435703bd96e4bccfcbe628cd8a4b836c9?s=96&d=mm&r=g\",\"contentUrl\":\"https:\\\/\\\/secure.gravatar.com\\\/avatar\\\/486a87ae86777f2d04f69759eb0a12f435703bd96e4bccfcbe628cd8a4b836c9?s=96&d=mm&r=g\",\"caption\":\"mocampo\"},\"url\":\"https:\\\/\\\/blogs.uninter.edu.mx\\\/ehli\\\/index.php\\\/author\\\/mocampo\\\/\"}]}<\/script>\r\n<!-- \/ Yoast SEO plugin. -->","yoast_head_json":{"title":"Beneficios de aplicar las TIC en el aula - EHLI","description":"Las\u00a0TIC\u00a0son esenciales cuando se trata de ofrecer a los alumnos una formaci\u00f3n integral que\u00a0desarrolle\u00a0sus capacidades y habilidades digitales, enriqueciendo as\u00ed el proceso de ense\u00f1anza-aprendizaje con\u00a0metodolog\u00edas din\u00e1micas e innovadoras.","robots":{"index":"index","follow":"follow","max-snippet":"max-snippet:-1","max-image-preview":"max-image-preview:large","max-video-preview":"max-video-preview:-1"},"canonical":"https:\/\/blogs.uninter.edu.mx\/ehli\/index.php\/2022\/08\/22\/beneficios-de-aplicar-las-tic-en-el-aula\/","og_locale":"es_MX","og_type":"article","og_title":"Beneficios de aplicar las TIC en el aula - EHLI","og_description":"Las\u00a0TIC\u00a0son esenciales cuando se trata de ofrecer a los alumnos una formaci\u00f3n integral que\u00a0desarrolle\u00a0sus capacidades y habilidades digitales, enriqueciendo as\u00ed el proceso de ense\u00f1anza-aprendizaje con\u00a0metodolog\u00edas din\u00e1micas e innovadoras.","og_url":"https:\/\/blogs.uninter.edu.mx\/ehli\/index.php\/2022\/08\/22\/beneficios-de-aplicar-las-tic-en-el-aula\/","og_site_name":"EHLI","article_published_time":"2022-08-22T10:11:00+00:00","og_image":[{"width":1024,"height":600,"url":"https:\/\/blogs.uninter.edu.mx\/ehli\/wp-content\/uploads\/2022\/08\/1_vxjAHkrXbGG6gOiPZgjeZA.jpeg","type":"image\/jpeg"}],"author":"mocampo","twitter_card":"summary_large_image","twitter_misc":{"Escrito por":"mocampo","Tiempo de lectura":"2 minutos"},"schema":{"@context":"https:\/\/schema.org","@graph":[{"@type":"Article","@id":"https:\/\/blogs.uninter.edu.mx\/ehli\/index.php\/2022\/08\/22\/beneficios-de-aplicar-las-tic-en-el-aula\/#article","isPartOf":{"@id":"https:\/\/blogs.uninter.edu.mx\/ehli\/index.php\/2022\/08\/22\/beneficios-de-aplicar-las-tic-en-el-aula\/"},"author":{"name":"mocampo","@id":"https:\/\/blogs.uninter.edu.mx\/ehli\/#\/schema\/person\/f9426d100dd7db1b2a0be67166f80826"},"headline":"Beneficios de aplicar las TIC en el aula","datePublished":"2022-08-22T10:11:00+00:00","mainEntityOfPage":{"@id":"https:\/\/blogs.uninter.edu.mx\/ehli\/index.php\/2022\/08\/22\/beneficios-de-aplicar-las-tic-en-el-aula\/"},"wordCount":430,"commentCount":0,"image":{"@id":"https:\/\/blogs.uninter.edu.mx\/ehli\/index.php\/2022\/08\/22\/beneficios-de-aplicar-las-tic-en-el-aula\/#primaryimage"},"thumbnailUrl":"https:\/\/blogs.uninter.edu.mx\/ehli\/wp-content\/uploads\/2022\/08\/1_vxjAHkrXbGG6gOiPZgjeZA.jpeg","keywords":["EHLI"],"articleSection":["Comunicaci\u00f3n","Lic. en Comunicaci\u00f3n","Lic. en Comunicaci\u00f3n","Lic. en Comunicaci\u00f3n y Relaciones P\u00fablicas","Lic. en Comunicaci\u00f3n y Relaciones P\u00fablicas"],"inLanguage":"es","potentialAction":[{"@type":"CommentAction","name":"Comment","target":["https:\/\/blogs.uninter.edu.mx\/ehli\/index.php\/2022\/08\/22\/beneficios-de-aplicar-las-tic-en-el-aula\/#respond"]}]},{"@type":"WebPage","@id":"https:\/\/blogs.uninter.edu.mx\/ehli\/index.php\/2022\/08\/22\/beneficios-de-aplicar-las-tic-en-el-aula\/","url":"https:\/\/blogs.uninter.edu.mx\/ehli\/index.php\/2022\/08\/22\/beneficios-de-aplicar-las-tic-en-el-aula\/","name":"Beneficios de aplicar las TIC en el aula - EHLI","isPartOf":{"@id":"https:\/\/blogs.uninter.edu.mx\/ehli\/#website"},"primaryImageOfPage":{"@id":"https:\/\/blogs.uninter.edu.mx\/ehli\/index.php\/2022\/08\/22\/beneficios-de-aplicar-las-tic-en-el-aula\/#primaryimage"},"image":{"@id":"https:\/\/blogs.uninter.edu.mx\/ehli\/index.php\/2022\/08\/22\/beneficios-de-aplicar-las-tic-en-el-aula\/#primaryimage"},"thumbnailUrl":"https:\/\/blogs.uninter.edu.mx\/ehli\/wp-content\/uploads\/2022\/08\/1_vxjAHkrXbGG6gOiPZgjeZA.jpeg","datePublished":"2022-08-22T10:11:00+00:00","author":{"@id":"https:\/\/blogs.uninter.edu.mx\/ehli\/#\/schema\/person\/f9426d100dd7db1b2a0be67166f80826"},"description":"Las\u00a0TIC\u00a0son esenciales cuando se trata de ofrecer a los alumnos una formaci\u00f3n integral que\u00a0desarrolle\u00a0sus capacidades y habilidades digitales, enriqueciendo as\u00ed el proceso de ense\u00f1anza-aprendizaje con\u00a0metodolog\u00edas din\u00e1micas e innovadoras.","breadcrumb":{"@id":"https:\/\/blogs.uninter.edu.mx\/ehli\/index.php\/2022\/08\/22\/beneficios-de-aplicar-las-tic-en-el-aula\/#breadcrumb"},"inLanguage":"es","potentialAction":[{"@type":"ReadAction","target":["https:\/\/blogs.uninter.edu.mx\/ehli\/index.php\/2022\/08\/22\/beneficios-de-aplicar-las-tic-en-el-aula\/"]}]},{"@type":"ImageObject","inLanguage":"es","@id":"https:\/\/blogs.uninter.edu.mx\/ehli\/index.php\/2022\/08\/22\/beneficios-de-aplicar-las-tic-en-el-aula\/#primaryimage","url":"https:\/\/blogs.uninter.edu.mx\/ehli\/wp-content\/uploads\/2022\/08\/1_vxjAHkrXbGG6gOiPZgjeZA.jpeg","contentUrl":"https:\/\/blogs.uninter.edu.mx\/ehli\/wp-content\/uploads\/2022\/08\/1_vxjAHkrXbGG6gOiPZgjeZA.jpeg","width":1024,"height":600},{"@type":"BreadcrumbList","@id":"https:\/\/blogs.uninter.edu.mx\/ehli\/index.php\/2022\/08\/22\/beneficios-de-aplicar-las-tic-en-el-aula\/#breadcrumb","itemListElement":[{"@type":"ListItem","position":1,"name":"Inicio","item":"https:\/\/blogs.uninter.edu.mx\/ehli\/"},{"@type":"ListItem","position":2,"name":"Beneficios de aplicar las TIC en el aula"}]},{"@type":"WebSite","@id":"https:\/\/blogs.uninter.edu.mx\/ehli\/#website","url":"https:\/\/blogs.uninter.edu.mx\/ehli\/","name":"EHLI","description":"UNINTER","potentialAction":[{"@type":"SearchAction","target":{"@type":"EntryPoint","urlTemplate":"https:\/\/blogs.uninter.edu.mx\/ehli\/?s={search_term_string}"},"query-input":{"@type":"PropertyValueSpecification","valueRequired":true,"valueName":"search_term_string"}}],"inLanguage":"es"},{"@type":"Person","@id":"https:\/\/blogs.uninter.edu.mx\/ehli\/#\/schema\/person\/f9426d100dd7db1b2a0be67166f80826","name":"mocampo","image":{"@type":"ImageObject","inLanguage":"es","@id":"https:\/\/secure.gravatar.com\/avatar\/486a87ae86777f2d04f69759eb0a12f435703bd96e4bccfcbe628cd8a4b836c9?s=96&d=mm&r=g","url":"https:\/\/secure.gravatar.com\/avatar\/486a87ae86777f2d04f69759eb0a12f435703bd96e4bccfcbe628cd8a4b836c9?s=96&d=mm&r=g","contentUrl":"https:\/\/secure.gravatar.com\/avatar\/486a87ae86777f2d04f69759eb0a12f435703bd96e4bccfcbe628cd8a4b836c9?s=96&d=mm&r=g","caption":"mocampo"},"url":"https:\/\/blogs.uninter.edu.mx\/ehli\/index.php\/author\/mocampo\/"}]}},"jetpack_featured_media_url":"https:\/\/blogs.uninter.edu.mx\/ehli\/wp-content\/uploads\/2022\/08\/1_vxjAHkrXbGG6gOiPZgjeZA.jpeg","_links":{"self":[{"href":"https:\/\/blogs.uninter.edu.mx\/ehli\/index.php\/wp-json\/wp\/v2\/posts\/7017","targetHints":{"allow":["GET"]}}],"collection":[{"href":"https:\/\/blogs.uninter.edu.mx\/ehli\/index.php\/wp-json\/wp\/v2\/posts"}],"about":[{"href":"https:\/\/blogs.uninter.edu.mx\/ehli\/index.php\/wp-json\/wp\/v2\/types\/post"}],"author":[{"embeddable":true,"href":"https:\/\/blogs.uninter.edu.mx\/ehli\/index.php\/wp-json\/wp\/v2\/users\/28"}],"replies":[{"embeddable":true,"href":"https:\/\/blogs.uninter.edu.mx\/ehli\/index.php\/wp-json\/wp\/v2\/comments?post=7017"}],"version-history":[{"count":1,"href":"https:\/\/blogs.uninter.edu.mx\/ehli\/index.php\/wp-json\/wp\/v2\/posts\/7017\/revisions"}],"predecessor-version":[{"id":7019,"href":"https:\/\/blogs.uninter.edu.mx\/ehli\/index.php\/wp-json\/wp\/v2\/posts\/7017\/revisions\/7019"}],"wp:featuredmedia":[{"embeddable":true,"href":"https:\/\/blogs.uninter.edu.mx\/ehli\/index.php\/wp-json\/wp\/v2\/media\/7018"}],"wp:attachment":[{"href":"https:\/\/blogs.uninter.edu.mx\/ehli\/index.php\/wp-json\/wp\/v2\/media?parent=7017"}],"wp:term":[{"taxonomy":"category","embeddable":true,"href":"https:\/\/blogs.uninter.edu.mx\/ehli\/index.php\/wp-json\/wp\/v2\/categories?post=7017"},{"taxonomy":"post_tag","embeddable":true,"href":"https:\/\/blogs.uninter.edu.mx\/ehli\/index.php\/wp-json\/wp\/v2\/tags?post=7017"}],"curies":[{"name":"wp","href":"https:\/\/api.w.org\/{rel}","templated":true}]}}