{"id":727,"date":"2016-07-20T17:33:32","date_gmt":"2016-07-20T17:33:32","guid":{"rendered":"https:\/\/dheiuninter.wordpress.com\/?p=588"},"modified":"2016-07-20T17:33:32","modified_gmt":"2016-07-20T17:33:32","slug":"la-ex-alumna-de-uninter-aylen-del-toro-estrena-programas-en-tv-azteca","status":"publish","type":"post","link":"https:\/\/blogs.uninter.edu.mx\/ehli\/index.php\/2016\/07\/20\/la-ex-alumna-de-uninter-aylen-del-toro-estrena-programas-en-tv-azteca\/","title":{"rendered":"La ex-alumna de UNINTER Aylen del Toro estrena programas en TV Azteca"},"content":{"rendered":"<p>Aylen del Toro es egresada de la licenciatura en Comunicaci\u00f3n de UNINTER. Empez\u00f3 su carrera como conductora de televisi\u00f3n en el programa &#8220;A-Kuadro&#8221; que transmiti\u00f3 la Universidad Internacional a partir de 2006. \u00a0Un a\u00f1o despu\u00e9s Aylen comienza sus pr\u00e1cticas profesionales en Tv Azteca Morelos, y en el 2009 es transferida a la Ciudad de M\u00e9xico donde conduce la secci\u00f3n del clima en Hechos AM.\u00a0La ex alumna ha salido en la portada de diversas publicaciones como Mujer DF<\/p>\n<p>Dos a\u00f1os despu\u00e9s Aylen es co-conductora principal del noticiero Hechos AM . Actualmente \u00a0conduce el noticiero PuntoMX que se transmite de lunes a viernes a las 9:30 hrs, el programa \u00bfQu\u00e9 hay de comer? a las 13:00 hrs. y por \u00faltimo Panoramas a las 19:00 hrs.<\/p>\n<p>Por todo esto y m\u00e1s Aylen del Toro es #OrgulloUNINTER #OrgulloDHEI \u00a0 \u00a0 \u00a0 \u00a0 \u00a0 \u00a0 \u00a0 \u00a0#OrgulloLCOUninter<\/p>\n\n\t\t<style type=\"text\/css\">\n\t\t\t#gallery-1 {\n\t\t\t\tmargin: auto;\n\t\t\t}\n\t\t\t#gallery-1 .gallery-item {\n\t\t\t\tfloat: left;\n\t\t\t\tmargin-top: 10px;\n\t\t\t\ttext-align: center;\n\t\t\t\twidth: 33%;\n\t\t\t}\n\t\t\t#gallery-1 img {\n\t\t\t\tborder: 2px solid #cfcfcf;\n\t\t\t}\n\t\t\t#gallery-1 .gallery-caption {\n\t\t\t\tmargin-left: 0;\n\t\t\t}\n\t\t\t\/* see gallery_shortcode() in wp-includes\/media.php *\/\n\t\t<\/style>\n\t\t<div id='gallery-1' class='gallery galleryid-727 gallery-columns-3 gallery-size-thumbnail'><dl class='gallery-item'>\n\t\t\t<dt class='gallery-icon landscape'>\n\t\t\t\t<a href='https:\/\/blogs.uninter.edu.mx\/ehli\/index.php\/2016\/07\/20\/la-ex-alumna-de-uninter-aylen-del-toro-estrena-programas-en-tv-azteca\/hechos-ok\/#main'><img loading=\"lazy\" decoding=\"async\" width=\"150\" height=\"150\" src=\"https:\/\/blogs.uninter.edu.mx\/ehli\/wp-content\/uploads\/2016\/07\/hechos-ok-150x150.jpg\" class=\"attachment-thumbnail size-thumbnail\" alt=\"\" srcset=\"https:\/\/blogs.uninter.edu.mx\/ehli\/wp-content\/uploads\/2016\/07\/hechos-ok-150x150.jpg 150w, https:\/\/blogs.uninter.edu.mx\/ehli\/wp-content\/uploads\/2016\/07\/hechos-ok-50x50.jpg 50w\" sizes=\"auto, (max-width: 150px) 100vw, 150px\" \/><\/a>\n\t\t\t<\/dt><\/dl><dl class='gallery-item'>\n\t\t\t<dt class='gallery-icon portrait'>\n\t\t\t\t<a href='https:\/\/blogs.uninter.edu.mx\/ehli\/index.php\/2016\/07\/20\/la-ex-alumna-de-uninter-aylen-del-toro-estrena-programas-en-tv-azteca\/mujer-df-2\/#main'><img loading=\"lazy\" decoding=\"async\" width=\"150\" height=\"150\" src=\"https:\/\/blogs.uninter.edu.mx\/ehli\/wp-content\/uploads\/2016\/07\/mujer-df-2-150x150.jpg\" class=\"attachment-thumbnail size-thumbnail\" alt=\"\" srcset=\"https:\/\/blogs.uninter.edu.mx\/ehli\/wp-content\/uploads\/2016\/07\/mujer-df-2-150x150.jpg 150w, https:\/\/blogs.uninter.edu.mx\/ehli\/wp-content\/uploads\/2016\/07\/mujer-df-2-50x50.jpg 50w\" sizes=\"auto, (max-width: 150px) 100vw, 150px\" \/><\/a>\n\t\t\t<\/dt><\/dl>\n\t\t\t<br style='clear: both' \/>\n\t\t<\/div>\n\n<p>&nbsp;<\/p>\n","protected":false},"excerpt":{"rendered":"<p>Aylen del Toro es egresada de la licenciatura en Comunicaci\u00f3n de UNINTER. Empez\u00f3 su carrera como conductora de televisi\u00f3n en el programa &#8220;A-Kuadro&#8221; que transmiti\u00f3 la Universidad Internacional a partir de 2006. \u00a0Un a\u00f1o despu\u00e9s Aylen comienza sus pr\u00e1cticas profesionales en Tv Azteca Morelos, y en el 2009 es transferida a la Ciudad de M\u00e9xico&hellip;<\/p>\n","protected":false},"author":5,"featured_media":4133,"comment_status":"open","ping_status":"open","sticky":false,"template":"","format":"standard","meta":{"rop_custom_images_group":[],"rop_custom_messages_group":[],"rop_publish_now":"initial","rop_publish_now_accounts":[],"rop_publish_now_history":[],"rop_publish_now_status":"pending","footnotes":""},"categories":[5,110,111,108,1],"tags":[104,114,113,115],"class_list":["post-727","post","type-post","status-publish","format-standard","has-post-thumbnail","hentry","category-cmart","category-lic-en-comunicacion","category-lic-en-comunicacion-y-relaciones-publicas","category-orgullo-dhei","category-sin-categoria","tag-orgullouninter","tag-panoramas","tag-puntomx","tag-quehaydecomertv"],"yoast_head":"<!-- This site is optimized with the Yoast SEO plugin v27.4 - https:\/\/yoast.com\/product\/yoast-seo-wordpress\/ -->\r\n<title>La ex-alumna de UNINTER Aylen del Toro estrena programas en TV Azteca - EHLI<\/title>\r\n<meta name=\"robots\" content=\"index, follow, max-snippet:-1, max-image-preview:large, max-video-preview:-1\" \/>\r\n<link rel=\"canonical\" href=\"https:\/\/blogs.uninter.edu.mx\/ehli\/index.php\/2016\/07\/20\/la-ex-alumna-de-uninter-aylen-del-toro-estrena-programas-en-tv-azteca\/\" \/>\r\n<meta property=\"og:locale\" content=\"es_MX\" \/>\r\n<meta property=\"og:type\" content=\"article\" \/>\r\n<meta property=\"og:title\" content=\"La ex-alumna de UNINTER Aylen del Toro estrena programas en TV Azteca - EHLI\" \/>\r\n<meta property=\"og:description\" content=\"Aylen del Toro es egresada de la licenciatura en Comunicaci\u00f3n de UNINTER. Empez\u00f3 su carrera como conductora de televisi\u00f3n en el programa &#8220;A-Kuadro&#8221; que transmiti\u00f3 la Universidad Internacional a partir de 2006. \u00a0Un a\u00f1o despu\u00e9s Aylen comienza sus pr\u00e1cticas profesionales en Tv Azteca Morelos, y en el 2009 es transferida a la Ciudad de M\u00e9xico&hellip;\" \/>\r\n<meta property=\"og:url\" content=\"https:\/\/blogs.uninter.edu.mx\/ehli\/index.php\/2016\/07\/20\/la-ex-alumna-de-uninter-aylen-del-toro-estrena-programas-en-tv-azteca\/\" \/>\r\n<meta property=\"og:site_name\" content=\"EHLI\" \/>\r\n<meta property=\"article:published_time\" content=\"2016-07-20T17:33:32+00:00\" \/>\r\n<meta property=\"og:image\" content=\"https:\/\/blogs.uninter.edu.mx\/ehli\/wp-content\/uploads\/2016\/07\/mujer-df.jpg\" \/>\r\n\t<meta property=\"og:image:width\" content=\"1285\" \/>\r\n\t<meta property=\"og:image:height\" content=\"502\" \/>\r\n\t<meta property=\"og:image:type\" content=\"image\/jpeg\" \/>\r\n<meta name=\"author\" content=\"Alvaro Vergara Villanueva\" \/>\r\n<meta name=\"twitter:card\" content=\"summary_large_image\" \/>\r\n<meta name=\"twitter:label1\" content=\"Escrito por\" \/>\n\t<meta name=\"twitter:data1\" content=\"Alvaro Vergara Villanueva\" \/>\n\t<meta name=\"twitter:label2\" content=\"Tiempo de lectura\" \/>\n\t<meta name=\"twitter:data2\" content=\"1 minuto\" \/>\r\n<script type=\"application\/ld+json\" class=\"yoast-schema-graph\">{\"@context\":\"https:\\\/\\\/schema.org\",\"@graph\":[{\"@type\":\"Article\",\"@id\":\"https:\\\/\\\/blogs.uninter.edu.mx\\\/ehli\\\/index.php\\\/2016\\\/07\\\/20\\\/la-ex-alumna-de-uninter-aylen-del-toro-estrena-programas-en-tv-azteca\\\/#article\",\"isPartOf\":{\"@id\":\"https:\\\/\\\/blogs.uninter.edu.mx\\\/ehli\\\/index.php\\\/2016\\\/07\\\/20\\\/la-ex-alumna-de-uninter-aylen-del-toro-estrena-programas-en-tv-azteca\\\/\"},\"author\":{\"name\":\"Alvaro Vergara Villanueva\",\"@id\":\"https:\\\/\\\/blogs.uninter.edu.mx\\\/ehli\\\/#\\\/schema\\\/person\\\/acba32de687beb125841e046665a587f\"},\"headline\":\"La ex-alumna de UNINTER Aylen del Toro estrena programas en TV Azteca\",\"datePublished\":\"2016-07-20T17:33:32+00:00\",\"mainEntityOfPage\":{\"@id\":\"https:\\\/\\\/blogs.uninter.edu.mx\\\/ehli\\\/index.php\\\/2016\\\/07\\\/20\\\/la-ex-alumna-de-uninter-aylen-del-toro-estrena-programas-en-tv-azteca\\\/\"},\"wordCount\":157,\"commentCount\":0,\"image\":{\"@id\":\"https:\\\/\\\/blogs.uninter.edu.mx\\\/ehli\\\/index.php\\\/2016\\\/07\\\/20\\\/la-ex-alumna-de-uninter-aylen-del-toro-estrena-programas-en-tv-azteca\\\/#primaryimage\"},\"thumbnailUrl\":\"https:\\\/\\\/blogs.uninter.edu.mx\\\/ehli\\\/wp-content\\\/uploads\\\/2016\\\/07\\\/mujer-df.jpg\",\"keywords\":[\"#orgulloUNINTER\",\"\u202a#\u200ePanoramas\u202c\",\"#PuntoMX\",\"\u202a#\u200eQuehaydecomertv\u202c\"],\"articleSection\":[\"Centro de Medios Audiovisuales, Radio y Televisi\u00f3n (CMART)\",\"Lic. en Comunicaci\u00f3n\",\"Lic. en Comunicaci\u00f3n y Relaciones P\u00fablicas\",\"Orgullo EHLI\"],\"inLanguage\":\"es\",\"potentialAction\":[{\"@type\":\"CommentAction\",\"name\":\"Comment\",\"target\":[\"https:\\\/\\\/blogs.uninter.edu.mx\\\/ehli\\\/index.php\\\/2016\\\/07\\\/20\\\/la-ex-alumna-de-uninter-aylen-del-toro-estrena-programas-en-tv-azteca\\\/#respond\"]}]},{\"@type\":\"WebPage\",\"@id\":\"https:\\\/\\\/blogs.uninter.edu.mx\\\/ehli\\\/index.php\\\/2016\\\/07\\\/20\\\/la-ex-alumna-de-uninter-aylen-del-toro-estrena-programas-en-tv-azteca\\\/\",\"url\":\"https:\\\/\\\/blogs.uninter.edu.mx\\\/ehli\\\/index.php\\\/2016\\\/07\\\/20\\\/la-ex-alumna-de-uninter-aylen-del-toro-estrena-programas-en-tv-azteca\\\/\",\"name\":\"La ex-alumna de UNINTER Aylen del Toro estrena programas en TV Azteca - EHLI\",\"isPartOf\":{\"@id\":\"https:\\\/\\\/blogs.uninter.edu.mx\\\/ehli\\\/#website\"},\"primaryImageOfPage\":{\"@id\":\"https:\\\/\\\/blogs.uninter.edu.mx\\\/ehli\\\/index.php\\\/2016\\\/07\\\/20\\\/la-ex-alumna-de-uninter-aylen-del-toro-estrena-programas-en-tv-azteca\\\/#primaryimage\"},\"image\":{\"@id\":\"https:\\\/\\\/blogs.uninter.edu.mx\\\/ehli\\\/index.php\\\/2016\\\/07\\\/20\\\/la-ex-alumna-de-uninter-aylen-del-toro-estrena-programas-en-tv-azteca\\\/#primaryimage\"},\"thumbnailUrl\":\"https:\\\/\\\/blogs.uninter.edu.mx\\\/ehli\\\/wp-content\\\/uploads\\\/2016\\\/07\\\/mujer-df.jpg\",\"datePublished\":\"2016-07-20T17:33:32+00:00\",\"author\":{\"@id\":\"https:\\\/\\\/blogs.uninter.edu.mx\\\/ehli\\\/#\\\/schema\\\/person\\\/acba32de687beb125841e046665a587f\"},\"breadcrumb\":{\"@id\":\"https:\\\/\\\/blogs.uninter.edu.mx\\\/ehli\\\/index.php\\\/2016\\\/07\\\/20\\\/la-ex-alumna-de-uninter-aylen-del-toro-estrena-programas-en-tv-azteca\\\/#breadcrumb\"},\"inLanguage\":\"es\",\"potentialAction\":[{\"@type\":\"ReadAction\",\"target\":[\"https:\\\/\\\/blogs.uninter.edu.mx\\\/ehli\\\/index.php\\\/2016\\\/07\\\/20\\\/la-ex-alumna-de-uninter-aylen-del-toro-estrena-programas-en-tv-azteca\\\/\"]}]},{\"@type\":\"ImageObject\",\"inLanguage\":\"es\",\"@id\":\"https:\\\/\\\/blogs.uninter.edu.mx\\\/ehli\\\/index.php\\\/2016\\\/07\\\/20\\\/la-ex-alumna-de-uninter-aylen-del-toro-estrena-programas-en-tv-azteca\\\/#primaryimage\",\"url\":\"https:\\\/\\\/blogs.uninter.edu.mx\\\/ehli\\\/wp-content\\\/uploads\\\/2016\\\/07\\\/mujer-df.jpg\",\"contentUrl\":\"https:\\\/\\\/blogs.uninter.edu.mx\\\/ehli\\\/wp-content\\\/uploads\\\/2016\\\/07\\\/mujer-df.jpg\",\"width\":1285,\"height\":502},{\"@type\":\"BreadcrumbList\",\"@id\":\"https:\\\/\\\/blogs.uninter.edu.mx\\\/ehli\\\/index.php\\\/2016\\\/07\\\/20\\\/la-ex-alumna-de-uninter-aylen-del-toro-estrena-programas-en-tv-azteca\\\/#breadcrumb\",\"itemListElement\":[{\"@type\":\"ListItem\",\"position\":1,\"name\":\"Inicio\",\"item\":\"https:\\\/\\\/blogs.uninter.edu.mx\\\/ehli\\\/\"},{\"@type\":\"ListItem\",\"position\":2,\"name\":\"La ex-alumna de UNINTER Aylen del Toro estrena programas en TV Azteca\"}]},{\"@type\":\"WebSite\",\"@id\":\"https:\\\/\\\/blogs.uninter.edu.mx\\\/ehli\\\/#website\",\"url\":\"https:\\\/\\\/blogs.uninter.edu.mx\\\/ehli\\\/\",\"name\":\"EHLI\",\"description\":\"UNINTER\",\"potentialAction\":[{\"@type\":\"SearchAction\",\"target\":{\"@type\":\"EntryPoint\",\"urlTemplate\":\"https:\\\/\\\/blogs.uninter.edu.mx\\\/ehli\\\/?s={search_term_string}\"},\"query-input\":{\"@type\":\"PropertyValueSpecification\",\"valueRequired\":true,\"valueName\":\"search_term_string\"}}],\"inLanguage\":\"es\"},{\"@type\":\"Person\",\"@id\":\"https:\\\/\\\/blogs.uninter.edu.mx\\\/ehli\\\/#\\\/schema\\\/person\\\/acba32de687beb125841e046665a587f\",\"name\":\"Alvaro Vergara Villanueva\",\"image\":{\"@type\":\"ImageObject\",\"inLanguage\":\"es\",\"@id\":\"https:\\\/\\\/secure.gravatar.com\\\/avatar\\\/a92518eaffc8d6688193c1097403a68f4affa202b8de3448474f864e1ae1e7c3?s=96&d=mm&r=g\",\"url\":\"https:\\\/\\\/secure.gravatar.com\\\/avatar\\\/a92518eaffc8d6688193c1097403a68f4affa202b8de3448474f864e1ae1e7c3?s=96&d=mm&r=g\",\"contentUrl\":\"https:\\\/\\\/secure.gravatar.com\\\/avatar\\\/a92518eaffc8d6688193c1097403a68f4affa202b8de3448474f864e1ae1e7c3?s=96&d=mm&r=g\",\"caption\":\"Alvaro Vergara Villanueva\"},\"url\":\"https:\\\/\\\/blogs.uninter.edu.mx\\\/ehli\\\/index.php\\\/author\\\/avergara\\\/\"}]}<\/script>\r\n<!-- \/ Yoast SEO plugin. -->","yoast_head_json":{"title":"La ex-alumna de UNINTER Aylen del Toro estrena programas en TV Azteca - EHLI","robots":{"index":"index","follow":"follow","max-snippet":"max-snippet:-1","max-image-preview":"max-image-preview:large","max-video-preview":"max-video-preview:-1"},"canonical":"https:\/\/blogs.uninter.edu.mx\/ehli\/index.php\/2016\/07\/20\/la-ex-alumna-de-uninter-aylen-del-toro-estrena-programas-en-tv-azteca\/","og_locale":"es_MX","og_type":"article","og_title":"La ex-alumna de UNINTER Aylen del Toro estrena programas en TV Azteca - EHLI","og_description":"Aylen del Toro es egresada de la licenciatura en Comunicaci\u00f3n de UNINTER. Empez\u00f3 su carrera como conductora de televisi\u00f3n en el programa &#8220;A-Kuadro&#8221; que transmiti\u00f3 la Universidad Internacional a partir de 2006. \u00a0Un a\u00f1o despu\u00e9s Aylen comienza sus pr\u00e1cticas profesionales en Tv Azteca Morelos, y en el 2009 es transferida a la Ciudad de M\u00e9xico&hellip;","og_url":"https:\/\/blogs.uninter.edu.mx\/ehli\/index.php\/2016\/07\/20\/la-ex-alumna-de-uninter-aylen-del-toro-estrena-programas-en-tv-azteca\/","og_site_name":"EHLI","article_published_time":"2016-07-20T17:33:32+00:00","og_image":[{"width":1285,"height":502,"url":"https:\/\/blogs.uninter.edu.mx\/ehli\/wp-content\/uploads\/2016\/07\/mujer-df.jpg","type":"image\/jpeg"}],"author":"Alvaro Vergara Villanueva","twitter_card":"summary_large_image","twitter_misc":{"Escrito por":"Alvaro Vergara Villanueva","Tiempo de lectura":"1 minuto"},"schema":{"@context":"https:\/\/schema.org","@graph":[{"@type":"Article","@id":"https:\/\/blogs.uninter.edu.mx\/ehli\/index.php\/2016\/07\/20\/la-ex-alumna-de-uninter-aylen-del-toro-estrena-programas-en-tv-azteca\/#article","isPartOf":{"@id":"https:\/\/blogs.uninter.edu.mx\/ehli\/index.php\/2016\/07\/20\/la-ex-alumna-de-uninter-aylen-del-toro-estrena-programas-en-tv-azteca\/"},"author":{"name":"Alvaro Vergara Villanueva","@id":"https:\/\/blogs.uninter.edu.mx\/ehli\/#\/schema\/person\/acba32de687beb125841e046665a587f"},"headline":"La ex-alumna de UNINTER Aylen del Toro estrena programas en TV Azteca","datePublished":"2016-07-20T17:33:32+00:00","mainEntityOfPage":{"@id":"https:\/\/blogs.uninter.edu.mx\/ehli\/index.php\/2016\/07\/20\/la-ex-alumna-de-uninter-aylen-del-toro-estrena-programas-en-tv-azteca\/"},"wordCount":157,"commentCount":0,"image":{"@id":"https:\/\/blogs.uninter.edu.mx\/ehli\/index.php\/2016\/07\/20\/la-ex-alumna-de-uninter-aylen-del-toro-estrena-programas-en-tv-azteca\/#primaryimage"},"thumbnailUrl":"https:\/\/blogs.uninter.edu.mx\/ehli\/wp-content\/uploads\/2016\/07\/mujer-df.jpg","keywords":["#orgulloUNINTER","\u202a#\u200ePanoramas\u202c","#PuntoMX","\u202a#\u200eQuehaydecomertv\u202c"],"articleSection":["Centro de Medios Audiovisuales, Radio y Televisi\u00f3n (CMART)","Lic. en Comunicaci\u00f3n","Lic. en Comunicaci\u00f3n y Relaciones P\u00fablicas","Orgullo EHLI"],"inLanguage":"es","potentialAction":[{"@type":"CommentAction","name":"Comment","target":["https:\/\/blogs.uninter.edu.mx\/ehli\/index.php\/2016\/07\/20\/la-ex-alumna-de-uninter-aylen-del-toro-estrena-programas-en-tv-azteca\/#respond"]}]},{"@type":"WebPage","@id":"https:\/\/blogs.uninter.edu.mx\/ehli\/index.php\/2016\/07\/20\/la-ex-alumna-de-uninter-aylen-del-toro-estrena-programas-en-tv-azteca\/","url":"https:\/\/blogs.uninter.edu.mx\/ehli\/index.php\/2016\/07\/20\/la-ex-alumna-de-uninter-aylen-del-toro-estrena-programas-en-tv-azteca\/","name":"La ex-alumna de UNINTER Aylen del Toro estrena programas en TV Azteca - EHLI","isPartOf":{"@id":"https:\/\/blogs.uninter.edu.mx\/ehli\/#website"},"primaryImageOfPage":{"@id":"https:\/\/blogs.uninter.edu.mx\/ehli\/index.php\/2016\/07\/20\/la-ex-alumna-de-uninter-aylen-del-toro-estrena-programas-en-tv-azteca\/#primaryimage"},"image":{"@id":"https:\/\/blogs.uninter.edu.mx\/ehli\/index.php\/2016\/07\/20\/la-ex-alumna-de-uninter-aylen-del-toro-estrena-programas-en-tv-azteca\/#primaryimage"},"thumbnailUrl":"https:\/\/blogs.uninter.edu.mx\/ehli\/wp-content\/uploads\/2016\/07\/mujer-df.jpg","datePublished":"2016-07-20T17:33:32+00:00","author":{"@id":"https:\/\/blogs.uninter.edu.mx\/ehli\/#\/schema\/person\/acba32de687beb125841e046665a587f"},"breadcrumb":{"@id":"https:\/\/blogs.uninter.edu.mx\/ehli\/index.php\/2016\/07\/20\/la-ex-alumna-de-uninter-aylen-del-toro-estrena-programas-en-tv-azteca\/#breadcrumb"},"inLanguage":"es","potentialAction":[{"@type":"ReadAction","target":["https:\/\/blogs.uninter.edu.mx\/ehli\/index.php\/2016\/07\/20\/la-ex-alumna-de-uninter-aylen-del-toro-estrena-programas-en-tv-azteca\/"]}]},{"@type":"ImageObject","inLanguage":"es","@id":"https:\/\/blogs.uninter.edu.mx\/ehli\/index.php\/2016\/07\/20\/la-ex-alumna-de-uninter-aylen-del-toro-estrena-programas-en-tv-azteca\/#primaryimage","url":"https:\/\/blogs.uninter.edu.mx\/ehli\/wp-content\/uploads\/2016\/07\/mujer-df.jpg","contentUrl":"https:\/\/blogs.uninter.edu.mx\/ehli\/wp-content\/uploads\/2016\/07\/mujer-df.jpg","width":1285,"height":502},{"@type":"BreadcrumbList","@id":"https:\/\/blogs.uninter.edu.mx\/ehli\/index.php\/2016\/07\/20\/la-ex-alumna-de-uninter-aylen-del-toro-estrena-programas-en-tv-azteca\/#breadcrumb","itemListElement":[{"@type":"ListItem","position":1,"name":"Inicio","item":"https:\/\/blogs.uninter.edu.mx\/ehli\/"},{"@type":"ListItem","position":2,"name":"La ex-alumna de UNINTER Aylen del Toro estrena programas en TV Azteca"}]},{"@type":"WebSite","@id":"https:\/\/blogs.uninter.edu.mx\/ehli\/#website","url":"https:\/\/blogs.uninter.edu.mx\/ehli\/","name":"EHLI","description":"UNINTER","potentialAction":[{"@type":"SearchAction","target":{"@type":"EntryPoint","urlTemplate":"https:\/\/blogs.uninter.edu.mx\/ehli\/?s={search_term_string}"},"query-input":{"@type":"PropertyValueSpecification","valueRequired":true,"valueName":"search_term_string"}}],"inLanguage":"es"},{"@type":"Person","@id":"https:\/\/blogs.uninter.edu.mx\/ehli\/#\/schema\/person\/acba32de687beb125841e046665a587f","name":"Alvaro Vergara Villanueva","image":{"@type":"ImageObject","inLanguage":"es","@id":"https:\/\/secure.gravatar.com\/avatar\/a92518eaffc8d6688193c1097403a68f4affa202b8de3448474f864e1ae1e7c3?s=96&d=mm&r=g","url":"https:\/\/secure.gravatar.com\/avatar\/a92518eaffc8d6688193c1097403a68f4affa202b8de3448474f864e1ae1e7c3?s=96&d=mm&r=g","contentUrl":"https:\/\/secure.gravatar.com\/avatar\/a92518eaffc8d6688193c1097403a68f4affa202b8de3448474f864e1ae1e7c3?s=96&d=mm&r=g","caption":"Alvaro Vergara Villanueva"},"url":"https:\/\/blogs.uninter.edu.mx\/ehli\/index.php\/author\/avergara\/"}]}},"jetpack_featured_media_url":"https:\/\/blogs.uninter.edu.mx\/ehli\/wp-content\/uploads\/2016\/07\/mujer-df.jpg","_links":{"self":[{"href":"https:\/\/blogs.uninter.edu.mx\/ehli\/index.php\/wp-json\/wp\/v2\/posts\/727","targetHints":{"allow":["GET"]}}],"collection":[{"href":"https:\/\/blogs.uninter.edu.mx\/ehli\/index.php\/wp-json\/wp\/v2\/posts"}],"about":[{"href":"https:\/\/blogs.uninter.edu.mx\/ehli\/index.php\/wp-json\/wp\/v2\/types\/post"}],"author":[{"embeddable":true,"href":"https:\/\/blogs.uninter.edu.mx\/ehli\/index.php\/wp-json\/wp\/v2\/users\/5"}],"replies":[{"embeddable":true,"href":"https:\/\/blogs.uninter.edu.mx\/ehli\/index.php\/wp-json\/wp\/v2\/comments?post=727"}],"version-history":[{"count":0,"href":"https:\/\/blogs.uninter.edu.mx\/ehli\/index.php\/wp-json\/wp\/v2\/posts\/727\/revisions"}],"wp:featuredmedia":[{"embeddable":true,"href":"https:\/\/blogs.uninter.edu.mx\/ehli\/index.php\/wp-json\/wp\/v2\/media\/4133"}],"wp:attachment":[{"href":"https:\/\/blogs.uninter.edu.mx\/ehli\/index.php\/wp-json\/wp\/v2\/media?parent=727"}],"wp:term":[{"taxonomy":"category","embeddable":true,"href":"https:\/\/blogs.uninter.edu.mx\/ehli\/index.php\/wp-json\/wp\/v2\/categories?post=727"},{"taxonomy":"post_tag","embeddable":true,"href":"https:\/\/blogs.uninter.edu.mx\/ehli\/index.php\/wp-json\/wp\/v2\/tags?post=727"}],"curies":[{"name":"wp","href":"https:\/\/api.w.org\/{rel}","templated":true}]}}