{"id":7279,"date":"2022-09-09T20:27:24","date_gmt":"2022-09-09T20:27:24","guid":{"rendered":"https:\/\/blogs.uninter.edu.mx\/ehli\/?p=7279"},"modified":"2022-09-09T20:44:40","modified_gmt":"2022-09-09T20:44:40","slug":"la-reina-isabel-ii-en-la-literatura-diez-libros-para-conocer-a-la-reina-de-reyes","status":"publish","type":"post","link":"https:\/\/blogs.uninter.edu.mx\/ehli\/index.php\/2022\/09\/09\/la-reina-isabel-ii-en-la-literatura-diez-libros-para-conocer-a-la-reina-de-reyes\/","title":{"rendered":"La reina Isabel II en la literatura: diez libros para conocer a la reina de reyes"},"content":{"rendered":"\n<p>Como icono del siglo XX&nbsp;en el arte,&nbsp;las pantallas&nbsp;y la historia, el carisma&nbsp;de la<a href=\"https:\/\/www.rtve.es\/noticias\/20220908\/muere-reina-isabel-ii\/2401388.shtml\">&nbsp;reina Isabel II<\/a>&nbsp;tambi\u00e9n ha generado una abundant\u00edsima bibliograf\u00eda&nbsp;<strong>en un flujo&nbsp;natural entre la&nbsp;realidad y la ficci\u00f3n m\u00e1s bizarra&nbsp;<\/strong>(la monarca tambi\u00e9n se transform\u00f3 en detective en una serie de novelas).<\/p>\n\n\n\n<p>La vida de la reina que no estaba destinada a reinar y las peripecias de la saga de los Windsor son fuente de atracci\u00f3n inagotable entre el p\u00fablico, y&nbsp;<strong>existen decenas de biograf\u00edas que escrutan al mil\u00edmetro los 70 hist\u00f3ricos&nbsp;a\u00f1os de reinado&nbsp;<\/strong>en un maridaje perfecto&nbsp;entre la persona y el personaje.&nbsp;A continuaci\u00f3n, una selecci\u00f3n de diez t\u00edtulos destacables, en espa\u00f1ol y en ingl\u00e9s, para aproximarse a su figura&nbsp;desde diferentes \u00e1ngulos, si es que quedaba alg\u00fan resquicio por explorar.<\/p>\n\n\n\n<h3 class=\"has-text-align-center wp-block-heading\"><strong><em>La reina<\/em>, Andrew Morton<\/strong><\/h3>\n\n\n<div class=\"wp-block-image\">\n<figure class=\"alignleft size-full is-resized\"><img loading=\"lazy\" decoding=\"async\" src=\"https:\/\/blogs.uninter.edu.mx\/ehli\/wp-content\/uploads\/2022\/09\/image-5.png\" alt=\"\" class=\"wp-image-7281\" width=\"171\" height=\"260\"\/><\/figure>\n<\/div>\n\n\n<p>En 1992, Morton dio el campanazo con&nbsp;<em>Diana: su verdadera historia<\/em>, el libro<strong>&nbsp;que revelaba el mundo secreto de la desaparecida Diana de Gales<\/strong>&nbsp;y que a su vez tambale\u00f3 lo cimientos de la estable monarqu\u00eda brit\u00e1nica.<\/p>\n\n\n\n<p>En noviembre, se publicar\u00e1 en espa\u00f1ol&nbsp;<em>La reina<\/em>&nbsp;en la que el autor descubrir\u00e1 nuevos detalles&nbsp;<strong>&#8220;no solo de la mujer sino tambi\u00e9n de su mundo&#8221;<\/strong>&nbsp;en una biograf\u00eda que cuanto menos genera expectaci\u00f3n, como ha avanzado&nbsp;la editorial Espasa.&nbsp;Andrew Morton es el autor de algunas de las&nbsp;<em>biopics<\/em>&nbsp;m\u00e1s vendidas de las \u00faltimas d\u00e9cadas, como la de Madonna, Monica Lewinsky, los Beckham, Tom Cruise o Angelina Jolie.<\/p>\n\n\n\n<h3 class=\"has-text-align-center wp-block-heading\"><strong><em>Los Windsor<\/em>,&nbsp;Kitty Kelley<\/strong><\/h3>\n\n\n<div class=\"wp-block-image\">\n<figure class=\"alignleft size-full is-resized\"><img loading=\"lazy\" decoding=\"async\" src=\"https:\/\/blogs.uninter.edu.mx\/ehli\/wp-content\/uploads\/2022\/09\/image-6.png\" alt=\"\" class=\"wp-image-7282\" width=\"186\" height=\"248\"\/><\/figure>\n<\/div>\n\n\n<p>La investigadora estadounidense dedic\u00f3 m\u00e1s de cuatro a\u00f1os de su vida y realiz\u00f3 &#8220;m\u00e1s de 800 entrevistas&#8221; para completar esta voluminosa biograf\u00eda que arras\u00f3 en su publicaci\u00f3n en 1997&nbsp;(Plaza y Jan\u00e9s),&nbsp;<strong>coincidiendo con la muerte de Diana de Gales.<\/strong>&nbsp;<\/p>\n\n\n\n<p>Kelley est\u00e1 valorada como una de las mayores expertas en la Casa Real brit\u00e1nica en un texto&nbsp;<strong>que radiograf\u00eda a los Windsor con precisi\u00f3n meticulosa<\/strong>&#8211; a caballo de las&nbsp;filias y fobias entre sus miembros- y permite reflexionar sobre la evoluci\u00f3n a trav\u00e9s del tiempo de una de las familias&nbsp;m\u00e1s c\u00e9lebres del planeta.<\/p>\n\n\n\n<h3 class=\"has-text-align-center wp-block-heading\"><strong><em>La saga de los Windsor<\/em>,&nbsp;Jean des Cars<\/strong><\/h3>\n\n\n<div class=\"wp-block-image\">\n<figure class=\"alignleft size-full is-resized\"><img loading=\"lazy\" decoding=\"async\" src=\"https:\/\/blogs.uninter.edu.mx\/ehli\/wp-content\/uploads\/2022\/09\/image-7.png\" alt=\"\" class=\"wp-image-7283\" width=\"142\" height=\"218\"\/><\/figure>\n<\/div>\n\n\n<p>En esta l\u00ednea quir\u00fargica, el historiador franc\u00e9s&nbsp;<strong>reconstruye la trayectoria sentimental de la dinast\u00eda<\/strong>&nbsp;con&nbsp;rigor y abundante documentaci\u00f3n y dibuja un universo de &#8220;pompa y esplendor&#8221;. Sit\u00faa a la reina Isabel II como eje principal en un recorrido con ingredientes como &#8220;traici\u00f3n, celos, matrimonios de conveniencia, espionaje, estado, poder, amor, esc\u00e1ndalo&#8221;, mientras plantea&nbsp;una pregunta que sobrevuela sus p\u00e1ginas: \u00bfqu\u00e9 significa pertenecer a la saga de los Windsor?.<\/p>\n\n\n\n<h3 class=\"has-text-align-center wp-block-heading\"><strong><em>Mi marido y yo,&nbsp;<\/em>Ingrid Seward<\/strong><\/h3>\n\n\n<div class=\"wp-block-image\">\n<figure class=\"alignleft size-full is-resized\"><img loading=\"lazy\" decoding=\"async\" src=\"https:\/\/blogs.uninter.edu.mx\/ehli\/wp-content\/uploads\/2022\/09\/image-8.png\" alt=\"\" class=\"wp-image-7284\" width=\"141\" height=\"217\"\/><\/figure>\n<\/div>\n\n\n<p><em>&#8220;Ha sido, sencillamente, mi fuerza y apoyo durante todos estos a\u00f1os, y yo, y toda su familia, y tanto este como muchos otros pa\u00edses, tenemos una deuda con \u00e9l mucho mayor de la que \u00e9l nunca reclamar\u00eda, o de la que nosotros ser\u00edamos conscientes&#8221;.&nbsp;<\/em>Son las palabras de admiraci\u00f3n de la reina a su esposo.<\/p>\n\n\n\n<p><a href=\"https:\/\/www.rtve.es\/play\/videos\/noticias-24h\/muere-felipe-de-edimburgo-a-los-99-anos\/5837880\/\">A ra\u00edz de su reciente fallecimiento&nbsp;<\/a><strong>y aupada por el efecto bola de nieve de la serie&nbsp;<em>The Crown<\/em><\/strong><em>,<\/em>&nbsp;se public\u00f3<em>&nbsp;Mi marido y yo: Toda la verdad del matrimonio de Isabel II y Felipe de Edimburgo<\/em>,&nbsp;la historia de un matrimonio real: desde su boda que ilumin\u00f3 un Reino Unido quebrado por las traumas de posguerra hasta los &#8220;problemas internos&#8221; que afectaron a la pareja en relaci\u00f3n a la crianza de sus hijos.<\/p>\n\n\n\n<h3 class=\"has-text-align-center wp-block-heading\"><strong><em>Las princesas Isabel y Margarita de Inglaterra<\/em>, Marion Crawford<\/strong><\/h3>\n\n\n<div class=\"wp-block-image\">\n<figure class=\"alignleft size-full is-resized\"><img loading=\"lazy\" decoding=\"async\" src=\"https:\/\/blogs.uninter.edu.mx\/ehli\/wp-content\/uploads\/2022\/09\/image-9.png\" alt=\"\" class=\"wp-image-7285\" width=\"134\" height=\"210\"\/><\/figure>\n<\/div>\n\n\n<p>Crawford cuid\u00f3 de las princesas durante a\u00f1os y procur\u00f3 aportarles una p\u00e1tina de &#8220;vida normal&#8221;. Fue un miembro apreciado por la familia, para la que trabajaba<strong>&nbsp;en condiciones leoninas<\/strong>, bajo un acuerdo de discreci\u00f3n que se rompi\u00f3 cuando la institutriz revel\u00f3 detalles como &#8220;la frialdad de la reina con Wallis Simpson&#8221; o el &#8220;mal car\u00e1cter del rey&#8221;, entre otras an\u00e9cdotas.&nbsp;<\/p>\n\n\n\n<p><em>Las princesas&nbsp;<\/em><a href=\"https:\/\/www.rtve.es\/television\/20211229\/mujer-traiciono-isabel-ii-antes-meghan-markle\/2244169.shtml\">se convirti\u00f3 en un fen\u00f3meno editorial en 1950<\/a>&nbsp;y automaticamente transform\u00f3 a Marion Crawford en la primera empleada vetada por la Casa Real (nadie acudi\u00f3 a su entierro. le quitaron su casa y fue condenada al ostracismo). Un esc\u00e1ndalo menor si se compara con el inter\u00e9s de la prensa rosa sobre los Windsor de las \u00faltimas d\u00e9cadas y una curiosa lupa sobre la infancia de la reina.<\/p>\n\n\n\n<h3 class=\"has-text-align-center wp-block-heading\"><strong><em>El nudo Windsor,&nbsp;<\/em>&nbsp;S.J. Bennet<\/strong><\/h3>\n\n\n<div class=\"wp-block-image\">\n<figure class=\"alignleft size-full is-resized\"><img loading=\"lazy\" decoding=\"async\" src=\"https:\/\/blogs.uninter.edu.mx\/ehli\/wp-content\/uploads\/2022\/09\/image-10.png\" alt=\"\" class=\"wp-image-7286\" width=\"149\" height=\"240\"\/><\/figure>\n<\/div>\n\n\n<p>Una novela exc\u00e9ntrica y divertida con la reina como protagonista (Salamandra). La figura de Isabel II ha saltado directamente a las p\u00e1ginas de la literatura de misterio, en un gui\u00f1o perfectamente engarzado, con la serie de la reina investigadora, de S.J. Bennet,&nbsp;<strong>donde la monarca se convierte en una especie de avezada Miss Marple<\/strong>.<\/p>\n\n\n\n<p>Una supersabueso que supera en ingenio a esp\u00edas y polic\u00edas juntos.&nbsp;<strong>La reina mantiene una especie de doble indentidad&nbsp;<\/strong>mientras cumple con sus obligaciones, sin dejar de lado su imprescindible taza de t\u00e9 o a sus perros, mientras resuelve los cr\u00edmenes m\u00e1s enrevesados.<\/p>\n\n\n\n<h3 class=\"has-text-align-center wp-block-heading\"><strong><em>Una lectora nada com\u00fan,&nbsp;<\/em>Alan Bennet<\/strong><\/h3>\n\n\n<div class=\"wp-block-image\">\n<figure class=\"alignleft size-full is-resized\"><img loading=\"lazy\" decoding=\"async\" src=\"https:\/\/blogs.uninter.edu.mx\/ehli\/wp-content\/uploads\/2022\/09\/image-11.png\" alt=\"\" class=\"wp-image-7287\" width=\"166\" height=\"264\"\/><\/figure>\n<\/div>\n\n\n<p>El dramaturgo y guionista&nbsp;<strong>Alan Bennet&nbsp;<\/strong>presenta en&nbsp;<em>Una lectora nada com\u00fan<\/em>&nbsp;(Anagrama) a una reina devorada por la pasi\u00f3n lectora. Una suerte de cuento de hadas en el que Isabel II es la palanca para reflexionar sobre el poder del arte.<\/p>\n\n\n\n<p>&#8220;Pero ya que estaba all\u00ed, la reina decide llevarse un libro.&nbsp;<strong>\u00bfY qu\u00e9 puede interesar a alguien cuyo \u00fanico oficio es mostrarse interesada?<\/strong>&nbsp;Porque una reina nunca debe ser interesante, ni tener otros intereses que los de sus s\u00fabditos. Y jam\u00e1s habla de sus gustos, s\u00f3lo pregunta por los de ellos&#8221;. As\u00ed arranca esta f\u00e1bula.<\/p>\n\n\n\n<h3 class=\"has-text-align-center wp-block-heading\"><strong><em>Elizabeth the Queen: The Life of a Modern Monarch<\/em>,&nbsp;Sally Bedell Smith<\/strong><\/h3>\n\n\n<div class=\"wp-block-image\">\n<figure class=\"alignleft size-full is-resized\"><img loading=\"lazy\" decoding=\"async\" src=\"https:\/\/blogs.uninter.edu.mx\/ehli\/wp-content\/uploads\/2022\/09\/image-12.png\" alt=\"\" class=\"wp-image-7288\" width=\"164\" height=\"249\"\/><\/figure>\n<\/div>\n\n\n<p>Uno de las biograf\u00edas consideradas como imprescindibles (2012)&nbsp;<strong>por su aportaci\u00f3n de detalles in\u00e9ditos y por su aproximaci\u00f3n personal con objetividad, seg\u00fan los expertos.<\/strong>&nbsp;La estadounidense Bedell accedi\u00f3 a correspondencia privada para bosquejar un retrato completo que observa la vida&nbsp;diaria de la reina cuajada de viajes, reuniones,&nbsp;problemas inesperados o su trato con sus hijos y nietos. Este volumen todav\u00eda no ha sido editado en espa\u00f1ol pero ha&nbsp;recibido alabanzas un\u00e1nimes de la cr\u00edtica internacional.<\/p>\n\n\n\n<h3 class=\"has-text-align-center wp-block-heading\"><strong><em>Dressing the Queen: The Jubilee Wardrobe<\/em>, Angela Kelly<\/strong><\/h3>\n\n\n<div class=\"wp-block-image\">\n<figure class=\"alignleft size-full is-resized\"><img loading=\"lazy\" decoding=\"async\" src=\"https:\/\/blogs.uninter.edu.mx\/ehli\/wp-content\/uploads\/2022\/09\/image-13.png\" alt=\"\" class=\"wp-image-7289\" width=\"162\" height=\"206\"\/><\/figure>\n<\/div>\n\n\n<p>Angela Kelly ha sido durante media vida la mano derecha de Isabel II, la persona encargada&nbsp;<strong>de su ic\u00f3nico vestuario<\/strong>&nbsp;y peinado, es decir, una de las pocas figuras verdaderamente cercanas a la monarca y a su intimidad. La conocida como &#8220;guardiana&#8221; de la reina desglosa en este volumen en ingl\u00e9s&nbsp;c\u00f3mo ha sido su relaci\u00f3n&nbsp;<strong>&#8220;de profunda admiraci\u00f3n y cari\u00f1o&#8221; en este tiempo<\/strong>, lo hace con el consentimiento de la dirigente, algo poco habitual a la hora de publicar.<\/p>\n\n\n\n<p>&#8220;Supongo que le deb\u00ed de gustar a la reina y decidi\u00f3 que era de fiar y discreta\u201d, asegur\u00f3 la confidente&nbsp;en 2007 a&nbsp;<em>The Telegraph<\/em>&nbsp;sobre el encuentro fortuito que las unir\u00eda para siempre. Kelly posee sus propios aposentos en Windsor y de su mano sali\u00f3 el alabado conjunto amarillo que luci\u00f3 Isabel de Inglaterra&nbsp;<strong>en la boda de los duques de Cambridge.&nbsp;<\/strong><\/p>\n\n\n\n<h3 class=\"has-text-align-center wp-block-heading\"><strong><em>The Diamond Queen<\/em>, Andrew Marr<\/strong><\/h3>\n\n\n<div class=\"wp-block-image\">\n<figure class=\"alignleft size-full is-resized\"><img loading=\"lazy\" decoding=\"async\" src=\"https:\/\/blogs.uninter.edu.mx\/ehli\/wp-content\/uploads\/2022\/09\/image-14.png\" alt=\"\" class=\"wp-image-7290\" width=\"178\" height=\"270\"\/><\/figure>\n<\/div>\n\n\n<p>En esta biograf\u00eda Andrew Marr, periodista y amigo personal,&nbsp;aborda la cuesti\u00f3n de c\u00f3mo un monarca personifica el Estado&nbsp;<strong>y la paradoja de c\u00f3mo es posible este retrato.&nbsp;<\/strong>\u00bfQui\u00e9n conoci\u00f3 la verdad?, se pregunta el bi\u00f3grafo&nbsp;en este&nbsp;libro considerado una de los t\u00edtulos de cabecera imprescindibles sobre el mito y su repercusi\u00f3n mundial.<\/p>\n\n\n\n<p>Organizado tem\u00e1ticamente, en lugar de cronol\u00f3gicamente, Marr disecciona las relaciones pol\u00edticas de la reina con sus Primeros Ministros.&nbsp;Examina su papel como Jefa de la Commonwealth y analiza los cambios dr\u00e1sticos en los medios desde su ascenso al trono en 1952 y c\u00f3mo la monarqu\u00eda ha&nbsp;tenido que&nbsp;adaptarse&nbsp;<strong>y &#8220;modernizarse&#8221;, abriendo una&nbsp;&#8220;nueva era isabelina&#8221;.<\/strong><\/p>\n\n\n\n<p><\/p>\n\n\n\n<p><strong>Referencias:<\/strong><\/p>\n\n\n\n<ul class=\"wp-block-list\"><li><a href=\"https:\/\/www.rtve.es\/noticias\/20220909\/reina-isabel-ii-literatura-diez-libros-para-conocer-reina-reyes\/2401491.shtml\">&#8220;La reina Isabel II en la literatura: diez libros para conocer a la reina de reyes&#8221; <\/a>en \u201cCulturizando\u201d.<\/li><\/ul>\n\n\n\n<p>\u00danete a nuestra comunidad UNINTER y s\u00edguenos en las redes sociales:<\/p>\n\n\n\n<p><a href=\"https:\/\/www.facebook.com\/uninteredu\">Facebook<\/a><br><a href=\"https:\/\/www.facebook.com\/unintereduhttps:\/www.instagram.com\/uninter_cuerna\/https:\/universidad.uninter.edu.mx\/\">Instagram<\/a><br><a href=\"https:\/\/www.facebook.com\/unintereduhttps:\/www.instagram.com\/uninter_cuerna\/https:\/universidad.uninter.edu.mx\/\">Enlace de la universidad<\/a><\/p>\n","protected":false},"excerpt":{"rendered":"<p>Como icono del siglo XX&nbsp;en el arte,&nbsp;las pantallas&nbsp;y la historia, el carisma&nbsp;de la&nbsp;reina Isabel II&nbsp;tambi\u00e9n ha generado una abundant\u00edsima bibliograf\u00eda&nbsp;en un flujo&nbsp;natural entre la&nbsp;realidad y la ficci\u00f3n m\u00e1s bizarra&nbsp;(la monarca tambi\u00e9n se transform\u00f3 en detective en una serie de novelas). La vida de la reina que no estaba destinada a reinar y las peripecias de&hellip;<\/p>\n","protected":false},"author":13,"featured_media":7292,"comment_status":"open","ping_status":"open","sticky":false,"template":"","format":"standard","meta":{"rop_custom_images_group":[],"rop_custom_messages_group":[],"rop_publish_now":"initial","rop_publish_now_accounts":[],"rop_publish_now_history":[],"rop_publish_now_status":"pending","footnotes":""},"categories":[308,137,11],"tags":[],"class_list":["post-7279","post","type-post","status-publish","format-standard","has-post-thumbnail","hentry","category-letras","category-lic-en-ensenanza-del-espanol-y-literatura","category-lid"],"yoast_head":"<!-- This site is optimized with the Yoast SEO plugin v27.4 - https:\/\/yoast.com\/product\/yoast-seo-wordpress\/ -->\r\n<title>La reina Isabel II en la literatura: diez libros para conocer a la reina de reyes - EHLI<\/title>\r\n<meta name=\"robots\" content=\"index, follow, max-snippet:-1, max-image-preview:large, max-video-preview:-1\" \/>\r\n<link rel=\"canonical\" href=\"https:\/\/blogs.uninter.edu.mx\/ehli\/index.php\/2022\/09\/09\/la-reina-isabel-ii-en-la-literatura-diez-libros-para-conocer-a-la-reina-de-reyes\/\" \/>\r\n<meta property=\"og:locale\" content=\"es_MX\" \/>\r\n<meta property=\"og:type\" content=\"article\" \/>\r\n<meta property=\"og:title\" content=\"La reina Isabel II en la literatura: diez libros para conocer a la reina de reyes - EHLI\" \/>\r\n<meta property=\"og:description\" content=\"Como icono del siglo XX&nbsp;en el arte,&nbsp;las pantallas&nbsp;y la historia, el carisma&nbsp;de la&nbsp;reina Isabel II&nbsp;tambi\u00e9n ha generado una abundant\u00edsima bibliograf\u00eda&nbsp;en un flujo&nbsp;natural entre la&nbsp;realidad y la ficci\u00f3n m\u00e1s bizarra&nbsp;(la monarca tambi\u00e9n se transform\u00f3 en detective en una serie de novelas). La vida de la reina que no estaba destinada a reinar y las peripecias de&hellip;\" \/>\r\n<meta property=\"og:url\" content=\"https:\/\/blogs.uninter.edu.mx\/ehli\/index.php\/2022\/09\/09\/la-reina-isabel-ii-en-la-literatura-diez-libros-para-conocer-a-la-reina-de-reyes\/\" \/>\r\n<meta property=\"og:site_name\" content=\"EHLI\" \/>\r\n<meta property=\"article:published_time\" content=\"2022-09-09T20:27:24+00:00\" \/>\r\n<meta property=\"article:modified_time\" content=\"2022-09-09T20:44:40+00:00\" \/>\r\n<meta property=\"og:image\" content=\"https:\/\/blogs.uninter.edu.mx\/ehli\/wp-content\/uploads\/2022\/09\/1103691.jpeg\" \/>\r\n\t<meta property=\"og:image:width\" content=\"1600\" \/>\r\n\t<meta property=\"og:image:height\" content=\"2400\" \/>\r\n\t<meta property=\"og:image:type\" content=\"image\/jpeg\" \/>\r\n<meta name=\"author\" content=\"Liubov L\u00e1nkina\" \/>\r\n<meta name=\"twitter:card\" content=\"summary_large_image\" \/>\r\n<meta name=\"twitter:label1\" content=\"Escrito por\" \/>\n\t<meta name=\"twitter:data1\" content=\"Liubov L\u00e1nkina\" \/>\n\t<meta name=\"twitter:label2\" content=\"Tiempo de lectura\" \/>\n\t<meta name=\"twitter:data2\" content=\"8 minutos\" \/>\r\n<script type=\"application\/ld+json\" class=\"yoast-schema-graph\">{\"@context\":\"https:\\\/\\\/schema.org\",\"@graph\":[{\"@type\":\"Article\",\"@id\":\"https:\\\/\\\/blogs.uninter.edu.mx\\\/ehli\\\/index.php\\\/2022\\\/09\\\/09\\\/la-reina-isabel-ii-en-la-literatura-diez-libros-para-conocer-a-la-reina-de-reyes\\\/#article\",\"isPartOf\":{\"@id\":\"https:\\\/\\\/blogs.uninter.edu.mx\\\/ehli\\\/index.php\\\/2022\\\/09\\\/09\\\/la-reina-isabel-ii-en-la-literatura-diez-libros-para-conocer-a-la-reina-de-reyes\\\/\"},\"author\":{\"name\":\"Liubov L\u00e1nkina\",\"@id\":\"https:\\\/\\\/blogs.uninter.edu.mx\\\/ehli\\\/#\\\/schema\\\/person\\\/4ff7a88907f3f54b516c108ed185f690\"},\"headline\":\"La reina Isabel II en la literatura: diez libros para conocer a la reina de reyes\",\"datePublished\":\"2022-09-09T20:27:24+00:00\",\"dateModified\":\"2022-09-09T20:44:40+00:00\",\"mainEntityOfPage\":{\"@id\":\"https:\\\/\\\/blogs.uninter.edu.mx\\\/ehli\\\/index.php\\\/2022\\\/09\\\/09\\\/la-reina-isabel-ii-en-la-literatura-diez-libros-para-conocer-a-la-reina-de-reyes\\\/\"},\"wordCount\":1491,\"commentCount\":0,\"image\":{\"@id\":\"https:\\\/\\\/blogs.uninter.edu.mx\\\/ehli\\\/index.php\\\/2022\\\/09\\\/09\\\/la-reina-isabel-ii-en-la-literatura-diez-libros-para-conocer-a-la-reina-de-reyes\\\/#primaryimage\"},\"thumbnailUrl\":\"https:\\\/\\\/blogs.uninter.edu.mx\\\/ehli\\\/wp-content\\\/uploads\\\/2022\\\/09\\\/1103691.jpeg\",\"articleSection\":[\"Letras\",\"Lic. en Ense\u00f1anza del Espa\u00f1ol y Literatura\",\"Lic. en Idiomas\"],\"inLanguage\":\"es\",\"potentialAction\":[{\"@type\":\"CommentAction\",\"name\":\"Comment\",\"target\":[\"https:\\\/\\\/blogs.uninter.edu.mx\\\/ehli\\\/index.php\\\/2022\\\/09\\\/09\\\/la-reina-isabel-ii-en-la-literatura-diez-libros-para-conocer-a-la-reina-de-reyes\\\/#respond\"]}]},{\"@type\":\"WebPage\",\"@id\":\"https:\\\/\\\/blogs.uninter.edu.mx\\\/ehli\\\/index.php\\\/2022\\\/09\\\/09\\\/la-reina-isabel-ii-en-la-literatura-diez-libros-para-conocer-a-la-reina-de-reyes\\\/\",\"url\":\"https:\\\/\\\/blogs.uninter.edu.mx\\\/ehli\\\/index.php\\\/2022\\\/09\\\/09\\\/la-reina-isabel-ii-en-la-literatura-diez-libros-para-conocer-a-la-reina-de-reyes\\\/\",\"name\":\"La reina Isabel II en la literatura: diez libros para conocer a la reina de reyes - EHLI\",\"isPartOf\":{\"@id\":\"https:\\\/\\\/blogs.uninter.edu.mx\\\/ehli\\\/#website\"},\"primaryImageOfPage\":{\"@id\":\"https:\\\/\\\/blogs.uninter.edu.mx\\\/ehli\\\/index.php\\\/2022\\\/09\\\/09\\\/la-reina-isabel-ii-en-la-literatura-diez-libros-para-conocer-a-la-reina-de-reyes\\\/#primaryimage\"},\"image\":{\"@id\":\"https:\\\/\\\/blogs.uninter.edu.mx\\\/ehli\\\/index.php\\\/2022\\\/09\\\/09\\\/la-reina-isabel-ii-en-la-literatura-diez-libros-para-conocer-a-la-reina-de-reyes\\\/#primaryimage\"},\"thumbnailUrl\":\"https:\\\/\\\/blogs.uninter.edu.mx\\\/ehli\\\/wp-content\\\/uploads\\\/2022\\\/09\\\/1103691.jpeg\",\"datePublished\":\"2022-09-09T20:27:24+00:00\",\"dateModified\":\"2022-09-09T20:44:40+00:00\",\"author\":{\"@id\":\"https:\\\/\\\/blogs.uninter.edu.mx\\\/ehli\\\/#\\\/schema\\\/person\\\/4ff7a88907f3f54b516c108ed185f690\"},\"breadcrumb\":{\"@id\":\"https:\\\/\\\/blogs.uninter.edu.mx\\\/ehli\\\/index.php\\\/2022\\\/09\\\/09\\\/la-reina-isabel-ii-en-la-literatura-diez-libros-para-conocer-a-la-reina-de-reyes\\\/#breadcrumb\"},\"inLanguage\":\"es\",\"potentialAction\":[{\"@type\":\"ReadAction\",\"target\":[\"https:\\\/\\\/blogs.uninter.edu.mx\\\/ehli\\\/index.php\\\/2022\\\/09\\\/09\\\/la-reina-isabel-ii-en-la-literatura-diez-libros-para-conocer-a-la-reina-de-reyes\\\/\"]}]},{\"@type\":\"ImageObject\",\"inLanguage\":\"es\",\"@id\":\"https:\\\/\\\/blogs.uninter.edu.mx\\\/ehli\\\/index.php\\\/2022\\\/09\\\/09\\\/la-reina-isabel-ii-en-la-literatura-diez-libros-para-conocer-a-la-reina-de-reyes\\\/#primaryimage\",\"url\":\"https:\\\/\\\/blogs.uninter.edu.mx\\\/ehli\\\/wp-content\\\/uploads\\\/2022\\\/09\\\/1103691.jpeg\",\"contentUrl\":\"https:\\\/\\\/blogs.uninter.edu.mx\\\/ehli\\\/wp-content\\\/uploads\\\/2022\\\/09\\\/1103691.jpeg\",\"width\":1600,\"height\":2400},{\"@type\":\"BreadcrumbList\",\"@id\":\"https:\\\/\\\/blogs.uninter.edu.mx\\\/ehli\\\/index.php\\\/2022\\\/09\\\/09\\\/la-reina-isabel-ii-en-la-literatura-diez-libros-para-conocer-a-la-reina-de-reyes\\\/#breadcrumb\",\"itemListElement\":[{\"@type\":\"ListItem\",\"position\":1,\"name\":\"Inicio\",\"item\":\"https:\\\/\\\/blogs.uninter.edu.mx\\\/ehli\\\/\"},{\"@type\":\"ListItem\",\"position\":2,\"name\":\"La reina Isabel II en la literatura: diez libros para conocer a la reina de reyes\"}]},{\"@type\":\"WebSite\",\"@id\":\"https:\\\/\\\/blogs.uninter.edu.mx\\\/ehli\\\/#website\",\"url\":\"https:\\\/\\\/blogs.uninter.edu.mx\\\/ehli\\\/\",\"name\":\"EHLI\",\"description\":\"UNINTER\",\"potentialAction\":[{\"@type\":\"SearchAction\",\"target\":{\"@type\":\"EntryPoint\",\"urlTemplate\":\"https:\\\/\\\/blogs.uninter.edu.mx\\\/ehli\\\/?s={search_term_string}\"},\"query-input\":{\"@type\":\"PropertyValueSpecification\",\"valueRequired\":true,\"valueName\":\"search_term_string\"}}],\"inLanguage\":\"es\"},{\"@type\":\"Person\",\"@id\":\"https:\\\/\\\/blogs.uninter.edu.mx\\\/ehli\\\/#\\\/schema\\\/person\\\/4ff7a88907f3f54b516c108ed185f690\",\"name\":\"Liubov L\u00e1nkina\",\"image\":{\"@type\":\"ImageObject\",\"inLanguage\":\"es\",\"@id\":\"https:\\\/\\\/secure.gravatar.com\\\/avatar\\\/6be236a63edd186d171d7b2d316574349b4c140000a1d3af21c61da639d88d95?s=96&d=mm&r=g\",\"url\":\"https:\\\/\\\/secure.gravatar.com\\\/avatar\\\/6be236a63edd186d171d7b2d316574349b4c140000a1d3af21c61da639d88d95?s=96&d=mm&r=g\",\"contentUrl\":\"https:\\\/\\\/secure.gravatar.com\\\/avatar\\\/6be236a63edd186d171d7b2d316574349b4c140000a1d3af21c61da639d88d95?s=96&d=mm&r=g\",\"caption\":\"Liubov L\u00e1nkina\"},\"url\":\"https:\\\/\\\/blogs.uninter.edu.mx\\\/ehli\\\/index.php\\\/author\\\/liubalankina\\\/\"}]}<\/script>\r\n<!-- \/ Yoast SEO plugin. -->","yoast_head_json":{"title":"La reina Isabel II en la literatura: diez libros para conocer a la reina de reyes - EHLI","robots":{"index":"index","follow":"follow","max-snippet":"max-snippet:-1","max-image-preview":"max-image-preview:large","max-video-preview":"max-video-preview:-1"},"canonical":"https:\/\/blogs.uninter.edu.mx\/ehli\/index.php\/2022\/09\/09\/la-reina-isabel-ii-en-la-literatura-diez-libros-para-conocer-a-la-reina-de-reyes\/","og_locale":"es_MX","og_type":"article","og_title":"La reina Isabel II en la literatura: diez libros para conocer a la reina de reyes - EHLI","og_description":"Como icono del siglo XX&nbsp;en el arte,&nbsp;las pantallas&nbsp;y la historia, el carisma&nbsp;de la&nbsp;reina Isabel II&nbsp;tambi\u00e9n ha generado una abundant\u00edsima bibliograf\u00eda&nbsp;en un flujo&nbsp;natural entre la&nbsp;realidad y la ficci\u00f3n m\u00e1s bizarra&nbsp;(la monarca tambi\u00e9n se transform\u00f3 en detective en una serie de novelas). La vida de la reina que no estaba destinada a reinar y las peripecias de&hellip;","og_url":"https:\/\/blogs.uninter.edu.mx\/ehli\/index.php\/2022\/09\/09\/la-reina-isabel-ii-en-la-literatura-diez-libros-para-conocer-a-la-reina-de-reyes\/","og_site_name":"EHLI","article_published_time":"2022-09-09T20:27:24+00:00","article_modified_time":"2022-09-09T20:44:40+00:00","og_image":[{"width":1600,"height":2400,"url":"https:\/\/blogs.uninter.edu.mx\/ehli\/wp-content\/uploads\/2022\/09\/1103691.jpeg","type":"image\/jpeg"}],"author":"Liubov L\u00e1nkina","twitter_card":"summary_large_image","twitter_misc":{"Escrito por":"Liubov L\u00e1nkina","Tiempo de lectura":"8 minutos"},"schema":{"@context":"https:\/\/schema.org","@graph":[{"@type":"Article","@id":"https:\/\/blogs.uninter.edu.mx\/ehli\/index.php\/2022\/09\/09\/la-reina-isabel-ii-en-la-literatura-diez-libros-para-conocer-a-la-reina-de-reyes\/#article","isPartOf":{"@id":"https:\/\/blogs.uninter.edu.mx\/ehli\/index.php\/2022\/09\/09\/la-reina-isabel-ii-en-la-literatura-diez-libros-para-conocer-a-la-reina-de-reyes\/"},"author":{"name":"Liubov L\u00e1nkina","@id":"https:\/\/blogs.uninter.edu.mx\/ehli\/#\/schema\/person\/4ff7a88907f3f54b516c108ed185f690"},"headline":"La reina Isabel II en la literatura: diez libros para conocer a la reina de reyes","datePublished":"2022-09-09T20:27:24+00:00","dateModified":"2022-09-09T20:44:40+00:00","mainEntityOfPage":{"@id":"https:\/\/blogs.uninter.edu.mx\/ehli\/index.php\/2022\/09\/09\/la-reina-isabel-ii-en-la-literatura-diez-libros-para-conocer-a-la-reina-de-reyes\/"},"wordCount":1491,"commentCount":0,"image":{"@id":"https:\/\/blogs.uninter.edu.mx\/ehli\/index.php\/2022\/09\/09\/la-reina-isabel-ii-en-la-literatura-diez-libros-para-conocer-a-la-reina-de-reyes\/#primaryimage"},"thumbnailUrl":"https:\/\/blogs.uninter.edu.mx\/ehli\/wp-content\/uploads\/2022\/09\/1103691.jpeg","articleSection":["Letras","Lic. en Ense\u00f1anza del Espa\u00f1ol y Literatura","Lic. en Idiomas"],"inLanguage":"es","potentialAction":[{"@type":"CommentAction","name":"Comment","target":["https:\/\/blogs.uninter.edu.mx\/ehli\/index.php\/2022\/09\/09\/la-reina-isabel-ii-en-la-literatura-diez-libros-para-conocer-a-la-reina-de-reyes\/#respond"]}]},{"@type":"WebPage","@id":"https:\/\/blogs.uninter.edu.mx\/ehli\/index.php\/2022\/09\/09\/la-reina-isabel-ii-en-la-literatura-diez-libros-para-conocer-a-la-reina-de-reyes\/","url":"https:\/\/blogs.uninter.edu.mx\/ehli\/index.php\/2022\/09\/09\/la-reina-isabel-ii-en-la-literatura-diez-libros-para-conocer-a-la-reina-de-reyes\/","name":"La reina Isabel II en la literatura: diez libros para conocer a la reina de reyes - EHLI","isPartOf":{"@id":"https:\/\/blogs.uninter.edu.mx\/ehli\/#website"},"primaryImageOfPage":{"@id":"https:\/\/blogs.uninter.edu.mx\/ehli\/index.php\/2022\/09\/09\/la-reina-isabel-ii-en-la-literatura-diez-libros-para-conocer-a-la-reina-de-reyes\/#primaryimage"},"image":{"@id":"https:\/\/blogs.uninter.edu.mx\/ehli\/index.php\/2022\/09\/09\/la-reina-isabel-ii-en-la-literatura-diez-libros-para-conocer-a-la-reina-de-reyes\/#primaryimage"},"thumbnailUrl":"https:\/\/blogs.uninter.edu.mx\/ehli\/wp-content\/uploads\/2022\/09\/1103691.jpeg","datePublished":"2022-09-09T20:27:24+00:00","dateModified":"2022-09-09T20:44:40+00:00","author":{"@id":"https:\/\/blogs.uninter.edu.mx\/ehli\/#\/schema\/person\/4ff7a88907f3f54b516c108ed185f690"},"breadcrumb":{"@id":"https:\/\/blogs.uninter.edu.mx\/ehli\/index.php\/2022\/09\/09\/la-reina-isabel-ii-en-la-literatura-diez-libros-para-conocer-a-la-reina-de-reyes\/#breadcrumb"},"inLanguage":"es","potentialAction":[{"@type":"ReadAction","target":["https:\/\/blogs.uninter.edu.mx\/ehli\/index.php\/2022\/09\/09\/la-reina-isabel-ii-en-la-literatura-diez-libros-para-conocer-a-la-reina-de-reyes\/"]}]},{"@type":"ImageObject","inLanguage":"es","@id":"https:\/\/blogs.uninter.edu.mx\/ehli\/index.php\/2022\/09\/09\/la-reina-isabel-ii-en-la-literatura-diez-libros-para-conocer-a-la-reina-de-reyes\/#primaryimage","url":"https:\/\/blogs.uninter.edu.mx\/ehli\/wp-content\/uploads\/2022\/09\/1103691.jpeg","contentUrl":"https:\/\/blogs.uninter.edu.mx\/ehli\/wp-content\/uploads\/2022\/09\/1103691.jpeg","width":1600,"height":2400},{"@type":"BreadcrumbList","@id":"https:\/\/blogs.uninter.edu.mx\/ehli\/index.php\/2022\/09\/09\/la-reina-isabel-ii-en-la-literatura-diez-libros-para-conocer-a-la-reina-de-reyes\/#breadcrumb","itemListElement":[{"@type":"ListItem","position":1,"name":"Inicio","item":"https:\/\/blogs.uninter.edu.mx\/ehli\/"},{"@type":"ListItem","position":2,"name":"La reina Isabel II en la literatura: diez libros para conocer a la reina de reyes"}]},{"@type":"WebSite","@id":"https:\/\/blogs.uninter.edu.mx\/ehli\/#website","url":"https:\/\/blogs.uninter.edu.mx\/ehli\/","name":"EHLI","description":"UNINTER","potentialAction":[{"@type":"SearchAction","target":{"@type":"EntryPoint","urlTemplate":"https:\/\/blogs.uninter.edu.mx\/ehli\/?s={search_term_string}"},"query-input":{"@type":"PropertyValueSpecification","valueRequired":true,"valueName":"search_term_string"}}],"inLanguage":"es"},{"@type":"Person","@id":"https:\/\/blogs.uninter.edu.mx\/ehli\/#\/schema\/person\/4ff7a88907f3f54b516c108ed185f690","name":"Liubov L\u00e1nkina","image":{"@type":"ImageObject","inLanguage":"es","@id":"https:\/\/secure.gravatar.com\/avatar\/6be236a63edd186d171d7b2d316574349b4c140000a1d3af21c61da639d88d95?s=96&d=mm&r=g","url":"https:\/\/secure.gravatar.com\/avatar\/6be236a63edd186d171d7b2d316574349b4c140000a1d3af21c61da639d88d95?s=96&d=mm&r=g","contentUrl":"https:\/\/secure.gravatar.com\/avatar\/6be236a63edd186d171d7b2d316574349b4c140000a1d3af21c61da639d88d95?s=96&d=mm&r=g","caption":"Liubov L\u00e1nkina"},"url":"https:\/\/blogs.uninter.edu.mx\/ehli\/index.php\/author\/liubalankina\/"}]}},"jetpack_featured_media_url":"https:\/\/blogs.uninter.edu.mx\/ehli\/wp-content\/uploads\/2022\/09\/1103691.jpeg","_links":{"self":[{"href":"https:\/\/blogs.uninter.edu.mx\/ehli\/index.php\/wp-json\/wp\/v2\/posts\/7279","targetHints":{"allow":["GET"]}}],"collection":[{"href":"https:\/\/blogs.uninter.edu.mx\/ehli\/index.php\/wp-json\/wp\/v2\/posts"}],"about":[{"href":"https:\/\/blogs.uninter.edu.mx\/ehli\/index.php\/wp-json\/wp\/v2\/types\/post"}],"author":[{"embeddable":true,"href":"https:\/\/blogs.uninter.edu.mx\/ehli\/index.php\/wp-json\/wp\/v2\/users\/13"}],"replies":[{"embeddable":true,"href":"https:\/\/blogs.uninter.edu.mx\/ehli\/index.php\/wp-json\/wp\/v2\/comments?post=7279"}],"version-history":[{"count":2,"href":"https:\/\/blogs.uninter.edu.mx\/ehli\/index.php\/wp-json\/wp\/v2\/posts\/7279\/revisions"}],"predecessor-version":[{"id":7293,"href":"https:\/\/blogs.uninter.edu.mx\/ehli\/index.php\/wp-json\/wp\/v2\/posts\/7279\/revisions\/7293"}],"wp:featuredmedia":[{"embeddable":true,"href":"https:\/\/blogs.uninter.edu.mx\/ehli\/index.php\/wp-json\/wp\/v2\/media\/7292"}],"wp:attachment":[{"href":"https:\/\/blogs.uninter.edu.mx\/ehli\/index.php\/wp-json\/wp\/v2\/media?parent=7279"}],"wp:term":[{"taxonomy":"category","embeddable":true,"href":"https:\/\/blogs.uninter.edu.mx\/ehli\/index.php\/wp-json\/wp\/v2\/categories?post=7279"},{"taxonomy":"post_tag","embeddable":true,"href":"https:\/\/blogs.uninter.edu.mx\/ehli\/index.php\/wp-json\/wp\/v2\/tags?post=7279"}],"curies":[{"name":"wp","href":"https:\/\/api.w.org\/{rel}","templated":true}]}}