{"id":7415,"date":"2022-11-15T09:00:00","date_gmt":"2022-11-15T09:00:00","guid":{"rendered":"https:\/\/blogs.uninter.edu.mx\/ehli\/?p=7415"},"modified":"2022-09-27T13:33:56","modified_gmt":"2022-09-27T13:33:56","slug":"der-welttag-ohne-alkohol-dia-mundial-sin-alcohol","status":"publish","type":"post","link":"https:\/\/blogs.uninter.edu.mx\/ehli\/index.php\/2022\/11\/15\/der-welttag-ohne-alkohol-dia-mundial-sin-alcohol\/","title":{"rendered":"Der Welttag ohne Alkohol."},"content":{"rendered":"\n<h2 class=\"wp-block-heading\" style=\"font-size:30px\">Datum: 15. November 2022.<\/h2>\n\n\n\n<h2 class=\"wp-block-heading\" style=\"font-size:30px\">Proklamation: Weltgesundheitsorganisation (WHO).<\/h2>\n\n\n\n<p><\/p>\n\n\n\n<p class=\"has-text-align-justify has-medium-font-size\">Am 15. November wird der Weltalkoholfreitag gefeiert, eine Veranstaltung, die von der Weltgesundheitsorganisation (WHO) gef\u00f6rdert wird. Sein Zweck ist es, die Weltbev\u00f6lkerung auf die physischen und psychischen Sch\u00e4den aufmerksam zu machen, die durch den Konsum dieser Art von Substanzen in unserem K\u00f6rper verursacht werden.<\/p>\n\n\n<div class=\"wp-block-image\">\n<figure class=\"aligncenter size-large\"><img decoding=\"async\" src=\"https:\/\/us.123rf.com\/450wm\/evgeniyam\/evgeniyam1705\/evgeniyam170500270\/79033499-ning%C3%BAn-signo-de-alcohol-sobre-fondo-blanco-ilustraci%C3%B3n-vectorial.jpg\" alt=\"Sin alcohol.\" title=\"Sin alcohol.\"\/><figcaption>Ohne Alkohol.<\/figcaption><\/figure>\n<\/div>\n\n\n<p><\/p>\n\n\n\n<h2 class=\"wp-block-heading\" style=\"font-size:30px\">Warum wird der Weltalkoholfreitag gefeiert?<\/h2>\n\n\n\n<p class=\"has-text-align-justify has-medium-font-size\">Im 20. Jahrhundert wurde der Alkoholismus zur Krankheit erkl\u00e4rt und ist die Hauptursache f\u00fcr die j\u00e4hrlich 3,5 Millionen Todesf\u00e4lle aufgrund der von ihm verursachten Verkehrsunf\u00e4lle sowie f\u00fcr die Verletzungen und Behinderungen, von denen etwa 50 Millionen Menschen betroffen sind. <\/p>\n\n\n<div class=\"wp-block-image\">\n<figure class=\"aligncenter size-large\"><img decoding=\"async\" src=\"https:\/\/www.hipnosisvalencia.com\/wp-content\/uploads\/2018\/11\/alcoholismo.png\" alt=\"Alcoholismo.\" title=\"Alcoholismo.\"\/><figcaption>Alkoholismus.<\/figcaption><\/figure>\n<\/div>\n\n\n<p class=\"has-text-align-justify has-medium-font-size\">\u00dcberm\u00e4\u00dfiger Alkoholkonsum verursacht folgende gesundheitliche Risiken und Folgen:<\/p>\n\n\n\n<ul class=\"wp-block-list\"><li>Ged\u00e4chtnisschwierigkeiten.<\/li><li>Erkrankungen des Herzens und der Leber.<\/li><li>Krebs der Brust, des Mundes, des Rachens, des Dickdarms, der Leber, des Kehlkopfs und des Rektums.<\/li><li>Schleimhautsch\u00e4digung des Verdauungssystems.<\/li><li>Erh\u00f6hter Blutdruck.<\/li><li>Zerebrovaskul\u00e4re Unf\u00e4lle.<\/li><li>Gewaltt\u00e4tigkeit, Gereiztheit.<\/li><li>Erektionsst\u00f6rungen bei M\u00e4nnern.<\/li><li>Kribbelgef\u00fchl in Armen und Beinen.<\/li><li>Sch\u00e4den am F\u00f6tus w\u00e4hrend der Schwangerschaft. Fetales Alkoholsyndrom (FAS).<\/li><\/ul>\n\n\n\n<p><\/p>\n\n\n\n<h2 class=\"wp-block-heading\" style=\"font-size:30px\">Alkohol: eine erlaubte soziale Praxis.<\/h2>\n\n\n\n<p class=\"has-text-align-justify has-medium-font-size\">Alkoholkonsum von Kindesbeinen an ist in bestimmten Kreisen eine erlaubte, ja sogar vorgeschriebene soziale Praxis. <\/p>\n\n\n\n<p class=\"has-text-align-justify has-medium-font-size\">Die Faktoren, die das Alkoholkonsumverhalten beeinflussen, sind vielf\u00e4ltig: depressionen, geringes Selbstwertgef\u00fchl, Autonomiebed\u00fcrfnis, Realit\u00e4tsvermeidung, Akzeptanz, sozialer Druck u. a.<\/p>\n\n\n<div class=\"wp-block-image\">\n<figure class=\"aligncenter size-large\"><img decoding=\"async\" src=\"https:\/\/orbiumadicciones.com\/wp-content\/uploads\/2021\/06\/alcoholismo-social.jpg\" alt=\"Pr\u00e1ctica Social del Alcohol.\" title=\"Pr\u00e1ctica Social del Alcohol.\"\/><figcaption>Gesellschaftliche Praxis von Alkohol.<\/figcaption><\/figure>\n<\/div>\n\n\n<p class=\"has-text-align-center\" style=\"font-size:25px\"><strong>Und Sie, haben Sie sich schon einmal unter Druck gesetzt gef\u00fchlt, Alkohol zu trinken?<\/strong><\/p>\n\n\n\n<p><\/p>\n\n\n\n<p>Wenn Ihnen diese Art von Blogs gef\u00e4llt, folgen Sie uns auf unseren sozialen Medien, um mehr zu erfahren:<\/p>\n\n\n\n<p><a href=\"https:\/\/www.facebook.com\/dheiuninter\" target=\"_blank\" rel=\"noreferrer noopener\">I<\/a><a href=\"https:\/\/www.instagram.com\/ehli.uninter\/\" target=\"_blank\" rel=\"noreferrer noopener\">Instagram EHLI<\/a><\/p>\n\n\n\n<p><a href=\"https:\/\/blogs.uninter.edu.mx\/ehli\/\" target=\"_blank\" rel=\"noreferrer noopener\">Blog EHLI<\/a><\/p>\n\n\n\n<p><a href=\"https:\/\/www.facebook.com\/dheiuninter\" target=\"_blank\" rel=\"noreferrer noopener\">Facebook EHL<\/a><\/p>\n","protected":false},"excerpt":{"rendered":"<p>Datum: 15. November 2022. Proklamation: Weltgesundheitsorganisation (WHO). Am 15. November wird der Weltalkoholfreitag gefeiert, eine Veranstaltung, die von der Weltgesundheitsorganisation (WHO) gef\u00f6rdert wird. Sein Zweck ist es, die Weltbev\u00f6lkerung auf die physischen und psychischen Sch\u00e4den aufmerksam zu machen, die durch den Konsum dieser Art von Substanzen in unserem K\u00f6rper verursacht werden. Warum wird der Weltalkoholfreitag&hellip;<\/p>\n","protected":false},"author":14,"featured_media":7416,"comment_status":"open","ping_status":"open","sticky":false,"template":"","format":"standard","meta":{"rop_custom_images_group":[],"rop_custom_messages_group":[],"rop_publish_now":"initial","rop_publish_now_accounts":[],"rop_publish_now_history":[],"rop_publish_now_status":"pending","footnotes":""},"categories":[477,243,476,241,308,11,270],"tags":[284,277,182,25,26],"class_list":["post-7415","post","type-post","status-publish","format-standard","has-post-thumbnail","hentry","category-aleman","category-cross-language-experiences","category-cursos-extracurriculares","category-lenguas-extranjeras","category-letras","category-lid","category-refresher-training","tag-cross-language-experiences","tag-departamento-de-lenguas-extranjeras","tag-lenguas-extranjeras","tag-uninter","tag-universidad-internacional"],"yoast_head":"<!-- This site is optimized with the Yoast SEO plugin v27.4 - https:\/\/yoast.com\/product\/yoast-seo-wordpress\/ -->\r\n<title>Der Welttag ohne Alkohol. - EHLI<\/title>\r\n<meta name=\"description\" content=\"Recuento del D\u00eda Mundial sin Alcohol, conocer su origen y concientizar a la gente acerca de los riesgos del alcoholismo.\" \/>\r\n<meta name=\"robots\" content=\"index, follow, max-snippet:-1, max-image-preview:large, max-video-preview:-1\" \/>\r\n<link rel=\"canonical\" href=\"https:\/\/blogs.uninter.edu.mx\/ehli\/index.php\/2022\/11\/15\/der-welttag-ohne-alkohol-dia-mundial-sin-alcohol\/\" \/>\r\n<meta property=\"og:locale\" content=\"es_MX\" \/>\r\n<meta property=\"og:type\" content=\"article\" \/>\r\n<meta property=\"og:title\" content=\"Der Welttag ohne Alkohol. - EHLI\" \/>\r\n<meta property=\"og:description\" content=\"Recuento del D\u00eda Mundial sin Alcohol, conocer su origen y concientizar a la gente acerca de los riesgos del alcoholismo.\" \/>\r\n<meta property=\"og:url\" content=\"https:\/\/blogs.uninter.edu.mx\/ehli\/index.php\/2022\/11\/15\/der-welttag-ohne-alkohol-dia-mundial-sin-alcohol\/\" \/>\r\n<meta property=\"og:site_name\" content=\"EHLI\" \/>\r\n<meta property=\"article:published_time\" content=\"2022-11-15T09:00:00+00:00\" \/>\r\n<meta property=\"og:image\" content=\"https:\/\/blogs.uninter.edu.mx\/ehli\/wp-content\/uploads\/2022\/09\/Dia-Mundial-sin-Alcohol..jpg\" \/>\r\n\t<meta property=\"og:image:width\" content=\"305\" \/>\r\n\t<meta property=\"og:image:height\" content=\"203\" \/>\r\n\t<meta property=\"og:image:type\" content=\"image\/jpeg\" \/>\r\n<meta name=\"author\" content=\"Claudia Gal\u00e1n\" \/>\r\n<meta name=\"twitter:card\" content=\"summary_large_image\" \/>\r\n<meta name=\"twitter:label1\" content=\"Escrito por\" \/>\n\t<meta name=\"twitter:data1\" content=\"Claudia Gal\u00e1n\" \/>\n\t<meta name=\"twitter:label2\" content=\"Tiempo de lectura\" \/>\n\t<meta name=\"twitter:data2\" content=\"2 minutos\" \/>\r\n<script type=\"application\/ld+json\" class=\"yoast-schema-graph\">{\"@context\":\"https:\\\/\\\/schema.org\",\"@graph\":[{\"@type\":\"Article\",\"@id\":\"https:\\\/\\\/blogs.uninter.edu.mx\\\/ehli\\\/index.php\\\/2022\\\/11\\\/15\\\/der-welttag-ohne-alkohol-dia-mundial-sin-alcohol\\\/#article\",\"isPartOf\":{\"@id\":\"https:\\\/\\\/blogs.uninter.edu.mx\\\/ehli\\\/index.php\\\/2022\\\/11\\\/15\\\/der-welttag-ohne-alkohol-dia-mundial-sin-alcohol\\\/\"},\"author\":{\"name\":\"Claudia Gal\u00e1n\",\"@id\":\"https:\\\/\\\/blogs.uninter.edu.mx\\\/ehli\\\/#\\\/schema\\\/person\\\/a1789b6f3e9150e996ddd6b13f71a91f\"},\"headline\":\"Der Welttag ohne Alkohol.\",\"datePublished\":\"2022-11-15T09:00:00+00:00\",\"mainEntityOfPage\":{\"@id\":\"https:\\\/\\\/blogs.uninter.edu.mx\\\/ehli\\\/index.php\\\/2022\\\/11\\\/15\\\/der-welttag-ohne-alkohol-dia-mundial-sin-alcohol\\\/\"},\"wordCount\":263,\"commentCount\":0,\"image\":{\"@id\":\"https:\\\/\\\/blogs.uninter.edu.mx\\\/ehli\\\/index.php\\\/2022\\\/11\\\/15\\\/der-welttag-ohne-alkohol-dia-mundial-sin-alcohol\\\/#primaryimage\"},\"thumbnailUrl\":\"https:\\\/\\\/blogs.uninter.edu.mx\\\/ehli\\\/wp-content\\\/uploads\\\/2022\\\/09\\\/Dia-Mundial-sin-Alcohol..jpg\",\"keywords\":[\"Cross Language Experiences\",\"Departamento de Lenguas Extranjeras\",\"Lenguas Extranjeras\",\"UNINTER\",\"UNIVERSIDAD INTERNACIONAL\"],\"articleSection\":[\"Alem\u00e1n\",\"Cross-Language Experiences\",\"Cursos Extracurriculares\",\"Lenguas Extranjeras\",\"Letras\",\"Lic. en Idiomas\",\"Refresher Training\"],\"inLanguage\":\"es\",\"potentialAction\":[{\"@type\":\"CommentAction\",\"name\":\"Comment\",\"target\":[\"https:\\\/\\\/blogs.uninter.edu.mx\\\/ehli\\\/index.php\\\/2022\\\/11\\\/15\\\/der-welttag-ohne-alkohol-dia-mundial-sin-alcohol\\\/#respond\"]}]},{\"@type\":\"WebPage\",\"@id\":\"https:\\\/\\\/blogs.uninter.edu.mx\\\/ehli\\\/index.php\\\/2022\\\/11\\\/15\\\/der-welttag-ohne-alkohol-dia-mundial-sin-alcohol\\\/\",\"url\":\"https:\\\/\\\/blogs.uninter.edu.mx\\\/ehli\\\/index.php\\\/2022\\\/11\\\/15\\\/der-welttag-ohne-alkohol-dia-mundial-sin-alcohol\\\/\",\"name\":\"Der Welttag ohne Alkohol. - EHLI\",\"isPartOf\":{\"@id\":\"https:\\\/\\\/blogs.uninter.edu.mx\\\/ehli\\\/#website\"},\"primaryImageOfPage\":{\"@id\":\"https:\\\/\\\/blogs.uninter.edu.mx\\\/ehli\\\/index.php\\\/2022\\\/11\\\/15\\\/der-welttag-ohne-alkohol-dia-mundial-sin-alcohol\\\/#primaryimage\"},\"image\":{\"@id\":\"https:\\\/\\\/blogs.uninter.edu.mx\\\/ehli\\\/index.php\\\/2022\\\/11\\\/15\\\/der-welttag-ohne-alkohol-dia-mundial-sin-alcohol\\\/#primaryimage\"},\"thumbnailUrl\":\"https:\\\/\\\/blogs.uninter.edu.mx\\\/ehli\\\/wp-content\\\/uploads\\\/2022\\\/09\\\/Dia-Mundial-sin-Alcohol..jpg\",\"datePublished\":\"2022-11-15T09:00:00+00:00\",\"author\":{\"@id\":\"https:\\\/\\\/blogs.uninter.edu.mx\\\/ehli\\\/#\\\/schema\\\/person\\\/a1789b6f3e9150e996ddd6b13f71a91f\"},\"description\":\"Recuento del D\u00eda Mundial sin Alcohol, conocer su origen y concientizar a la gente acerca de los riesgos del alcoholismo.\",\"breadcrumb\":{\"@id\":\"https:\\\/\\\/blogs.uninter.edu.mx\\\/ehli\\\/index.php\\\/2022\\\/11\\\/15\\\/der-welttag-ohne-alkohol-dia-mundial-sin-alcohol\\\/#breadcrumb\"},\"inLanguage\":\"es\",\"potentialAction\":[{\"@type\":\"ReadAction\",\"target\":[\"https:\\\/\\\/blogs.uninter.edu.mx\\\/ehli\\\/index.php\\\/2022\\\/11\\\/15\\\/der-welttag-ohne-alkohol-dia-mundial-sin-alcohol\\\/\"]}]},{\"@type\":\"ImageObject\",\"inLanguage\":\"es\",\"@id\":\"https:\\\/\\\/blogs.uninter.edu.mx\\\/ehli\\\/index.php\\\/2022\\\/11\\\/15\\\/der-welttag-ohne-alkohol-dia-mundial-sin-alcohol\\\/#primaryimage\",\"url\":\"https:\\\/\\\/blogs.uninter.edu.mx\\\/ehli\\\/wp-content\\\/uploads\\\/2022\\\/09\\\/Dia-Mundial-sin-Alcohol..jpg\",\"contentUrl\":\"https:\\\/\\\/blogs.uninter.edu.mx\\\/ehli\\\/wp-content\\\/uploads\\\/2022\\\/09\\\/Dia-Mundial-sin-Alcohol..jpg\",\"width\":305,\"height\":203},{\"@type\":\"BreadcrumbList\",\"@id\":\"https:\\\/\\\/blogs.uninter.edu.mx\\\/ehli\\\/index.php\\\/2022\\\/11\\\/15\\\/der-welttag-ohne-alkohol-dia-mundial-sin-alcohol\\\/#breadcrumb\",\"itemListElement\":[{\"@type\":\"ListItem\",\"position\":1,\"name\":\"Inicio\",\"item\":\"https:\\\/\\\/blogs.uninter.edu.mx\\\/ehli\\\/\"},{\"@type\":\"ListItem\",\"position\":2,\"name\":\"Der Welttag ohne Alkohol.\"}]},{\"@type\":\"WebSite\",\"@id\":\"https:\\\/\\\/blogs.uninter.edu.mx\\\/ehli\\\/#website\",\"url\":\"https:\\\/\\\/blogs.uninter.edu.mx\\\/ehli\\\/\",\"name\":\"EHLI\",\"description\":\"UNINTER\",\"potentialAction\":[{\"@type\":\"SearchAction\",\"target\":{\"@type\":\"EntryPoint\",\"urlTemplate\":\"https:\\\/\\\/blogs.uninter.edu.mx\\\/ehli\\\/?s={search_term_string}\"},\"query-input\":{\"@type\":\"PropertyValueSpecification\",\"valueRequired\":true,\"valueName\":\"search_term_string\"}}],\"inLanguage\":\"es\"},{\"@type\":\"Person\",\"@id\":\"https:\\\/\\\/blogs.uninter.edu.mx\\\/ehli\\\/#\\\/schema\\\/person\\\/a1789b6f3e9150e996ddd6b13f71a91f\",\"name\":\"Claudia Gal\u00e1n\",\"image\":{\"@type\":\"ImageObject\",\"inLanguage\":\"es\",\"@id\":\"https:\\\/\\\/secure.gravatar.com\\\/avatar\\\/b3f20a310d3902521a587ab846aa4769a72215a79334d25f5d3323ae0db4c36f?s=96&d=mm&r=g\",\"url\":\"https:\\\/\\\/secure.gravatar.com\\\/avatar\\\/b3f20a310d3902521a587ab846aa4769a72215a79334d25f5d3323ae0db4c36f?s=96&d=mm&r=g\",\"contentUrl\":\"https:\\\/\\\/secure.gravatar.com\\\/avatar\\\/b3f20a310d3902521a587ab846aa4769a72215a79334d25f5d3323ae0db4c36f?s=96&d=mm&r=g\",\"caption\":\"Claudia Gal\u00e1n\"},\"url\":\"https:\\\/\\\/blogs.uninter.edu.mx\\\/ehli\\\/index.php\\\/author\\\/cgalan\\\/\"}]}<\/script>\r\n<!-- \/ Yoast SEO plugin. -->","yoast_head_json":{"title":"Der Welttag ohne Alkohol. - EHLI","description":"Recuento del D\u00eda Mundial sin Alcohol, conocer su origen y concientizar a la gente acerca de los riesgos del alcoholismo.","robots":{"index":"index","follow":"follow","max-snippet":"max-snippet:-1","max-image-preview":"max-image-preview:large","max-video-preview":"max-video-preview:-1"},"canonical":"https:\/\/blogs.uninter.edu.mx\/ehli\/index.php\/2022\/11\/15\/der-welttag-ohne-alkohol-dia-mundial-sin-alcohol\/","og_locale":"es_MX","og_type":"article","og_title":"Der Welttag ohne Alkohol. - EHLI","og_description":"Recuento del D\u00eda Mundial sin Alcohol, conocer su origen y concientizar a la gente acerca de los riesgos del alcoholismo.","og_url":"https:\/\/blogs.uninter.edu.mx\/ehli\/index.php\/2022\/11\/15\/der-welttag-ohne-alkohol-dia-mundial-sin-alcohol\/","og_site_name":"EHLI","article_published_time":"2022-11-15T09:00:00+00:00","og_image":[{"width":305,"height":203,"url":"https:\/\/blogs.uninter.edu.mx\/ehli\/wp-content\/uploads\/2022\/09\/Dia-Mundial-sin-Alcohol..jpg","type":"image\/jpeg"}],"author":"Claudia Gal\u00e1n","twitter_card":"summary_large_image","twitter_misc":{"Escrito por":"Claudia Gal\u00e1n","Tiempo de lectura":"2 minutos"},"schema":{"@context":"https:\/\/schema.org","@graph":[{"@type":"Article","@id":"https:\/\/blogs.uninter.edu.mx\/ehli\/index.php\/2022\/11\/15\/der-welttag-ohne-alkohol-dia-mundial-sin-alcohol\/#article","isPartOf":{"@id":"https:\/\/blogs.uninter.edu.mx\/ehli\/index.php\/2022\/11\/15\/der-welttag-ohne-alkohol-dia-mundial-sin-alcohol\/"},"author":{"name":"Claudia Gal\u00e1n","@id":"https:\/\/blogs.uninter.edu.mx\/ehli\/#\/schema\/person\/a1789b6f3e9150e996ddd6b13f71a91f"},"headline":"Der Welttag ohne Alkohol.","datePublished":"2022-11-15T09:00:00+00:00","mainEntityOfPage":{"@id":"https:\/\/blogs.uninter.edu.mx\/ehli\/index.php\/2022\/11\/15\/der-welttag-ohne-alkohol-dia-mundial-sin-alcohol\/"},"wordCount":263,"commentCount":0,"image":{"@id":"https:\/\/blogs.uninter.edu.mx\/ehli\/index.php\/2022\/11\/15\/der-welttag-ohne-alkohol-dia-mundial-sin-alcohol\/#primaryimage"},"thumbnailUrl":"https:\/\/blogs.uninter.edu.mx\/ehli\/wp-content\/uploads\/2022\/09\/Dia-Mundial-sin-Alcohol..jpg","keywords":["Cross Language Experiences","Departamento de Lenguas Extranjeras","Lenguas Extranjeras","UNINTER","UNIVERSIDAD INTERNACIONAL"],"articleSection":["Alem\u00e1n","Cross-Language Experiences","Cursos Extracurriculares","Lenguas Extranjeras","Letras","Lic. en Idiomas","Refresher Training"],"inLanguage":"es","potentialAction":[{"@type":"CommentAction","name":"Comment","target":["https:\/\/blogs.uninter.edu.mx\/ehli\/index.php\/2022\/11\/15\/der-welttag-ohne-alkohol-dia-mundial-sin-alcohol\/#respond"]}]},{"@type":"WebPage","@id":"https:\/\/blogs.uninter.edu.mx\/ehli\/index.php\/2022\/11\/15\/der-welttag-ohne-alkohol-dia-mundial-sin-alcohol\/","url":"https:\/\/blogs.uninter.edu.mx\/ehli\/index.php\/2022\/11\/15\/der-welttag-ohne-alkohol-dia-mundial-sin-alcohol\/","name":"Der Welttag ohne Alkohol. - EHLI","isPartOf":{"@id":"https:\/\/blogs.uninter.edu.mx\/ehli\/#website"},"primaryImageOfPage":{"@id":"https:\/\/blogs.uninter.edu.mx\/ehli\/index.php\/2022\/11\/15\/der-welttag-ohne-alkohol-dia-mundial-sin-alcohol\/#primaryimage"},"image":{"@id":"https:\/\/blogs.uninter.edu.mx\/ehli\/index.php\/2022\/11\/15\/der-welttag-ohne-alkohol-dia-mundial-sin-alcohol\/#primaryimage"},"thumbnailUrl":"https:\/\/blogs.uninter.edu.mx\/ehli\/wp-content\/uploads\/2022\/09\/Dia-Mundial-sin-Alcohol..jpg","datePublished":"2022-11-15T09:00:00+00:00","author":{"@id":"https:\/\/blogs.uninter.edu.mx\/ehli\/#\/schema\/person\/a1789b6f3e9150e996ddd6b13f71a91f"},"description":"Recuento del D\u00eda Mundial sin Alcohol, conocer su origen y concientizar a la gente acerca de los riesgos del alcoholismo.","breadcrumb":{"@id":"https:\/\/blogs.uninter.edu.mx\/ehli\/index.php\/2022\/11\/15\/der-welttag-ohne-alkohol-dia-mundial-sin-alcohol\/#breadcrumb"},"inLanguage":"es","potentialAction":[{"@type":"ReadAction","target":["https:\/\/blogs.uninter.edu.mx\/ehli\/index.php\/2022\/11\/15\/der-welttag-ohne-alkohol-dia-mundial-sin-alcohol\/"]}]},{"@type":"ImageObject","inLanguage":"es","@id":"https:\/\/blogs.uninter.edu.mx\/ehli\/index.php\/2022\/11\/15\/der-welttag-ohne-alkohol-dia-mundial-sin-alcohol\/#primaryimage","url":"https:\/\/blogs.uninter.edu.mx\/ehli\/wp-content\/uploads\/2022\/09\/Dia-Mundial-sin-Alcohol..jpg","contentUrl":"https:\/\/blogs.uninter.edu.mx\/ehli\/wp-content\/uploads\/2022\/09\/Dia-Mundial-sin-Alcohol..jpg","width":305,"height":203},{"@type":"BreadcrumbList","@id":"https:\/\/blogs.uninter.edu.mx\/ehli\/index.php\/2022\/11\/15\/der-welttag-ohne-alkohol-dia-mundial-sin-alcohol\/#breadcrumb","itemListElement":[{"@type":"ListItem","position":1,"name":"Inicio","item":"https:\/\/blogs.uninter.edu.mx\/ehli\/"},{"@type":"ListItem","position":2,"name":"Der Welttag ohne Alkohol."}]},{"@type":"WebSite","@id":"https:\/\/blogs.uninter.edu.mx\/ehli\/#website","url":"https:\/\/blogs.uninter.edu.mx\/ehli\/","name":"EHLI","description":"UNINTER","potentialAction":[{"@type":"SearchAction","target":{"@type":"EntryPoint","urlTemplate":"https:\/\/blogs.uninter.edu.mx\/ehli\/?s={search_term_string}"},"query-input":{"@type":"PropertyValueSpecification","valueRequired":true,"valueName":"search_term_string"}}],"inLanguage":"es"},{"@type":"Person","@id":"https:\/\/blogs.uninter.edu.mx\/ehli\/#\/schema\/person\/a1789b6f3e9150e996ddd6b13f71a91f","name":"Claudia Gal\u00e1n","image":{"@type":"ImageObject","inLanguage":"es","@id":"https:\/\/secure.gravatar.com\/avatar\/b3f20a310d3902521a587ab846aa4769a72215a79334d25f5d3323ae0db4c36f?s=96&d=mm&r=g","url":"https:\/\/secure.gravatar.com\/avatar\/b3f20a310d3902521a587ab846aa4769a72215a79334d25f5d3323ae0db4c36f?s=96&d=mm&r=g","contentUrl":"https:\/\/secure.gravatar.com\/avatar\/b3f20a310d3902521a587ab846aa4769a72215a79334d25f5d3323ae0db4c36f?s=96&d=mm&r=g","caption":"Claudia Gal\u00e1n"},"url":"https:\/\/blogs.uninter.edu.mx\/ehli\/index.php\/author\/cgalan\/"}]}},"jetpack_featured_media_url":"https:\/\/blogs.uninter.edu.mx\/ehli\/wp-content\/uploads\/2022\/09\/Dia-Mundial-sin-Alcohol..jpg","_links":{"self":[{"href":"https:\/\/blogs.uninter.edu.mx\/ehli\/index.php\/wp-json\/wp\/v2\/posts\/7415","targetHints":{"allow":["GET"]}}],"collection":[{"href":"https:\/\/blogs.uninter.edu.mx\/ehli\/index.php\/wp-json\/wp\/v2\/posts"}],"about":[{"href":"https:\/\/blogs.uninter.edu.mx\/ehli\/index.php\/wp-json\/wp\/v2\/types\/post"}],"author":[{"embeddable":true,"href":"https:\/\/blogs.uninter.edu.mx\/ehli\/index.php\/wp-json\/wp\/v2\/users\/14"}],"replies":[{"embeddable":true,"href":"https:\/\/blogs.uninter.edu.mx\/ehli\/index.php\/wp-json\/wp\/v2\/comments?post=7415"}],"version-history":[{"count":2,"href":"https:\/\/blogs.uninter.edu.mx\/ehli\/index.php\/wp-json\/wp\/v2\/posts\/7415\/revisions"}],"predecessor-version":[{"id":7418,"href":"https:\/\/blogs.uninter.edu.mx\/ehli\/index.php\/wp-json\/wp\/v2\/posts\/7415\/revisions\/7418"}],"wp:featuredmedia":[{"embeddable":true,"href":"https:\/\/blogs.uninter.edu.mx\/ehli\/index.php\/wp-json\/wp\/v2\/media\/7416"}],"wp:attachment":[{"href":"https:\/\/blogs.uninter.edu.mx\/ehli\/index.php\/wp-json\/wp\/v2\/media?parent=7415"}],"wp:term":[{"taxonomy":"category","embeddable":true,"href":"https:\/\/blogs.uninter.edu.mx\/ehli\/index.php\/wp-json\/wp\/v2\/categories?post=7415"},{"taxonomy":"post_tag","embeddable":true,"href":"https:\/\/blogs.uninter.edu.mx\/ehli\/index.php\/wp-json\/wp\/v2\/tags?post=7415"}],"curies":[{"name":"wp","href":"https:\/\/api.w.org\/{rel}","templated":true}]}}