{"id":7444,"date":"2022-11-22T11:00:00","date_gmt":"2022-11-22T11:00:00","guid":{"rendered":"https:\/\/blogs.uninter.edu.mx\/ehli\/?p=7444"},"modified":"2022-09-30T12:55:18","modified_gmt":"2022-09-30T12:55:18","slug":"dia-del-musico-dia-de-la-musica","status":"publish","type":"post","link":"https:\/\/blogs.uninter.edu.mx\/ehli\/index.php\/2022\/11\/22\/dia-del-musico-dia-de-la-musica\/","title":{"rendered":"\u97f3\u697d\u5bb6\u306e\u65e5\uff08\u304a\u3093\u304c\u304f\u304b\u306e\u3072\uff09\u3002"},"content":{"rendered":"\n<h2 class=\"wp-block-heading\" style=\"font-size:30px\">\u6bce\u5e7411\u670822\u65e5\u3002<\/h2>\n\n\n\n<p><\/p>\n\n\n\n<p class=\"has-text-align-justify has-medium-font-size\">\u6bce\u5e74 11 \u6708 22 \u65e5\u306f\u3001<a href=\"https:\/\/www.calendarr.com\/mexico\/dia-del-musico\/\" target=\"_blank\" rel=\"noreferrer noopener\">\u97f3\u697d\u306e\u65e5<\/a>\u3068\u3057\u3066\u3082\u77e5\u3089\u308c\u308b\u97f3\u697d\u5bb6\u306e\u65e5\u304c\u8a18\u5ff5\u3055\u308c\u307e\u3059\u3002<\/p>\n\n\n<div class=\"wp-block-image\">\n<figure class=\"aligncenter size-large\"><img decoding=\"async\" src=\"https:\/\/utaten.com\/uploads\/images\/specialArticle\/7435\/06c593e9ea8dce768553b1097f59d5dbac35f488.jpeg\" alt=\"D\u00eda del M\u00fasico y de la M\u00fasica.\" title=\"D\u00eda del M\u00fasico y de la M\u00fasica.\"\/><figcaption>\u97f3\u697d\u5bb6\u306e\u65e5\u3068\u97f3\u697d\u306e\u65e5\u3002<\/figcaption><\/figure>\n<\/div>\n\n\n<p class=\"has-text-align-justify has-medium-font-size\">\u3053\u306e\u65e5\u306f\u3001\u3053\u306e\u82b8\u8853\u306b\u4eba\u751f\u3092\u6367\u3052\u308b\u3059\u3079\u3066\u306e\u4eba\u306b\u3068\u3063\u3066\u975e\u5e38\u306b\u7279\u5225\u306a\u65e5\u3067\u3059\u3002\u307e\u305f\u3001\u65e5\u9803\u304b\u3089\u97f3\u697d\u3092\u697d\u3057\u3093\u3067\u3044\u308b\u65b9\u3078\u306e\u304a\u795d\u3044\u306e\u54c1\u306b\u3082\u306a\u308a\u307e\u3059\u3002<\/p>\n\n\n\n<p class=\"has-text-align-justify has-medium-font-size\">\u3053\u306e\u65e5\u306f\u3001\u300c\u30df\u30e5\u30fc\u30b8\u30b7\u30e3\u30f3\u306e\u5b88\u8b77\u8056\u4eba\u300d\u3068\u898b\u306a\u3055\u308c\u3066\u3044\u308b<a href=\"https:\/\/www.ngenespanol.com\/traveler\/por-que-es-santa-cecilia-la-patrona-de-los-musicos\/#:~:text=Santa%20Cecilia%20es%20una%20de,noviembre%20para%20conmemorar%20su%20muerte.\" target=\"_blank\" rel=\"noreferrer noopener\">\u30b5\u30f3\u30bf\u30fb\u30bb\u30b7\u30ea\u30a2<\/a>\u306e\u8056\u540d\u306e\u65e5\u3068\u4e00\u81f4\u3057\u3066\u3044\u307e\u3059\u3002<\/p>\n\n\n<div class=\"wp-block-image\">\n<figure class=\"aligncenter size-large is-resized\"><img loading=\"lazy\" decoding=\"async\" src=\"http:\/\/www.musicaantigua.com\/wp-content\/uploads\/2015\/11\/santa-cecilia-musica__.jpg\" alt=\"Santa Cecilia conocida como &quot;patrona de los m\u00fasicos&quot;.\" width=\"840\" height=\"350\" title=\"Santa Cecilia conocida como &quot;patrona de los m\u00fasicos&quot;.\"\/><figcaption>\u300c\u97f3\u697d\u5bb6\u306e\u5b88\u8b77\u8056\u4eba\u300d\u3068\u3057\u3066\u77e5\u3089\u308c\u308b\u30b5\u30f3\u30bf\u30fb\u30bb\u30b7\u30ea\u30a2\u3002<\/figcaption><\/figure>\n<\/div>\n\n\n<p><\/p>\n\n\n\n<h2 class=\"wp-block-heading\" style=\"font-size:25px\">\u97f3\u697d\u5bb6\u306e\u65e5\u306e\u7531\u6765.<\/h2>\n\n\n\n<p class=\"has-text-align-justify has-medium-font-size\">\u3053\u306e\u795d\u796d\u306e\u8d77\u6e90\u306f\u300111 \u6708 22 \u65e5\u306e\u30ed\u30fc\u30de\u306e\u8056\u30bb\u30b7\u30ea\u30a2\u306e\u6b7b\u3092\u8a18\u5ff5\u3057\u3066\u30ad\u30ea\u30b9\u30c8\u6559\u5f92\u3068\u6b63\u6559\u4f1a\u304c\u6367\u3052\u308b\u65e5\u4ed8\u306b\u76f4\u63a5\u95a2\u9023\u3057\u3066\u3044\u307e\u3059\u3002<\/p>\n\n\n\n<p class=\"has-text-align-justify has-medium-font-size\">\u6700\u521d\u306e\u8a18\u5ff5\u306f\u3001\u4f5c\u66f2\u5bb6\u306e\u30b0\u30eb\u30fc\u30d7\u304c\u30b3\u30f3\u30c6\u30b9\u30c8\u306b\u53c2\u52a0\u3059\u308b\u305f\u3081\u306b\u96c6\u307e\u3063\u305f\u30d5\u30e9\u30f3\u30b9\u306e\u753a\u3001\u30a8\u30f4\u30eb\u30fc\u3067 17 \u4e16\u7d00\u306b\u3055\u304b\u306e\u307c\u308a\u307e\u3059\u3002\u305d\u306e\u5f8c\u30011695 \u5e74\u3001\u6700\u521d\u306e\u97f3\u697d\u5bb6\u306e\u65e5\u306e\u304a\u795d\u3044\u304c\u30a8\u30b8\u30f3\u30d0\u30e9\u3067\u884c\u308f\u308c\u300111 \u6708 22 \u65e5\u306b\u884c\u308f\u308c\u307e\u3057\u305f\u3002<\/p>\n\n\n\n<p class=\"has-text-align-justify has-medium-font-size\">\u3059\u3050\u306b\u3001\u30b9\u30da\u30a4\u30f3\u3001\u30c9\u30a4\u30c4\u3001\u30d5\u30e9\u30f3\u30b9\u306a\u3069\u3001\u4ed6\u306e\u56fd\u3067\u3082\u3053\u306e\u8a18\u5ff5\u5f0f\u5178\u304c\u884c\u308f\u308c\u308b\u3088\u3046\u306b\u306a\u308a\u307e\u3057\u305f\u3002\u8a18\u5ff5\u304c\u30a2\u30e1\u30ea\u30ab\u5927\u9678\u306e\u56fd\u3005\u306b\u5e83\u307e\u3063\u305f\u306e\u306f\u300120\u4e16\u7d00\u306e\u521d\u3081\u307e\u3067\u3067\u306f\u3042\u308a\u307e\u305b\u3093\u3067\u3057\u305f.<\/p>\n\n\n<div class=\"wp-block-image\">\n<figure class=\"aligncenter size-large is-resized\"><img loading=\"lazy\" decoding=\"async\" src=\"https:\/\/img.freepik.com\/vector-premium\/violin-notas-musica-fondo_1308-3505.jpg\" alt=\"Instrumento musical.\" width=\"697\" height=\"503\" title=\"Instrumento musical.\"\/><figcaption>\u697d\u5668\u3002<\/figcaption><\/figure>\n<\/div>\n\n\n<p><\/p>\n\n\n\n<h2 class=\"wp-block-heading\" style=\"font-size:25px\">\u97f3\u697d\u5bb6\u306e\u65e5\u306e\u6d3b\u52d5\u3002<\/h2>\n\n\n\n<p class=\"has-text-align-justify has-medium-font-size\">\u4eba\u751f\u3092\u97f3\u697d\u3067\u6e80\u305f\u3059\u306e\u306f\u3069\u3093\u306a\u65e5\u3067\u3082\u826f\u3044\u65e5\u3067\u3059\u304c\u3001\u3053\u306e\u65e5\u306f\u3055\u3089\u306b\u7279\u5225\u3067\u3059\u3002\u3053\u3053\u3067\u306f\u3001\u97f3\u697d\u5bb6\u306e\u65e5\u3092\u8a18\u5ff5\u3059\u308b\u6d3b\u52d5\u3092\u3044\u304f\u3064\u304b\u63d0\u6848\u3057\u307e\u3059\uff1a<\/p>\n\n\n\n<ul class=\"has-medium-font-size wp-block-list\"><li>\u304a\u4f4f\u307e\u3044\u306e\u5730\u57df\u306e\u6587\u5316\u7684\u8b70\u984c\u3092\u78ba\u8a8d\u3057\u3001\u97f3\u697d\u6d3b\u52d5\u306b\u53c2\u52a0\u3057\u3066\u304f\u3060\u3055\u3044\u3002<\/li><li>\u53cb\u9054\u3084\u5bb6\u65cf\u3068\u4e00\u7dd2\u306b\u3001\u304a\u6c17\u306b\u5165\u308a\u306e\u30a2\u30fc\u30c6\u30a3\u30b9\u30c8\u306e\u30b3\u30f3\u30b5\u30fc\u30c8\u306b\u51fa\u304b\u3051\u307e\u3057\u3087\u3046\u3002<\/li><li>\u97f3\u697d\u306b\u5c02\u5ff5\u3059\u308b\u306a\u3089\u3001\u901a\u308a\u306b\u51fa\u3066\u3001\u51fa\u5e2d\u8005\u3092\u97f3\u697d\u3067\u559c\u3070\u305b\u307e\u3057\u3087\u3046\u3002<\/li><li>\u304a\u6c17\u306b\u5165\u308a\u306e\u66f2\u3092\u30bd\u30fc\u30b7\u30e3\u30eb \u30cd\u30c3\u30c8\u30ef\u30fc\u30af\u3067\u5171\u6709\u3057\u307e\u3059\u3002<\/li><li>\u89aa\u621a\u3068\u81ea\u5b85\u3067\u30ab\u30e9\u30aa\u30b1\u30bb\u30c3\u30b7\u30e7\u30f3\u3092\u884c\u3044\u307e\u3059\u3002<\/li><\/ul>\n\n\n<div class=\"wp-block-image\">\n<figure class=\"aligncenter size-large\"><img decoding=\"async\" src=\"https:\/\/img.freepik.com\/vector-premium\/chica-escuchando-musica-auriculares-portatil-cartoon-vector-icono-ilustracion-concepto-icono-tecnologia-personas-aislado-vector-premium-estilo-dibujos-animados-plana_138676-1884.jpg\" alt=\"Escuchando m\u00fasica.\" title=\"Escuchando m\u00fasica.\"\/><figcaption>\u97f3\u697d\u3092\u8074\u304f\u3002<\/figcaption><\/figure>\n<\/div>\n\n\n<p class=\"has-text-align-center\" style=\"font-size:30px\"><strong>\u305d\u3057\u3066\u3001\u3042\u306a\u305f\u306f\u97f3\u697d\u611b\u597d\u5bb6\u3067\u3059\u304b\uff1f<\/strong><\/p>\n\n\n\n<p><\/p>\n\n\n\n<p>\u3053\u306e\u7a2e\u306e\u30d6\u30ed\u30b0\u304c\u6c17\u306b\u5165\u3063\u305f\u5834\u5408\u306f\u3001\u30bd\u30fc\u30b7\u30e3\u30eb \u30e1\u30c7\u30a3\u30a2\u3067\u30d5\u30a9\u30ed\u30fc\u3057\u3066\u304f\u3060\u3055\u3044\uff1a<\/p>\n\n\n\n<p><a href=\"https:\/\/www.facebook.com\/dheiuninter\" target=\"_blank\" rel=\"noreferrer noopener\">I<\/a><a href=\"https:\/\/www.instagram.com\/ehli.uninter\/\" target=\"_blank\" rel=\"noreferrer noopener\">Instagram EHLI<\/a><\/p>\n\n\n\n<p><a href=\"https:\/\/blogs.uninter.edu.mx\/ehli\/\" target=\"_blank\" rel=\"noreferrer noopener\">Blog EHLI<\/a><\/p>\n\n\n\n<p><a href=\"https:\/\/www.facebook.com\/dheiuninter\" target=\"_blank\" rel=\"noreferrer noopener\">Facebook EHL<\/a><\/p>\n","protected":false},"excerpt":{"rendered":"<p>\u6bce\u5e7411\u670822\u65e5\u3002 \u6bce\u5e74 11 \u6708 22 \u65e5\u306f\u3001\u97f3\u697d\u306e\u65e5\u3068\u3057\u3066\u3082\u77e5\u3089\u308c\u308b\u97f3\u697d\u5bb6\u306e\u65e5\u304c\u8a18\u5ff5\u3055\u308c\u307e\u3059\u3002 \u3053\u306e\u65e5\u306f\u3001\u3053\u306e\u82b8\u8853\u306b\u4eba\u751f\u3092\u6367\u3052\u308b\u3059\u3079\u3066\u306e\u4eba\u306b\u3068\u3063\u3066\u975e\u5e38\u306b\u7279\u5225\u306a\u65e5\u3067\u3059\u3002\u307e\u305f\u3001\u65e5\u9803\u304b\u3089\u97f3\u697d\u3092\u697d\u3057\u3093\u3067\u3044\u308b\u65b9\u3078\u306e\u304a\u795d\u3044\u306e\u54c1\u306b\u3082\u306a\u308a\u307e\u3059\u3002 \u3053\u306e\u65e5\u306f\u3001\u300c\u30df\u30e5\u30fc\u30b8\u30b7\u30e3\u30f3\u306e\u5b88\u8b77\u8056\u4eba\u300d\u3068\u898b\u306a\u3055\u308c\u3066\u3044\u308b\u30b5\u30f3\u30bf\u30fb\u30bb\u30b7\u30ea\u30a2\u306e\u8056\u540d\u306e\u65e5\u3068\u4e00\u81f4\u3057\u3066\u3044\u307e\u3059\u3002 \u97f3\u697d\u5bb6\u306e\u65e5\u306e\u7531\u6765. \u3053\u306e\u795d\u796d\u306e\u8d77\u6e90\u306f\u300111 \u6708 22 \u65e5\u306e\u30ed\u30fc\u30de\u306e\u8056\u30bb\u30b7\u30ea\u30a2\u306e\u6b7b\u3092\u8a18\u5ff5\u3057\u3066\u30ad\u30ea\u30b9\u30c8\u6559\u5f92\u3068\u6b63\u6559\u4f1a\u304c\u6367\u3052\u308b\u65e5\u4ed8\u306b\u76f4\u63a5\u95a2\u9023\u3057\u3066\u3044\u307e\u3059\u3002 \u6700\u521d\u306e\u8a18\u5ff5\u306f\u3001\u4f5c\u66f2\u5bb6\u306e\u30b0\u30eb\u30fc\u30d7\u304c\u30b3\u30f3\u30c6\u30b9\u30c8\u306b\u53c2\u52a0\u3059\u308b\u305f\u3081\u306b\u96c6\u307e\u3063\u305f\u30d5\u30e9\u30f3\u30b9\u306e\u753a\u3001\u30a8\u30f4\u30eb\u30fc\u3067 17 \u4e16\u7d00\u306b\u3055\u304b\u306e\u307c\u308a\u307e\u3059\u3002\u305d\u306e\u5f8c\u30011695 \u5e74\u3001\u6700\u521d\u306e\u97f3\u697d\u5bb6\u306e\u65e5\u306e\u304a\u795d\u3044\u304c\u30a8\u30b8\u30f3\u30d0\u30e9\u3067\u884c\u308f\u308c\u300111 \u6708 22 \u65e5\u306b\u884c\u308f\u308c\u307e\u3057\u305f\u3002 \u3059\u3050\u306b\u3001\u30b9\u30da\u30a4\u30f3\u3001\u30c9\u30a4\u30c4\u3001\u30d5\u30e9\u30f3\u30b9\u306a\u3069\u3001\u4ed6\u306e\u56fd\u3067\u3082\u3053\u306e\u8a18\u5ff5\u5f0f\u5178\u304c\u884c\u308f\u308c\u308b\u3088\u3046\u306b\u306a\u308a\u307e\u3057\u305f\u3002\u8a18\u5ff5\u304c\u30a2\u30e1\u30ea\u30ab\u5927\u9678\u306e\u56fd\u3005\u306b\u5e83\u307e\u3063\u305f\u306e\u306f\u300120\u4e16\u7d00\u306e\u521d\u3081\u307e\u3067\u3067\u306f\u3042\u308a\u307e\u305b\u3093\u3067\u3057\u305f. \u97f3\u697d\u5bb6\u306e\u65e5\u306e\u6d3b\u52d5\u3002 \u4eba\u751f\u3092\u97f3\u697d\u3067\u6e80\u305f\u3059\u306e\u306f\u3069\u3093\u306a\u65e5\u3067\u3082\u826f\u3044\u65e5\u3067\u3059\u304c\u3001\u3053\u306e\u65e5\u306f\u3055\u3089\u306b\u7279\u5225\u3067\u3059\u3002\u3053\u3053\u3067\u306f\u3001\u97f3\u697d\u5bb6\u306e\u65e5\u3092\u8a18\u5ff5\u3059\u308b\u6d3b\u52d5\u3092\u3044\u304f\u3064\u304b\u63d0\u6848\u3057\u307e\u3059\uff1a \u304a\u4f4f\u307e\u3044\u306e\u5730\u57df\u306e\u6587\u5316\u7684\u8b70\u984c\u3092\u78ba\u8a8d\u3057\u3001\u97f3\u697d\u6d3b\u52d5\u306b\u53c2\u52a0\u3057\u3066\u304f\u3060\u3055\u3044\u3002 \u53cb\u9054\u3084\u5bb6\u65cf\u3068\u4e00\u7dd2\u306b\u3001\u304a\u6c17\u306b\u5165\u308a\u306e\u30a2\u30fc\u30c6\u30a3\u30b9\u30c8\u306e\u30b3\u30f3\u30b5\u30fc\u30c8\u306b\u51fa\u304b\u3051\u307e\u3057\u3087\u3046\u3002 \u97f3\u697d\u306b\u5c02\u5ff5\u3059\u308b\u306a\u3089\u3001\u901a\u308a\u306b\u51fa\u3066\u3001\u51fa\u5e2d\u8005\u3092\u97f3\u697d\u3067\u559c\u3070\u305b\u307e\u3057\u3087\u3046\u3002 \u304a\u6c17\u306b\u5165\u308a\u306e\u66f2\u3092\u30bd\u30fc\u30b7\u30e3\u30eb \u30cd\u30c3\u30c8\u30ef\u30fc\u30af\u3067\u5171\u6709\u3057\u307e\u3059\u3002 \u89aa\u621a\u3068\u81ea\u5b85\u3067\u30ab\u30e9\u30aa\u30b1\u30bb\u30c3\u30b7\u30e7\u30f3\u3092\u884c\u3044\u307e\u3059\u3002 \u305d\u3057\u3066\u3001\u3042\u306a\u305f\u306f\u97f3\u697d\u611b\u597d\u5bb6\u3067\u3059\u304b\uff1f \u3053\u306e\u7a2e\u306e\u30d6\u30ed\u30b0\u304c\u6c17\u306b\u5165\u3063\u305f\u5834\u5408\u306f\u3001\u30bd\u30fc\u30b7\u30e3\u30eb \u30e1\u30c7\u30a3\u30a2\u3067\u30d5\u30a9\u30ed\u30fc\u3057\u3066\u304f\u3060\u3055\u3044\uff1a IInstagram EHLI Blog EHLI Facebook EHL<\/p>\n","protected":false},"author":14,"featured_media":7445,"comment_status":"open","ping_status":"open","sticky":false,"template":"","format":"standard","meta":{"rop_custom_images_group":[],"rop_custom_messages_group":[],"rop_publish_now":"initial","rop_publish_now_accounts":[],"rop_publish_now_history":[],"rop_publish_now_status":"pending","footnotes":""},"categories":[243,476,475,241,308,11,270],"tags":[284,277,60,182,25,26],"class_list":["post-7444","post","type-post","status-publish","format-standard","has-post-thumbnail","hentry","category-cross-language-experiences","category-cursos-extracurriculares","category-japones","category-lenguas-extranjeras","category-letras","category-lid","category-refresher-training","tag-cross-language-experiences","tag-departamento-de-lenguas-extranjeras","tag-ehli","tag-lenguas-extranjeras","tag-uninter","tag-universidad-internacional"],"yoast_head":"<!-- This site is optimized with the Yoast SEO plugin v27.4 - https:\/\/yoast.com\/product\/yoast-seo-wordpress\/ -->\r\n<title>\u97f3\u697d\u5bb6\u306e\u65e5\uff08\u304a\u3093\u304c\u304f\u304b\u306e\u3072\uff09\u3002 - EHLI<\/title>\r\n<meta name=\"description\" content=\"Recuento hist\u00f3rico del D\u00eda del M\u00fasico y de la M\u00fasica, conocer su origen, expansi\u00f3n e influencia en las artes del mundo antiguo y moderno.\" \/>\r\n<meta name=\"robots\" content=\"index, follow, max-snippet:-1, max-image-preview:large, max-video-preview:-1\" \/>\r\n<link rel=\"canonical\" href=\"https:\/\/blogs.uninter.edu.mx\/ehli\/index.php\/2022\/11\/22\/dia-del-musico-dia-de-la-musica\/\" \/>\r\n<meta property=\"og:locale\" content=\"es_MX\" \/>\r\n<meta property=\"og:type\" content=\"article\" \/>\r\n<meta property=\"og:title\" content=\"\u97f3\u697d\u5bb6\u306e\u65e5\uff08\u304a\u3093\u304c\u304f\u304b\u306e\u3072\uff09\u3002 - EHLI\" \/>\r\n<meta property=\"og:description\" content=\"Recuento hist\u00f3rico del D\u00eda del M\u00fasico y de la M\u00fasica, conocer su origen, expansi\u00f3n e influencia en las artes del mundo antiguo y moderno.\" \/>\r\n<meta property=\"og:url\" content=\"https:\/\/blogs.uninter.edu.mx\/ehli\/index.php\/2022\/11\/22\/dia-del-musico-dia-de-la-musica\/\" \/>\r\n<meta property=\"og:site_name\" content=\"EHLI\" \/>\r\n<meta property=\"article:published_time\" content=\"2022-11-22T11:00:00+00:00\" \/>\r\n<meta property=\"og:image\" content=\"https:\/\/blogs.uninter.edu.mx\/ehli\/wp-content\/uploads\/2022\/09\/Dia-del-Musico-y-de-la-Musica..jpeg\" \/>\r\n\t<meta property=\"og:image:width\" content=\"1200\" \/>\r\n\t<meta property=\"og:image:height\" content=\"630\" \/>\r\n\t<meta property=\"og:image:type\" content=\"image\/jpeg\" \/>\r\n<meta name=\"author\" content=\"Claudia Gal\u00e1n\" \/>\r\n<meta name=\"twitter:card\" content=\"summary_large_image\" \/>\r\n<meta name=\"twitter:label1\" content=\"Escrito por\" \/>\n\t<meta name=\"twitter:data1\" content=\"Claudia Gal\u00e1n\" \/>\n\t<meta name=\"twitter:label2\" content=\"Tiempo de lectura\" \/>\n\t<meta name=\"twitter:data2\" content=\"1 minuto\" \/>\r\n<script type=\"application\/ld+json\" class=\"yoast-schema-graph\">{\"@context\":\"https:\\\/\\\/schema.org\",\"@graph\":[{\"@type\":\"Article\",\"@id\":\"https:\\\/\\\/blogs.uninter.edu.mx\\\/ehli\\\/index.php\\\/2022\\\/11\\\/22\\\/dia-del-musico-dia-de-la-musica\\\/#article\",\"isPartOf\":{\"@id\":\"https:\\\/\\\/blogs.uninter.edu.mx\\\/ehli\\\/index.php\\\/2022\\\/11\\\/22\\\/dia-del-musico-dia-de-la-musica\\\/\"},\"author\":{\"name\":\"Claudia Gal\u00e1n\",\"@id\":\"https:\\\/\\\/blogs.uninter.edu.mx\\\/ehli\\\/#\\\/schema\\\/person\\\/a1789b6f3e9150e996ddd6b13f71a91f\"},\"headline\":\"\u97f3\u697d\u5bb6\u306e\u65e5\uff08\u304a\u3093\u304c\u304f\u304b\u306e\u3072\uff09\u3002\",\"datePublished\":\"2022-11-22T11:00:00+00:00\",\"mainEntityOfPage\":{\"@id\":\"https:\\\/\\\/blogs.uninter.edu.mx\\\/ehli\\\/index.php\\\/2022\\\/11\\\/22\\\/dia-del-musico-dia-de-la-musica\\\/\"},\"wordCount\":7,\"commentCount\":0,\"image\":{\"@id\":\"https:\\\/\\\/blogs.uninter.edu.mx\\\/ehli\\\/index.php\\\/2022\\\/11\\\/22\\\/dia-del-musico-dia-de-la-musica\\\/#primaryimage\"},\"thumbnailUrl\":\"https:\\\/\\\/blogs.uninter.edu.mx\\\/ehli\\\/wp-content\\\/uploads\\\/2022\\\/09\\\/Dia-del-Musico-y-de-la-Musica..jpeg\",\"keywords\":[\"Cross Language Experiences\",\"Departamento de Lenguas Extranjeras\",\"EHLI\",\"Lenguas Extranjeras\",\"UNINTER\",\"UNIVERSIDAD INTERNACIONAL\"],\"articleSection\":[\"Cross-Language Experiences\",\"Cursos Extracurriculares\",\"Japon\u00e9s\",\"Lenguas Extranjeras\",\"Letras\",\"Lic. en Idiomas\",\"Refresher Training\"],\"inLanguage\":\"es\",\"potentialAction\":[{\"@type\":\"CommentAction\",\"name\":\"Comment\",\"target\":[\"https:\\\/\\\/blogs.uninter.edu.mx\\\/ehli\\\/index.php\\\/2022\\\/11\\\/22\\\/dia-del-musico-dia-de-la-musica\\\/#respond\"]}]},{\"@type\":\"WebPage\",\"@id\":\"https:\\\/\\\/blogs.uninter.edu.mx\\\/ehli\\\/index.php\\\/2022\\\/11\\\/22\\\/dia-del-musico-dia-de-la-musica\\\/\",\"url\":\"https:\\\/\\\/blogs.uninter.edu.mx\\\/ehli\\\/index.php\\\/2022\\\/11\\\/22\\\/dia-del-musico-dia-de-la-musica\\\/\",\"name\":\"\u97f3\u697d\u5bb6\u306e\u65e5\uff08\u304a\u3093\u304c\u304f\u304b\u306e\u3072\uff09\u3002 - EHLI\",\"isPartOf\":{\"@id\":\"https:\\\/\\\/blogs.uninter.edu.mx\\\/ehli\\\/#website\"},\"primaryImageOfPage\":{\"@id\":\"https:\\\/\\\/blogs.uninter.edu.mx\\\/ehli\\\/index.php\\\/2022\\\/11\\\/22\\\/dia-del-musico-dia-de-la-musica\\\/#primaryimage\"},\"image\":{\"@id\":\"https:\\\/\\\/blogs.uninter.edu.mx\\\/ehli\\\/index.php\\\/2022\\\/11\\\/22\\\/dia-del-musico-dia-de-la-musica\\\/#primaryimage\"},\"thumbnailUrl\":\"https:\\\/\\\/blogs.uninter.edu.mx\\\/ehli\\\/wp-content\\\/uploads\\\/2022\\\/09\\\/Dia-del-Musico-y-de-la-Musica..jpeg\",\"datePublished\":\"2022-11-22T11:00:00+00:00\",\"author\":{\"@id\":\"https:\\\/\\\/blogs.uninter.edu.mx\\\/ehli\\\/#\\\/schema\\\/person\\\/a1789b6f3e9150e996ddd6b13f71a91f\"},\"description\":\"Recuento hist\u00f3rico del D\u00eda del M\u00fasico y de la M\u00fasica, conocer su origen, expansi\u00f3n e influencia en las artes del mundo antiguo y moderno.\",\"breadcrumb\":{\"@id\":\"https:\\\/\\\/blogs.uninter.edu.mx\\\/ehli\\\/index.php\\\/2022\\\/11\\\/22\\\/dia-del-musico-dia-de-la-musica\\\/#breadcrumb\"},\"inLanguage\":\"es\",\"potentialAction\":[{\"@type\":\"ReadAction\",\"target\":[\"https:\\\/\\\/blogs.uninter.edu.mx\\\/ehli\\\/index.php\\\/2022\\\/11\\\/22\\\/dia-del-musico-dia-de-la-musica\\\/\"]}]},{\"@type\":\"ImageObject\",\"inLanguage\":\"es\",\"@id\":\"https:\\\/\\\/blogs.uninter.edu.mx\\\/ehli\\\/index.php\\\/2022\\\/11\\\/22\\\/dia-del-musico-dia-de-la-musica\\\/#primaryimage\",\"url\":\"https:\\\/\\\/blogs.uninter.edu.mx\\\/ehli\\\/wp-content\\\/uploads\\\/2022\\\/09\\\/Dia-del-Musico-y-de-la-Musica..jpeg\",\"contentUrl\":\"https:\\\/\\\/blogs.uninter.edu.mx\\\/ehli\\\/wp-content\\\/uploads\\\/2022\\\/09\\\/Dia-del-Musico-y-de-la-Musica..jpeg\",\"width\":1200,\"height\":630},{\"@type\":\"BreadcrumbList\",\"@id\":\"https:\\\/\\\/blogs.uninter.edu.mx\\\/ehli\\\/index.php\\\/2022\\\/11\\\/22\\\/dia-del-musico-dia-de-la-musica\\\/#breadcrumb\",\"itemListElement\":[{\"@type\":\"ListItem\",\"position\":1,\"name\":\"Inicio\",\"item\":\"https:\\\/\\\/blogs.uninter.edu.mx\\\/ehli\\\/\"},{\"@type\":\"ListItem\",\"position\":2,\"name\":\"\u97f3\u697d\u5bb6\u306e\u65e5\uff08\u304a\u3093\u304c\u304f\u304b\u306e\u3072\uff09\u3002\"}]},{\"@type\":\"WebSite\",\"@id\":\"https:\\\/\\\/blogs.uninter.edu.mx\\\/ehli\\\/#website\",\"url\":\"https:\\\/\\\/blogs.uninter.edu.mx\\\/ehli\\\/\",\"name\":\"EHLI\",\"description\":\"UNINTER\",\"potentialAction\":[{\"@type\":\"SearchAction\",\"target\":{\"@type\":\"EntryPoint\",\"urlTemplate\":\"https:\\\/\\\/blogs.uninter.edu.mx\\\/ehli\\\/?s={search_term_string}\"},\"query-input\":{\"@type\":\"PropertyValueSpecification\",\"valueRequired\":true,\"valueName\":\"search_term_string\"}}],\"inLanguage\":\"es\"},{\"@type\":\"Person\",\"@id\":\"https:\\\/\\\/blogs.uninter.edu.mx\\\/ehli\\\/#\\\/schema\\\/person\\\/a1789b6f3e9150e996ddd6b13f71a91f\",\"name\":\"Claudia Gal\u00e1n\",\"image\":{\"@type\":\"ImageObject\",\"inLanguage\":\"es\",\"@id\":\"https:\\\/\\\/secure.gravatar.com\\\/avatar\\\/b3f20a310d3902521a587ab846aa4769a72215a79334d25f5d3323ae0db4c36f?s=96&d=mm&r=g\",\"url\":\"https:\\\/\\\/secure.gravatar.com\\\/avatar\\\/b3f20a310d3902521a587ab846aa4769a72215a79334d25f5d3323ae0db4c36f?s=96&d=mm&r=g\",\"contentUrl\":\"https:\\\/\\\/secure.gravatar.com\\\/avatar\\\/b3f20a310d3902521a587ab846aa4769a72215a79334d25f5d3323ae0db4c36f?s=96&d=mm&r=g\",\"caption\":\"Claudia Gal\u00e1n\"},\"url\":\"https:\\\/\\\/blogs.uninter.edu.mx\\\/ehli\\\/index.php\\\/author\\\/cgalan\\\/\"}]}<\/script>\r\n<!-- \/ Yoast SEO plugin. -->","yoast_head_json":{"title":"\u97f3\u697d\u5bb6\u306e\u65e5\uff08\u304a\u3093\u304c\u304f\u304b\u306e\u3072\uff09\u3002 - EHLI","description":"Recuento hist\u00f3rico del D\u00eda del M\u00fasico y de la M\u00fasica, conocer su origen, expansi\u00f3n e influencia en las artes del mundo antiguo y moderno.","robots":{"index":"index","follow":"follow","max-snippet":"max-snippet:-1","max-image-preview":"max-image-preview:large","max-video-preview":"max-video-preview:-1"},"canonical":"https:\/\/blogs.uninter.edu.mx\/ehli\/index.php\/2022\/11\/22\/dia-del-musico-dia-de-la-musica\/","og_locale":"es_MX","og_type":"article","og_title":"\u97f3\u697d\u5bb6\u306e\u65e5\uff08\u304a\u3093\u304c\u304f\u304b\u306e\u3072\uff09\u3002 - EHLI","og_description":"Recuento hist\u00f3rico del D\u00eda del M\u00fasico y de la M\u00fasica, conocer su origen, expansi\u00f3n e influencia en las artes del mundo antiguo y moderno.","og_url":"https:\/\/blogs.uninter.edu.mx\/ehli\/index.php\/2022\/11\/22\/dia-del-musico-dia-de-la-musica\/","og_site_name":"EHLI","article_published_time":"2022-11-22T11:00:00+00:00","og_image":[{"width":1200,"height":630,"url":"https:\/\/blogs.uninter.edu.mx\/ehli\/wp-content\/uploads\/2022\/09\/Dia-del-Musico-y-de-la-Musica..jpeg","type":"image\/jpeg"}],"author":"Claudia Gal\u00e1n","twitter_card":"summary_large_image","twitter_misc":{"Escrito por":"Claudia Gal\u00e1n","Tiempo de lectura":"1 minuto"},"schema":{"@context":"https:\/\/schema.org","@graph":[{"@type":"Article","@id":"https:\/\/blogs.uninter.edu.mx\/ehli\/index.php\/2022\/11\/22\/dia-del-musico-dia-de-la-musica\/#article","isPartOf":{"@id":"https:\/\/blogs.uninter.edu.mx\/ehli\/index.php\/2022\/11\/22\/dia-del-musico-dia-de-la-musica\/"},"author":{"name":"Claudia Gal\u00e1n","@id":"https:\/\/blogs.uninter.edu.mx\/ehli\/#\/schema\/person\/a1789b6f3e9150e996ddd6b13f71a91f"},"headline":"\u97f3\u697d\u5bb6\u306e\u65e5\uff08\u304a\u3093\u304c\u304f\u304b\u306e\u3072\uff09\u3002","datePublished":"2022-11-22T11:00:00+00:00","mainEntityOfPage":{"@id":"https:\/\/blogs.uninter.edu.mx\/ehli\/index.php\/2022\/11\/22\/dia-del-musico-dia-de-la-musica\/"},"wordCount":7,"commentCount":0,"image":{"@id":"https:\/\/blogs.uninter.edu.mx\/ehli\/index.php\/2022\/11\/22\/dia-del-musico-dia-de-la-musica\/#primaryimage"},"thumbnailUrl":"https:\/\/blogs.uninter.edu.mx\/ehli\/wp-content\/uploads\/2022\/09\/Dia-del-Musico-y-de-la-Musica..jpeg","keywords":["Cross Language Experiences","Departamento de Lenguas Extranjeras","EHLI","Lenguas Extranjeras","UNINTER","UNIVERSIDAD INTERNACIONAL"],"articleSection":["Cross-Language Experiences","Cursos Extracurriculares","Japon\u00e9s","Lenguas Extranjeras","Letras","Lic. en Idiomas","Refresher Training"],"inLanguage":"es","potentialAction":[{"@type":"CommentAction","name":"Comment","target":["https:\/\/blogs.uninter.edu.mx\/ehli\/index.php\/2022\/11\/22\/dia-del-musico-dia-de-la-musica\/#respond"]}]},{"@type":"WebPage","@id":"https:\/\/blogs.uninter.edu.mx\/ehli\/index.php\/2022\/11\/22\/dia-del-musico-dia-de-la-musica\/","url":"https:\/\/blogs.uninter.edu.mx\/ehli\/index.php\/2022\/11\/22\/dia-del-musico-dia-de-la-musica\/","name":"\u97f3\u697d\u5bb6\u306e\u65e5\uff08\u304a\u3093\u304c\u304f\u304b\u306e\u3072\uff09\u3002 - EHLI","isPartOf":{"@id":"https:\/\/blogs.uninter.edu.mx\/ehli\/#website"},"primaryImageOfPage":{"@id":"https:\/\/blogs.uninter.edu.mx\/ehli\/index.php\/2022\/11\/22\/dia-del-musico-dia-de-la-musica\/#primaryimage"},"image":{"@id":"https:\/\/blogs.uninter.edu.mx\/ehli\/index.php\/2022\/11\/22\/dia-del-musico-dia-de-la-musica\/#primaryimage"},"thumbnailUrl":"https:\/\/blogs.uninter.edu.mx\/ehli\/wp-content\/uploads\/2022\/09\/Dia-del-Musico-y-de-la-Musica..jpeg","datePublished":"2022-11-22T11:00:00+00:00","author":{"@id":"https:\/\/blogs.uninter.edu.mx\/ehli\/#\/schema\/person\/a1789b6f3e9150e996ddd6b13f71a91f"},"description":"Recuento hist\u00f3rico del D\u00eda del M\u00fasico y de la M\u00fasica, conocer su origen, expansi\u00f3n e influencia en las artes del mundo antiguo y moderno.","breadcrumb":{"@id":"https:\/\/blogs.uninter.edu.mx\/ehli\/index.php\/2022\/11\/22\/dia-del-musico-dia-de-la-musica\/#breadcrumb"},"inLanguage":"es","potentialAction":[{"@type":"ReadAction","target":["https:\/\/blogs.uninter.edu.mx\/ehli\/index.php\/2022\/11\/22\/dia-del-musico-dia-de-la-musica\/"]}]},{"@type":"ImageObject","inLanguage":"es","@id":"https:\/\/blogs.uninter.edu.mx\/ehli\/index.php\/2022\/11\/22\/dia-del-musico-dia-de-la-musica\/#primaryimage","url":"https:\/\/blogs.uninter.edu.mx\/ehli\/wp-content\/uploads\/2022\/09\/Dia-del-Musico-y-de-la-Musica..jpeg","contentUrl":"https:\/\/blogs.uninter.edu.mx\/ehli\/wp-content\/uploads\/2022\/09\/Dia-del-Musico-y-de-la-Musica..jpeg","width":1200,"height":630},{"@type":"BreadcrumbList","@id":"https:\/\/blogs.uninter.edu.mx\/ehli\/index.php\/2022\/11\/22\/dia-del-musico-dia-de-la-musica\/#breadcrumb","itemListElement":[{"@type":"ListItem","position":1,"name":"Inicio","item":"https:\/\/blogs.uninter.edu.mx\/ehli\/"},{"@type":"ListItem","position":2,"name":"\u97f3\u697d\u5bb6\u306e\u65e5\uff08\u304a\u3093\u304c\u304f\u304b\u306e\u3072\uff09\u3002"}]},{"@type":"WebSite","@id":"https:\/\/blogs.uninter.edu.mx\/ehli\/#website","url":"https:\/\/blogs.uninter.edu.mx\/ehli\/","name":"EHLI","description":"UNINTER","potentialAction":[{"@type":"SearchAction","target":{"@type":"EntryPoint","urlTemplate":"https:\/\/blogs.uninter.edu.mx\/ehli\/?s={search_term_string}"},"query-input":{"@type":"PropertyValueSpecification","valueRequired":true,"valueName":"search_term_string"}}],"inLanguage":"es"},{"@type":"Person","@id":"https:\/\/blogs.uninter.edu.mx\/ehli\/#\/schema\/person\/a1789b6f3e9150e996ddd6b13f71a91f","name":"Claudia Gal\u00e1n","image":{"@type":"ImageObject","inLanguage":"es","@id":"https:\/\/secure.gravatar.com\/avatar\/b3f20a310d3902521a587ab846aa4769a72215a79334d25f5d3323ae0db4c36f?s=96&d=mm&r=g","url":"https:\/\/secure.gravatar.com\/avatar\/b3f20a310d3902521a587ab846aa4769a72215a79334d25f5d3323ae0db4c36f?s=96&d=mm&r=g","contentUrl":"https:\/\/secure.gravatar.com\/avatar\/b3f20a310d3902521a587ab846aa4769a72215a79334d25f5d3323ae0db4c36f?s=96&d=mm&r=g","caption":"Claudia Gal\u00e1n"},"url":"https:\/\/blogs.uninter.edu.mx\/ehli\/index.php\/author\/cgalan\/"}]}},"jetpack_featured_media_url":"https:\/\/blogs.uninter.edu.mx\/ehli\/wp-content\/uploads\/2022\/09\/Dia-del-Musico-y-de-la-Musica..jpeg","_links":{"self":[{"href":"https:\/\/blogs.uninter.edu.mx\/ehli\/index.php\/wp-json\/wp\/v2\/posts\/7444","targetHints":{"allow":["GET"]}}],"collection":[{"href":"https:\/\/blogs.uninter.edu.mx\/ehli\/index.php\/wp-json\/wp\/v2\/posts"}],"about":[{"href":"https:\/\/blogs.uninter.edu.mx\/ehli\/index.php\/wp-json\/wp\/v2\/types\/post"}],"author":[{"embeddable":true,"href":"https:\/\/blogs.uninter.edu.mx\/ehli\/index.php\/wp-json\/wp\/v2\/users\/14"}],"replies":[{"embeddable":true,"href":"https:\/\/blogs.uninter.edu.mx\/ehli\/index.php\/wp-json\/wp\/v2\/comments?post=7444"}],"version-history":[{"count":3,"href":"https:\/\/blogs.uninter.edu.mx\/ehli\/index.php\/wp-json\/wp\/v2\/posts\/7444\/revisions"}],"predecessor-version":[{"id":7448,"href":"https:\/\/blogs.uninter.edu.mx\/ehli\/index.php\/wp-json\/wp\/v2\/posts\/7444\/revisions\/7448"}],"wp:featuredmedia":[{"embeddable":true,"href":"https:\/\/blogs.uninter.edu.mx\/ehli\/index.php\/wp-json\/wp\/v2\/media\/7445"}],"wp:attachment":[{"href":"https:\/\/blogs.uninter.edu.mx\/ehli\/index.php\/wp-json\/wp\/v2\/media?parent=7444"}],"wp:term":[{"taxonomy":"category","embeddable":true,"href":"https:\/\/blogs.uninter.edu.mx\/ehli\/index.php\/wp-json\/wp\/v2\/categories?post=7444"},{"taxonomy":"post_tag","embeddable":true,"href":"https:\/\/blogs.uninter.edu.mx\/ehli\/index.php\/wp-json\/wp\/v2\/tags?post=7444"}],"curies":[{"name":"wp","href":"https:\/\/api.w.org\/{rel}","templated":true}]}}