{"id":7747,"date":"2022-11-21T10:00:00","date_gmt":"2022-11-21T10:00:00","guid":{"rendered":"https:\/\/blogs.uninter.edu.mx\/ehli\/?p=7747"},"modified":"2022-11-23T16:22:04","modified_gmt":"2022-11-23T16:22:04","slug":"un-periodismo-sobre-biodiversidad-atractivo-si-que-cautive-y-llame-a-la-audiencia","status":"publish","type":"post","link":"https:\/\/blogs.uninter.edu.mx\/ehli\/index.php\/2022\/11\/21\/un-periodismo-sobre-biodiversidad-atractivo-si-que-cautive-y-llame-a-la-audiencia\/","title":{"rendered":"\u00bfUn periodismo sobre biodiversidad atractivo? s\u00ed, que cautive y llame a la audiencia"},"content":{"rendered":"\n<p><em>En la clase magistral \u2018C\u00f3mo contar historias sobre biodiversidad sin aburrir a tu audiencia\u2019, Jazm\u00edn Acu\u00f1a (Paraguay), directora editorial de El Surtidor, dio pistas a periodistas de la regi\u00f3n.<\/em><\/p>\n\n\n\n<h2 class=\"wp-block-heading\"><strong>Jazm\u00edn Acu\u00f1a&nbsp;<\/strong><\/h2>\n\n\n\n<p>Es periodista, cofundadora y directora editorial de El Surtidor, medio nativo digital independiente, con presencia en Paraguay. Adem\u00e1s, es editora adjunta de Latinogr\u00e1ficas, un programa que tiene el objetivo de impulsar el periodismo visual en Am\u00e9rica Latina y el Caribe. Obtuvo el Premio Gabo en Innovaci\u00f3n en 2018, el Premio Ortega y Gasset 2020 a la mejor historia por el especial regional Transnacionales de la Fe y adem\u00e1s aborda temas de g\u00e9nero, internet y desinformaci\u00f3n.<\/p>\n\n\n\n<figure class=\"wp-block-gallery has-nested-images columns-default is-cropped wp-block-gallery-1 is-layout-flex wp-block-gallery-is-layout-flex\">\n<figure class=\"wp-block-image size-large\"><img loading=\"lazy\" decoding=\"async\" width=\"842\" height=\"595\" data-id=\"7748\" src=\"https:\/\/blogs.uninter.edu.mx\/ehli\/wp-content\/uploads\/2022\/11\/biodiversidad_72ppp.jpg\" alt=\"\" class=\"wp-image-7748\"\/><\/figure>\n<\/figure>\n\n\n\n<h3 class=\"wp-block-heading\"><strong>\u00bfC\u00f3mo hacer que la audiencia no se aburra?&nbsp;<\/strong><\/h3>\n\n\n\n<p class=\"has-text-align-justify\">Aqu\u00ed resultan varias preguntas a resolver, por ejemplo, c\u00f3mo contar, c\u00f3mo presentar y a qui\u00e9n presentar las historias, porque ese \u00faltimo \u00edtem a veces se pasa por alto y resulta clave para que el trabajo realizado cumpla con el objetivo: informar, ense\u00f1ar y conectar.&nbsp;<\/p>\n\n\n\n<p class=\"has-text-align-justify\">En este punto, despertar emociones tambi\u00e9n resulta clave a la hora de hacer v\u00ednculos con la audiencia. Por ejemplo, Acu\u00f1a mencion\u00f3 una cobertura period\u00edstica en El Surtidor alrededor de la creaci\u00f3n de una estaci\u00f3n de combustible en la municipalidad capital que afectar\u00eda a un \u00e1rea protegida.&nbsp;<\/p>\n\n\n\n<p class=\"has-text-align-justify\">Uno de los recursos empleados para generar emociones y cercan\u00eda con la audiencia fue contar la historia a trav\u00e9s de las aves que estaban en esa reserva y el riesgo que representaba para la biodiversidad de esa \u00e1rea protegida. \u201cDarle la vuelta all\u00ed es que lo cotidiano puede ser maravilloso y eso necesitamos transmitirlo\u201d.&nbsp;<\/p>\n\n\n\n<p class=\"has-text-align-justify\">Ahora, conozcamos algunas recomendaciones de Acu\u00f1a que servir\u00e1n para que las historias sobre biodiversidad sean atractivas, llamen la atenci\u00f3n y conquisten a las audiencias.&nbsp;<\/p>\n\n\n\n<h3 class=\"wp-block-heading\"><strong>1. Apuesta por el periodismo visual<\/strong><\/h3>\n\n\n\n<p class=\"has-text-align-justify\">La periodista explic\u00f3 que el periodismo visual es la combinaci\u00f3n de reporter\u00eda rigurosa con im\u00e1genes atractivas: \u201cnos inspiramos para producir estas im\u00e1genes en referencia de la cultura popular\u201d. Es decir, revisan el contexto, la cultura popular del entretenimiento (incluso los memes) y todo esto se monta en un paquete, incluyendo los textos period\u00edsticos y las im\u00e1genes, lo cual queda plasmado en un archivo de JPG para publicar.<\/p>\n\n\n\n<h3 class=\"wp-block-heading\"><strong>2. Piensa en im\u00e1genes para&nbsp;las redes sociales<\/strong><\/h3>\n\n\n\n<p class=\"has-text-align-justify\">Acu\u00f1a mencion\u00f3 que el prop\u00f3sito es que la informaci\u00f3n sea f\u00e1cil de leer y compartir en redes sociales y sistemas de mensajer\u00eda, que son las plataformas por medio de las cuales se informan hoy las nuevas audiencias. \u00bfY qui\u00e9n no revisa las redes antes de levantarse de la cama, para tener un panorama de lo que est\u00e1 pasando? Resulta fundamental otro aspecto que se puede tener en cuenta y es que la imagen consume menos datos que un video, as\u00ed que su distribuci\u00f3n puede ser m\u00e1s sencilla y a la audiencia no le representar\u00e1 un amplio gasto de su paquete de datos m\u00f3viles.&nbsp;<\/p>\n\n\n\n<h3 class=\"wp-block-heading\"><strong>3. Crea comunidad a trav\u00e9s de WhatsApp<\/strong><\/h3>\n\n\n\n<p class=\"has-text-align-justify\">Otra recomendaci\u00f3n planteada por Acu\u00f1a es el uso de la plataforma de mensajer\u00eda instant\u00e1nea WhatsApp, que adem\u00e1s de ser clave a la hora de compartir los contenidos period\u00edsticos, permite crear comunidad con las audiencias y, a trav\u00e9s de este canal, mantener un contacto directo que permite escucharlas y generar espacios de encuentro, que se traducir\u00e1n en seguir conociendo a quienes leen el producto, sus necesidades informativas o gustos. \u201cEn El Surti tenemos varios canales de WhatsApp, con m\u00e1s de 6.000 personas. A trav\u00e9s de ese canal tambi\u00e9n divulgamos nuestras historias, entonces la clave para m\u00ed es estar donde est\u00e1n las audiencias\u201d, recomienda la editora.<\/p>\n\n\n\n<h3 class=\"wp-block-heading\"><strong>4. Conoce a tu audiencia<\/strong><\/h3>\n\n\n\n<p class=\"has-text-align-justify\">La conductora recuerda que cuando se dio a conocer El Surtidor, hace seis a\u00f1os, los medios no ten\u00edan en mente a las generaciones m\u00e1s j\u00f3venes como una audiencia meta y esto era f\u00e1cil de notar, con el simple hecho de revisar los formatos en los que se entregaba la informaci\u00f3n, ignorando que Paraguay \u2013y en general los pa\u00edses de la regi\u00f3n\u2013 tiene una poblaci\u00f3n joven, que no se ve\u00eda representada en lo que los medios de comunicaci\u00f3n les entregaban. De all\u00ed el nacimiento de nuevos medios nativos digitales, como El Faro en El Salvador, Ojo P\u00fablico en Per\u00fa, o Chequeado en Argentina.<\/p>\n\n\n\n<h3 class=\"wp-block-heading\"><strong>5. Explora los memes&nbsp;<\/strong><\/h3>\n\n\n\n<p class=\"has-text-align-justify\">Aunque los&nbsp;<a href=\"https:\/\/www.instagram.com\/p\/CM1mk_4j8fS\/\" target=\"_blank\" rel=\"noreferrer noopener\">memes<\/a>&nbsp;pueden ser transgresores, resultan atractivos a la hora de informar, pues llaman la atenci\u00f3n de las audiencias, lo que le permite al medio generar conexi\u00f3n con las mismas. \u201cLos memes le permiten a El Surti atraer la atenci\u00f3n de j\u00f3venes y tambi\u00e9n informar a una audiencia sobre temas importantes, que por lo general no leer\u00edan\u201d, comenta Acu\u00f1a, desde su experiencia.&nbsp;<\/p>\n\n\n\n<p class=\"has-text-align-justify\">Agrega que estos tienen cualidades que el periodismo puede emular para acercarse a nuevas personas, para combatir la desinformaci\u00f3n y para competir mejor en la econom\u00eda de la atenci\u00f3n de internet, que es donde los medios nativos digitales y las audiencias navegan.<\/p>\n\n\n\n<h3 class=\"wp-block-heading\"><strong>6. Apuesta por una agenda propia<\/strong><\/h3>\n\n\n\n<p class=\"has-text-align-justify\">Si bien muchos medios de comunicaci\u00f3n est\u00e1n asociados a la \u00faltima hora, Acu\u00f1a plantea que abordar historias originales, no apegadas a la agenda del d\u00eda a d\u00eda, tambi\u00e9n es un plus para atraer audiencias. \u201cTrabajamos en historias originales sobre temas que afectan el presente y el futuro de las nuevas generaciones, como la crisis clim\u00e1tica\u201d, rese\u00f1a la editora de El Surti. Otro aspecto a tener en cuenta es que, si bien la biodiversidad puede tener t\u00e9rminos t\u00e9cnicos o dif\u00edciles de comprender, el equipo period\u00edstico debe entregar los productos en un lenguaje atractivo, f\u00e1cil de digerir y comprender.&nbsp;<\/p>\n\n\n\n<p><\/p>\n\n\n\n<p>Fuente: https:\/\/fundaciongabo.org\/es\/noticias<\/p>\n","protected":false},"excerpt":{"rendered":"<p>el periodismo visual es la combinaci\u00f3n de reporter\u00eda rigurosa con im\u00e1genes atractivas: \u201cnos inspiramos para producir estas im\u00e1genes en referencia de la cultura popular\u201d. Es decir, revisan el contexto, la cultura popular del entretenimiento (incluso los memes) y todo esto se monta en un paquete, incluyendo los textos period\u00edsticos y las im\u00e1genes, lo cual queda plasmado en un archivo de JPG para publicar.<\/p>\n","protected":false},"author":28,"featured_media":7748,"comment_status":"open","ping_status":"open","sticky":true,"template":"","format":"standard","meta":{"rop_custom_images_group":[],"rop_custom_messages_group":[],"rop_publish_now":"initial","rop_publish_now_accounts":[],"rop_publish_now_history":[],"rop_publish_now_status":"pending","footnotes":""},"categories":[312,3,110,4,111],"tags":[60],"class_list":["post-7747","post","type-post","status-publish","format-standard","has-post-thumbnail","hentry","category-comunicacion","category-lco","category-lic-en-comunicacion","category-corp","category-lic-en-comunicacion-y-relaciones-publicas","tag-ehli"],"yoast_head":"<!-- This site is optimized with the Yoast SEO plugin v27.4 - https:\/\/yoast.com\/product\/yoast-seo-wordpress\/ -->\r\n<title>\u00bfUn periodismo sobre biodiversidad atractivo? s\u00ed, que cautive y llame a la audiencia - EHLI<\/title>\r\n<meta name=\"description\" content=\"La periodista explic\u00f3 que el periodismo visual es la combinaci\u00f3n de reporter\u00eda rigurosa con im\u00e1genes atractivas: \u201cnos inspiramos para producir estas im\u00e1genes en referencia de la cultura popular\u201d. Es decir, revisan el contexto, la cultura popular del entretenimiento (incluso los memes) y todo esto se monta en un paquete, incluyendo los textos period\u00edsticos y las im\u00e1genes, lo cual queda plasmado en un archivo de JPG para publicar.\" \/>\r\n<meta name=\"robots\" content=\"index, follow, max-snippet:-1, max-image-preview:large, max-video-preview:-1\" \/>\r\n<link rel=\"canonical\" href=\"https:\/\/blogs.uninter.edu.mx\/ehli\/index.php\/2022\/11\/21\/un-periodismo-sobre-biodiversidad-atractivo-si-que-cautive-y-llame-a-la-audiencia\/\" \/>\r\n<meta property=\"og:locale\" content=\"es_MX\" \/>\r\n<meta property=\"og:type\" content=\"article\" \/>\r\n<meta property=\"og:title\" content=\"\u00bfUn periodismo sobre biodiversidad atractivo? s\u00ed, que cautive y llame a la audiencia - EHLI\" \/>\r\n<meta property=\"og:description\" content=\"La periodista explic\u00f3 que el periodismo visual es la combinaci\u00f3n de reporter\u00eda rigurosa con im\u00e1genes atractivas: \u201cnos inspiramos para producir estas im\u00e1genes en referencia de la cultura popular\u201d. Es decir, revisan el contexto, la cultura popular del entretenimiento (incluso los memes) y todo esto se monta en un paquete, incluyendo los textos period\u00edsticos y las im\u00e1genes, lo cual queda plasmado en un archivo de JPG para publicar.\" \/>\r\n<meta property=\"og:url\" content=\"https:\/\/blogs.uninter.edu.mx\/ehli\/index.php\/2022\/11\/21\/un-periodismo-sobre-biodiversidad-atractivo-si-que-cautive-y-llame-a-la-audiencia\/\" \/>\r\n<meta property=\"og:site_name\" content=\"EHLI\" \/>\r\n<meta property=\"article:published_time\" content=\"2022-11-21T10:00:00+00:00\" \/>\r\n<meta property=\"article:modified_time\" content=\"2022-11-23T16:22:04+00:00\" \/>\r\n<meta property=\"og:image\" content=\"https:\/\/blogs.uninter.edu.mx\/ehli\/wp-content\/uploads\/2022\/11\/biodiversidad_72ppp.jpg\" \/>\r\n\t<meta property=\"og:image:width\" content=\"842\" \/>\r\n\t<meta property=\"og:image:height\" content=\"595\" \/>\r\n\t<meta property=\"og:image:type\" content=\"image\/jpeg\" \/>\r\n<meta name=\"author\" content=\"mocampo\" \/>\r\n<meta name=\"twitter:card\" content=\"summary_large_image\" \/>\r\n<meta name=\"twitter:label1\" content=\"Escrito por\" \/>\n\t<meta name=\"twitter:data1\" content=\"mocampo\" \/>\n\t<meta name=\"twitter:label2\" content=\"Tiempo de lectura\" \/>\n\t<meta name=\"twitter:data2\" content=\"5 minutos\" \/>\r\n<script type=\"application\/ld+json\" class=\"yoast-schema-graph\">{\"@context\":\"https:\\\/\\\/schema.org\",\"@graph\":[{\"@type\":\"Article\",\"@id\":\"https:\\\/\\\/blogs.uninter.edu.mx\\\/ehli\\\/index.php\\\/2022\\\/11\\\/21\\\/un-periodismo-sobre-biodiversidad-atractivo-si-que-cautive-y-llame-a-la-audiencia\\\/#article\",\"isPartOf\":{\"@id\":\"https:\\\/\\\/blogs.uninter.edu.mx\\\/ehli\\\/index.php\\\/2022\\\/11\\\/21\\\/un-periodismo-sobre-biodiversidad-atractivo-si-que-cautive-y-llame-a-la-audiencia\\\/\"},\"author\":{\"name\":\"mocampo\",\"@id\":\"https:\\\/\\\/blogs.uninter.edu.mx\\\/ehli\\\/#\\\/schema\\\/person\\\/f9426d100dd7db1b2a0be67166f80826\"},\"headline\":\"\u00bfUn periodismo sobre biodiversidad atractivo? s\u00ed, que cautive y llame a la audiencia\",\"datePublished\":\"2022-11-21T10:00:00+00:00\",\"dateModified\":\"2022-11-23T16:22:04+00:00\",\"mainEntityOfPage\":{\"@id\":\"https:\\\/\\\/blogs.uninter.edu.mx\\\/ehli\\\/index.php\\\/2022\\\/11\\\/21\\\/un-periodismo-sobre-biodiversidad-atractivo-si-que-cautive-y-llame-a-la-audiencia\\\/\"},\"wordCount\":1013,\"commentCount\":0,\"image\":{\"@id\":\"https:\\\/\\\/blogs.uninter.edu.mx\\\/ehli\\\/index.php\\\/2022\\\/11\\\/21\\\/un-periodismo-sobre-biodiversidad-atractivo-si-que-cautive-y-llame-a-la-audiencia\\\/#primaryimage\"},\"thumbnailUrl\":\"https:\\\/\\\/blogs.uninter.edu.mx\\\/ehli\\\/wp-content\\\/uploads\\\/2022\\\/11\\\/biodiversidad_72ppp.jpg\",\"keywords\":[\"EHLI\"],\"articleSection\":[\"Comunicaci\u00f3n\",\"Lic. en Comunicaci\u00f3n\",\"Lic. en Comunicaci\u00f3n\",\"Lic. en Comunicaci\u00f3n y Relaciones P\u00fablicas\",\"Lic. en Comunicaci\u00f3n y Relaciones P\u00fablicas\"],\"inLanguage\":\"es\",\"potentialAction\":[{\"@type\":\"CommentAction\",\"name\":\"Comment\",\"target\":[\"https:\\\/\\\/blogs.uninter.edu.mx\\\/ehli\\\/index.php\\\/2022\\\/11\\\/21\\\/un-periodismo-sobre-biodiversidad-atractivo-si-que-cautive-y-llame-a-la-audiencia\\\/#respond\"]}]},{\"@type\":\"WebPage\",\"@id\":\"https:\\\/\\\/blogs.uninter.edu.mx\\\/ehli\\\/index.php\\\/2022\\\/11\\\/21\\\/un-periodismo-sobre-biodiversidad-atractivo-si-que-cautive-y-llame-a-la-audiencia\\\/\",\"url\":\"https:\\\/\\\/blogs.uninter.edu.mx\\\/ehli\\\/index.php\\\/2022\\\/11\\\/21\\\/un-periodismo-sobre-biodiversidad-atractivo-si-que-cautive-y-llame-a-la-audiencia\\\/\",\"name\":\"\u00bfUn periodismo sobre biodiversidad atractivo? s\u00ed, que cautive y llame a la audiencia - EHLI\",\"isPartOf\":{\"@id\":\"https:\\\/\\\/blogs.uninter.edu.mx\\\/ehli\\\/#website\"},\"primaryImageOfPage\":{\"@id\":\"https:\\\/\\\/blogs.uninter.edu.mx\\\/ehli\\\/index.php\\\/2022\\\/11\\\/21\\\/un-periodismo-sobre-biodiversidad-atractivo-si-que-cautive-y-llame-a-la-audiencia\\\/#primaryimage\"},\"image\":{\"@id\":\"https:\\\/\\\/blogs.uninter.edu.mx\\\/ehli\\\/index.php\\\/2022\\\/11\\\/21\\\/un-periodismo-sobre-biodiversidad-atractivo-si-que-cautive-y-llame-a-la-audiencia\\\/#primaryimage\"},\"thumbnailUrl\":\"https:\\\/\\\/blogs.uninter.edu.mx\\\/ehli\\\/wp-content\\\/uploads\\\/2022\\\/11\\\/biodiversidad_72ppp.jpg\",\"datePublished\":\"2022-11-21T10:00:00+00:00\",\"dateModified\":\"2022-11-23T16:22:04+00:00\",\"author\":{\"@id\":\"https:\\\/\\\/blogs.uninter.edu.mx\\\/ehli\\\/#\\\/schema\\\/person\\\/f9426d100dd7db1b2a0be67166f80826\"},\"description\":\"La periodista explic\u00f3 que el periodismo visual es la combinaci\u00f3n de reporter\u00eda rigurosa con im\u00e1genes atractivas: \u201cnos inspiramos para producir estas im\u00e1genes en referencia de la cultura popular\u201d. Es decir, revisan el contexto, la cultura popular del entretenimiento (incluso los memes) y todo esto se monta en un paquete, incluyendo los textos period\u00edsticos y las im\u00e1genes, lo cual queda plasmado en un archivo de JPG para publicar.\",\"breadcrumb\":{\"@id\":\"https:\\\/\\\/blogs.uninter.edu.mx\\\/ehli\\\/index.php\\\/2022\\\/11\\\/21\\\/un-periodismo-sobre-biodiversidad-atractivo-si-que-cautive-y-llame-a-la-audiencia\\\/#breadcrumb\"},\"inLanguage\":\"es\",\"potentialAction\":[{\"@type\":\"ReadAction\",\"target\":[\"https:\\\/\\\/blogs.uninter.edu.mx\\\/ehli\\\/index.php\\\/2022\\\/11\\\/21\\\/un-periodismo-sobre-biodiversidad-atractivo-si-que-cautive-y-llame-a-la-audiencia\\\/\"]}]},{\"@type\":\"ImageObject\",\"inLanguage\":\"es\",\"@id\":\"https:\\\/\\\/blogs.uninter.edu.mx\\\/ehli\\\/index.php\\\/2022\\\/11\\\/21\\\/un-periodismo-sobre-biodiversidad-atractivo-si-que-cautive-y-llame-a-la-audiencia\\\/#primaryimage\",\"url\":\"https:\\\/\\\/blogs.uninter.edu.mx\\\/ehli\\\/wp-content\\\/uploads\\\/2022\\\/11\\\/biodiversidad_72ppp.jpg\",\"contentUrl\":\"https:\\\/\\\/blogs.uninter.edu.mx\\\/ehli\\\/wp-content\\\/uploads\\\/2022\\\/11\\\/biodiversidad_72ppp.jpg\",\"width\":842,\"height\":595},{\"@type\":\"BreadcrumbList\",\"@id\":\"https:\\\/\\\/blogs.uninter.edu.mx\\\/ehli\\\/index.php\\\/2022\\\/11\\\/21\\\/un-periodismo-sobre-biodiversidad-atractivo-si-que-cautive-y-llame-a-la-audiencia\\\/#breadcrumb\",\"itemListElement\":[{\"@type\":\"ListItem\",\"position\":1,\"name\":\"Inicio\",\"item\":\"https:\\\/\\\/blogs.uninter.edu.mx\\\/ehli\\\/\"},{\"@type\":\"ListItem\",\"position\":2,\"name\":\"\u00bfUn periodismo sobre biodiversidad atractivo? s\u00ed, que cautive y llame a la audiencia\"}]},{\"@type\":\"WebSite\",\"@id\":\"https:\\\/\\\/blogs.uninter.edu.mx\\\/ehli\\\/#website\",\"url\":\"https:\\\/\\\/blogs.uninter.edu.mx\\\/ehli\\\/\",\"name\":\"EHLI\",\"description\":\"UNINTER\",\"potentialAction\":[{\"@type\":\"SearchAction\",\"target\":{\"@type\":\"EntryPoint\",\"urlTemplate\":\"https:\\\/\\\/blogs.uninter.edu.mx\\\/ehli\\\/?s={search_term_string}\"},\"query-input\":{\"@type\":\"PropertyValueSpecification\",\"valueRequired\":true,\"valueName\":\"search_term_string\"}}],\"inLanguage\":\"es\"},{\"@type\":\"Person\",\"@id\":\"https:\\\/\\\/blogs.uninter.edu.mx\\\/ehli\\\/#\\\/schema\\\/person\\\/f9426d100dd7db1b2a0be67166f80826\",\"name\":\"mocampo\",\"image\":{\"@type\":\"ImageObject\",\"inLanguage\":\"es\",\"@id\":\"https:\\\/\\\/secure.gravatar.com\\\/avatar\\\/486a87ae86777f2d04f69759eb0a12f435703bd96e4bccfcbe628cd8a4b836c9?s=96&d=mm&r=g\",\"url\":\"https:\\\/\\\/secure.gravatar.com\\\/avatar\\\/486a87ae86777f2d04f69759eb0a12f435703bd96e4bccfcbe628cd8a4b836c9?s=96&d=mm&r=g\",\"contentUrl\":\"https:\\\/\\\/secure.gravatar.com\\\/avatar\\\/486a87ae86777f2d04f69759eb0a12f435703bd96e4bccfcbe628cd8a4b836c9?s=96&d=mm&r=g\",\"caption\":\"mocampo\"},\"url\":\"https:\\\/\\\/blogs.uninter.edu.mx\\\/ehli\\\/index.php\\\/author\\\/mocampo\\\/\"}]}<\/script>\r\n<!-- \/ Yoast SEO plugin. -->","yoast_head_json":{"title":"\u00bfUn periodismo sobre biodiversidad atractivo? s\u00ed, que cautive y llame a la audiencia - EHLI","description":"La periodista explic\u00f3 que el periodismo visual es la combinaci\u00f3n de reporter\u00eda rigurosa con im\u00e1genes atractivas: \u201cnos inspiramos para producir estas im\u00e1genes en referencia de la cultura popular\u201d. Es decir, revisan el contexto, la cultura popular del entretenimiento (incluso los memes) y todo esto se monta en un paquete, incluyendo los textos period\u00edsticos y las im\u00e1genes, lo cual queda plasmado en un archivo de JPG para publicar.","robots":{"index":"index","follow":"follow","max-snippet":"max-snippet:-1","max-image-preview":"max-image-preview:large","max-video-preview":"max-video-preview:-1"},"canonical":"https:\/\/blogs.uninter.edu.mx\/ehli\/index.php\/2022\/11\/21\/un-periodismo-sobre-biodiversidad-atractivo-si-que-cautive-y-llame-a-la-audiencia\/","og_locale":"es_MX","og_type":"article","og_title":"\u00bfUn periodismo sobre biodiversidad atractivo? s\u00ed, que cautive y llame a la audiencia - EHLI","og_description":"La periodista explic\u00f3 que el periodismo visual es la combinaci\u00f3n de reporter\u00eda rigurosa con im\u00e1genes atractivas: \u201cnos inspiramos para producir estas im\u00e1genes en referencia de la cultura popular\u201d. Es decir, revisan el contexto, la cultura popular del entretenimiento (incluso los memes) y todo esto se monta en un paquete, incluyendo los textos period\u00edsticos y las im\u00e1genes, lo cual queda plasmado en un archivo de JPG para publicar.","og_url":"https:\/\/blogs.uninter.edu.mx\/ehli\/index.php\/2022\/11\/21\/un-periodismo-sobre-biodiversidad-atractivo-si-que-cautive-y-llame-a-la-audiencia\/","og_site_name":"EHLI","article_published_time":"2022-11-21T10:00:00+00:00","article_modified_time":"2022-11-23T16:22:04+00:00","og_image":[{"width":842,"height":595,"url":"https:\/\/blogs.uninter.edu.mx\/ehli\/wp-content\/uploads\/2022\/11\/biodiversidad_72ppp.jpg","type":"image\/jpeg"}],"author":"mocampo","twitter_card":"summary_large_image","twitter_misc":{"Escrito por":"mocampo","Tiempo de lectura":"5 minutos"},"schema":{"@context":"https:\/\/schema.org","@graph":[{"@type":"Article","@id":"https:\/\/blogs.uninter.edu.mx\/ehli\/index.php\/2022\/11\/21\/un-periodismo-sobre-biodiversidad-atractivo-si-que-cautive-y-llame-a-la-audiencia\/#article","isPartOf":{"@id":"https:\/\/blogs.uninter.edu.mx\/ehli\/index.php\/2022\/11\/21\/un-periodismo-sobre-biodiversidad-atractivo-si-que-cautive-y-llame-a-la-audiencia\/"},"author":{"name":"mocampo","@id":"https:\/\/blogs.uninter.edu.mx\/ehli\/#\/schema\/person\/f9426d100dd7db1b2a0be67166f80826"},"headline":"\u00bfUn periodismo sobre biodiversidad atractivo? s\u00ed, que cautive y llame a la audiencia","datePublished":"2022-11-21T10:00:00+00:00","dateModified":"2022-11-23T16:22:04+00:00","mainEntityOfPage":{"@id":"https:\/\/blogs.uninter.edu.mx\/ehli\/index.php\/2022\/11\/21\/un-periodismo-sobre-biodiversidad-atractivo-si-que-cautive-y-llame-a-la-audiencia\/"},"wordCount":1013,"commentCount":0,"image":{"@id":"https:\/\/blogs.uninter.edu.mx\/ehli\/index.php\/2022\/11\/21\/un-periodismo-sobre-biodiversidad-atractivo-si-que-cautive-y-llame-a-la-audiencia\/#primaryimage"},"thumbnailUrl":"https:\/\/blogs.uninter.edu.mx\/ehli\/wp-content\/uploads\/2022\/11\/biodiversidad_72ppp.jpg","keywords":["EHLI"],"articleSection":["Comunicaci\u00f3n","Lic. en Comunicaci\u00f3n","Lic. en Comunicaci\u00f3n","Lic. en Comunicaci\u00f3n y Relaciones P\u00fablicas","Lic. en Comunicaci\u00f3n y Relaciones P\u00fablicas"],"inLanguage":"es","potentialAction":[{"@type":"CommentAction","name":"Comment","target":["https:\/\/blogs.uninter.edu.mx\/ehli\/index.php\/2022\/11\/21\/un-periodismo-sobre-biodiversidad-atractivo-si-que-cautive-y-llame-a-la-audiencia\/#respond"]}]},{"@type":"WebPage","@id":"https:\/\/blogs.uninter.edu.mx\/ehli\/index.php\/2022\/11\/21\/un-periodismo-sobre-biodiversidad-atractivo-si-que-cautive-y-llame-a-la-audiencia\/","url":"https:\/\/blogs.uninter.edu.mx\/ehli\/index.php\/2022\/11\/21\/un-periodismo-sobre-biodiversidad-atractivo-si-que-cautive-y-llame-a-la-audiencia\/","name":"\u00bfUn periodismo sobre biodiversidad atractivo? s\u00ed, que cautive y llame a la audiencia - EHLI","isPartOf":{"@id":"https:\/\/blogs.uninter.edu.mx\/ehli\/#website"},"primaryImageOfPage":{"@id":"https:\/\/blogs.uninter.edu.mx\/ehli\/index.php\/2022\/11\/21\/un-periodismo-sobre-biodiversidad-atractivo-si-que-cautive-y-llame-a-la-audiencia\/#primaryimage"},"image":{"@id":"https:\/\/blogs.uninter.edu.mx\/ehli\/index.php\/2022\/11\/21\/un-periodismo-sobre-biodiversidad-atractivo-si-que-cautive-y-llame-a-la-audiencia\/#primaryimage"},"thumbnailUrl":"https:\/\/blogs.uninter.edu.mx\/ehli\/wp-content\/uploads\/2022\/11\/biodiversidad_72ppp.jpg","datePublished":"2022-11-21T10:00:00+00:00","dateModified":"2022-11-23T16:22:04+00:00","author":{"@id":"https:\/\/blogs.uninter.edu.mx\/ehli\/#\/schema\/person\/f9426d100dd7db1b2a0be67166f80826"},"description":"La periodista explic\u00f3 que el periodismo visual es la combinaci\u00f3n de reporter\u00eda rigurosa con im\u00e1genes atractivas: \u201cnos inspiramos para producir estas im\u00e1genes en referencia de la cultura popular\u201d. Es decir, revisan el contexto, la cultura popular del entretenimiento (incluso los memes) y todo esto se monta en un paquete, incluyendo los textos period\u00edsticos y las im\u00e1genes, lo cual queda plasmado en un archivo de JPG para publicar.","breadcrumb":{"@id":"https:\/\/blogs.uninter.edu.mx\/ehli\/index.php\/2022\/11\/21\/un-periodismo-sobre-biodiversidad-atractivo-si-que-cautive-y-llame-a-la-audiencia\/#breadcrumb"},"inLanguage":"es","potentialAction":[{"@type":"ReadAction","target":["https:\/\/blogs.uninter.edu.mx\/ehli\/index.php\/2022\/11\/21\/un-periodismo-sobre-biodiversidad-atractivo-si-que-cautive-y-llame-a-la-audiencia\/"]}]},{"@type":"ImageObject","inLanguage":"es","@id":"https:\/\/blogs.uninter.edu.mx\/ehli\/index.php\/2022\/11\/21\/un-periodismo-sobre-biodiversidad-atractivo-si-que-cautive-y-llame-a-la-audiencia\/#primaryimage","url":"https:\/\/blogs.uninter.edu.mx\/ehli\/wp-content\/uploads\/2022\/11\/biodiversidad_72ppp.jpg","contentUrl":"https:\/\/blogs.uninter.edu.mx\/ehli\/wp-content\/uploads\/2022\/11\/biodiversidad_72ppp.jpg","width":842,"height":595},{"@type":"BreadcrumbList","@id":"https:\/\/blogs.uninter.edu.mx\/ehli\/index.php\/2022\/11\/21\/un-periodismo-sobre-biodiversidad-atractivo-si-que-cautive-y-llame-a-la-audiencia\/#breadcrumb","itemListElement":[{"@type":"ListItem","position":1,"name":"Inicio","item":"https:\/\/blogs.uninter.edu.mx\/ehli\/"},{"@type":"ListItem","position":2,"name":"\u00bfUn periodismo sobre biodiversidad atractivo? s\u00ed, que cautive y llame a la audiencia"}]},{"@type":"WebSite","@id":"https:\/\/blogs.uninter.edu.mx\/ehli\/#website","url":"https:\/\/blogs.uninter.edu.mx\/ehli\/","name":"EHLI","description":"UNINTER","potentialAction":[{"@type":"SearchAction","target":{"@type":"EntryPoint","urlTemplate":"https:\/\/blogs.uninter.edu.mx\/ehli\/?s={search_term_string}"},"query-input":{"@type":"PropertyValueSpecification","valueRequired":true,"valueName":"search_term_string"}}],"inLanguage":"es"},{"@type":"Person","@id":"https:\/\/blogs.uninter.edu.mx\/ehli\/#\/schema\/person\/f9426d100dd7db1b2a0be67166f80826","name":"mocampo","image":{"@type":"ImageObject","inLanguage":"es","@id":"https:\/\/secure.gravatar.com\/avatar\/486a87ae86777f2d04f69759eb0a12f435703bd96e4bccfcbe628cd8a4b836c9?s=96&d=mm&r=g","url":"https:\/\/secure.gravatar.com\/avatar\/486a87ae86777f2d04f69759eb0a12f435703bd96e4bccfcbe628cd8a4b836c9?s=96&d=mm&r=g","contentUrl":"https:\/\/secure.gravatar.com\/avatar\/486a87ae86777f2d04f69759eb0a12f435703bd96e4bccfcbe628cd8a4b836c9?s=96&d=mm&r=g","caption":"mocampo"},"url":"https:\/\/blogs.uninter.edu.mx\/ehli\/index.php\/author\/mocampo\/"}]}},"jetpack_featured_media_url":"https:\/\/blogs.uninter.edu.mx\/ehli\/wp-content\/uploads\/2022\/11\/biodiversidad_72ppp.jpg","_links":{"self":[{"href":"https:\/\/blogs.uninter.edu.mx\/ehli\/index.php\/wp-json\/wp\/v2\/posts\/7747","targetHints":{"allow":["GET"]}}],"collection":[{"href":"https:\/\/blogs.uninter.edu.mx\/ehli\/index.php\/wp-json\/wp\/v2\/posts"}],"about":[{"href":"https:\/\/blogs.uninter.edu.mx\/ehli\/index.php\/wp-json\/wp\/v2\/types\/post"}],"author":[{"embeddable":true,"href":"https:\/\/blogs.uninter.edu.mx\/ehli\/index.php\/wp-json\/wp\/v2\/users\/28"}],"replies":[{"embeddable":true,"href":"https:\/\/blogs.uninter.edu.mx\/ehli\/index.php\/wp-json\/wp\/v2\/comments?post=7747"}],"version-history":[{"count":2,"href":"https:\/\/blogs.uninter.edu.mx\/ehli\/index.php\/wp-json\/wp\/v2\/posts\/7747\/revisions"}],"predecessor-version":[{"id":7782,"href":"https:\/\/blogs.uninter.edu.mx\/ehli\/index.php\/wp-json\/wp\/v2\/posts\/7747\/revisions\/7782"}],"wp:featuredmedia":[{"embeddable":true,"href":"https:\/\/blogs.uninter.edu.mx\/ehli\/index.php\/wp-json\/wp\/v2\/media\/7748"}],"wp:attachment":[{"href":"https:\/\/blogs.uninter.edu.mx\/ehli\/index.php\/wp-json\/wp\/v2\/media?parent=7747"}],"wp:term":[{"taxonomy":"category","embeddable":true,"href":"https:\/\/blogs.uninter.edu.mx\/ehli\/index.php\/wp-json\/wp\/v2\/categories?post=7747"},{"taxonomy":"post_tag","embeddable":true,"href":"https:\/\/blogs.uninter.edu.mx\/ehli\/index.php\/wp-json\/wp\/v2\/tags?post=7747"}],"curies":[{"name":"wp","href":"https:\/\/api.w.org\/{rel}","templated":true}]}}