{"id":7750,"date":"2022-11-14T18:19:02","date_gmt":"2022-11-14T18:19:02","guid":{"rendered":"https:\/\/blogs.uninter.edu.mx\/ehli\/?p=7750"},"modified":"2022-11-14T18:19:08","modified_gmt":"2022-11-14T18:19:08","slug":"el-grupo-de-los-brics-se-expande","status":"publish","type":"post","link":"https:\/\/blogs.uninter.edu.mx\/ehli\/index.php\/2022\/11\/14\/el-grupo-de-los-brics-se-expande\/","title":{"rendered":"El grupo de los BRICS se expande"},"content":{"rendered":"\n<h2 class=\"wp-block-heading\">Tras su creaci\u00f3n en el 2000, el grupo de los BRICS ha tenido varios puntos positivos y negativos, y hoy en d\u00eda hay varios estados que buscan su adhesi\u00f3n.<\/h2>\n\n\n\n<p>En el momento se su fundaci\u00f3n, BRICS fue fundado por las cuatro econom\u00edas con m\u00e1s crecimiento en su momento: Brasil, Rusia, India y China, y aunque Sud\u00e1frica no era una potencia emergente, era importante diversificar los miembros del grupo para incluir un pa\u00eds africano. <\/p>\n\n\n\n<figure class=\"wp-block-gallery has-nested-images columns-default is-cropped wp-block-gallery-1 is-layout-flex wp-block-gallery-is-layout-flex\">\n<figure class=\"wp-block-image size-large\"><img loading=\"lazy\" decoding=\"async\" width=\"1660\" height=\"904\" data-id=\"7751\" src=\"https:\/\/blogs.uninter.edu.mx\/ehli\/wp-content\/uploads\/2022\/11\/Cupula-dos-BRICS-China-Brasil-India-Africa-do-Sul-e1631898290913.png\" alt=\"\" class=\"wp-image-7751\"\/><figcaption>La 13\u00b0 reuni\u00f3n entre los mandatarios, India fue cede.<\/figcaption><\/figure>\n<\/figure>\n\n\n\n<p>Desde 2009 se han reunido de manera anual los dirigentes de estos pa\u00edses para discutir su agenda. Esta misma ha ido diversificando sus t\u00f3picos, e inclusive la creaci\u00f3n del Nuevo Banco de Desarrollo. <\/p>\n\n\n\n<figure class=\"wp-block-gallery has-nested-images columns-default is-cropped wp-block-gallery-2 is-layout-flex wp-block-gallery-is-layout-flex\">\n<figure class=\"wp-block-image size-large\"><img loading=\"lazy\" decoding=\"async\" width=\"920\" height=\"357\" data-id=\"7752\" src=\"https:\/\/blogs.uninter.edu.mx\/ehli\/wp-content\/uploads\/2022\/11\/png-transparent-new-development-bank-brics-economic-development-funding-bank-text-investment-logo.png\" alt=\"\" class=\"wp-image-7752\"\/><\/figure>\n<\/figure>\n\n\n\n<p>Pero, \u00bfpor qu\u00e9 hay pa\u00edses como Arabia Saudita, Turqu\u00eda, Ir\u00e1n y Egipto que est\u00e1n buscando su adhesi\u00f3n a esta organizaci\u00f3n? Pues la respuesta es m\u00e1s f\u00e1cil de lo que parece.<\/p>\n\n\n\n<p>Un v\u00ednculo que une a estos pa\u00edses, es que son Estados en reg\u00edmenes autoritarios y buscar ser parte de una organizaci\u00f3n de Occidente ser\u00eda demasiado dif\u00edcil y casi seguro que ser\u00edan rechazados por sus miembros. Pa\u00edses como Rusia y China, que forman parte de esta organizaci\u00f3n, vuelve m\u00e1s probable su adhesi\u00f3n pues suelen tener varias caracter\u00edsticas compartidas en sus gobiernos. <\/p>\n\n\n\n<p>Otra raz\u00f3n, y con igual de peso que la anterior, es buscar disminuir la inferencia de los Estados Unidos en la econom\u00eda mundial y que China se vuelva su reemplazo. Es el gobierno chino que m\u00e1s importancia le est\u00e1 dando a esta organizaci\u00f3n, pues es consiente de su valor estrat\u00e9gico.<\/p>\n\n\n\n<p>Por el momento, no hay nuevos integrantes al BRICS, sin embargo, es cuesti\u00f3n de tiempo para que sus integrantes sean m\u00e1s que solo cinco. <\/p>\n\n\n\n<p>Referencia:<\/p>\n\n\n\n<p>Mathew Bishop, Economics Observatory, <em>The BRICS countries: where next and what impact on the global economy?<\/em>, Publicado el: 20 de Octubre de 2022 De: https:\/\/www.economicsobservatory.com\/the-brics-countries-where-next-and-what-impact-on-the-global-economy#:~:text=Recent%20news%20that%20other%20mostly,for%20concern%20among%20Western%20governments. Retra\u00eddo el: 14 de Noviembre de 2022<\/p>\n\n\n\n<p>\u00a1\u00danete a nuestra comunidad UNINTER y s\u00edguenos en las redes sociales!<\/p>\n\n\n\n<p><a href=\"https:\/\/www.facebook.com\/uninteredu\" target=\"_blank\" rel=\"noreferrer noopener\">Facebook<\/a><br><a href=\"http:\/\/www.instagram.com\/uninter_cuerna\/\" target=\"_blank\" rel=\"noreferrer noopener\">Instagram<\/a><br><a href=\"https:\/\/universidad.uninter.edu.mx\/\" target=\"_blank\" rel=\"noreferrer noopener\">Enlace de la universidad<\/a><\/p>\n","protected":false},"excerpt":{"rendered":"<p>Tras su creaci\u00f3n en el 2000, el grupo de los BRICS ha tenido varios puntos positivos y negativos, y hoy en d\u00eda hay varios estados que buscan su adhesi\u00f3n.<\/p>\n","protected":false},"author":27,"featured_media":7751,"comment_status":"open","ping_status":"open","sticky":false,"template":"","format":"standard","meta":{"rop_custom_images_group":[],"rop_custom_messages_group":[],"rop_publish_now":"initial","rop_publish_now_accounts":[],"rop_publish_now_history":[],"rop_publish_now_status":"pending","footnotes":""},"categories":[6,118,7,120,8,311],"tags":[60,161,25,26],"class_list":["post-7750","post","type-post","status-publish","format-standard","has-post-thumbnail","hentry","category-lri","category-lic-en-relaciones-internacionales","category-ricp","category-lic-en-relaciones-internacionales-y-ciencias-politicas","category-riec","category-relaciones-internacionales","tag-ehli","tag-relaciones-internacionales","tag-uninter","tag-universidad-internacional"],"yoast_head":"<!-- This site is optimized with the Yoast SEO plugin v27.4 - https:\/\/yoast.com\/product\/yoast-seo-wordpress\/ -->\r\n<title>El grupo de los BRICS se expande - EHLI<\/title>\r\n<meta name=\"robots\" content=\"index, follow, max-snippet:-1, max-image-preview:large, max-video-preview:-1\" \/>\r\n<link rel=\"canonical\" href=\"https:\/\/blogs.uninter.edu.mx\/ehli\/index.php\/2022\/11\/14\/el-grupo-de-los-brics-se-expande\/\" \/>\r\n<meta property=\"og:locale\" content=\"es_MX\" \/>\r\n<meta property=\"og:type\" content=\"article\" \/>\r\n<meta property=\"og:title\" content=\"El grupo de los BRICS se expande - EHLI\" \/>\r\n<meta property=\"og:description\" content=\"Tras su creaci\u00f3n en el 2000, el grupo de los BRICS ha tenido varios puntos positivos y negativos, y hoy en d\u00eda hay varios estados que buscan su adhesi\u00f3n.\" \/>\r\n<meta property=\"og:url\" content=\"https:\/\/blogs.uninter.edu.mx\/ehli\/index.php\/2022\/11\/14\/el-grupo-de-los-brics-se-expande\/\" \/>\r\n<meta property=\"og:site_name\" content=\"EHLI\" \/>\r\n<meta property=\"article:published_time\" content=\"2022-11-14T18:19:02+00:00\" \/>\r\n<meta property=\"article:modified_time\" content=\"2022-11-14T18:19:08+00:00\" \/>\r\n<meta property=\"og:image\" content=\"https:\/\/blogs.uninter.edu.mx\/ehli\/wp-content\/uploads\/2022\/11\/Cupula-dos-BRICS-China-Brasil-India-Africa-do-Sul-e1631898290913.png\" \/>\r\n\t<meta property=\"og:image:width\" content=\"1660\" \/>\r\n\t<meta property=\"og:image:height\" content=\"904\" \/>\r\n\t<meta property=\"og:image:type\" content=\"image\/png\" \/>\r\n<meta name=\"author\" content=\"MFomperosa\" \/>\r\n<meta name=\"twitter:card\" content=\"summary_large_image\" \/>\r\n<meta name=\"twitter:label1\" content=\"Escrito por\" \/>\n\t<meta name=\"twitter:data1\" content=\"MFomperosa\" \/>\n\t<meta name=\"twitter:label2\" content=\"Tiempo de lectura\" \/>\n\t<meta name=\"twitter:data2\" content=\"2 minutos\" \/>\r\n<script type=\"application\/ld+json\" class=\"yoast-schema-graph\">{\"@context\":\"https:\\\/\\\/schema.org\",\"@graph\":[{\"@type\":\"Article\",\"@id\":\"https:\\\/\\\/blogs.uninter.edu.mx\\\/ehli\\\/index.php\\\/2022\\\/11\\\/14\\\/el-grupo-de-los-brics-se-expande\\\/#article\",\"isPartOf\":{\"@id\":\"https:\\\/\\\/blogs.uninter.edu.mx\\\/ehli\\\/index.php\\\/2022\\\/11\\\/14\\\/el-grupo-de-los-brics-se-expande\\\/\"},\"author\":{\"name\":\"MFomperosa\",\"@id\":\"https:\\\/\\\/blogs.uninter.edu.mx\\\/ehli\\\/#\\\/schema\\\/person\\\/e60a6de4db693074d62d17804d1997be\"},\"headline\":\"El grupo de los BRICS se expande\",\"datePublished\":\"2022-11-14T18:19:02+00:00\",\"dateModified\":\"2022-11-14T18:19:08+00:00\",\"mainEntityOfPage\":{\"@id\":\"https:\\\/\\\/blogs.uninter.edu.mx\\\/ehli\\\/index.php\\\/2022\\\/11\\\/14\\\/el-grupo-de-los-brics-se-expande\\\/\"},\"wordCount\":385,\"commentCount\":0,\"image\":{\"@id\":\"https:\\\/\\\/blogs.uninter.edu.mx\\\/ehli\\\/index.php\\\/2022\\\/11\\\/14\\\/el-grupo-de-los-brics-se-expande\\\/#primaryimage\"},\"thumbnailUrl\":\"https:\\\/\\\/blogs.uninter.edu.mx\\\/ehli\\\/wp-content\\\/uploads\\\/2022\\\/11\\\/Cupula-dos-BRICS-China-Brasil-India-Africa-do-Sul-e1631898290913.png\",\"keywords\":[\"EHLI\",\"relaciones internacionales\",\"UNINTER\",\"UNIVERSIDAD INTERNACIONAL\"],\"articleSection\":[\"Lic. en Relaciones Internacionales\",\"Lic. en Relaciones Internacionales\",\"Lic. en Relaciones Internacionales y Ciencias Pol\u00edticas\",\"Lic. en Relaciones Internacionales y Ciencias Polit\u00edcas\",\"Lic. en Relaciones Internacionales y Econom\u00eda\",\"Relaciones Internacionales\"],\"inLanguage\":\"es\",\"potentialAction\":[{\"@type\":\"CommentAction\",\"name\":\"Comment\",\"target\":[\"https:\\\/\\\/blogs.uninter.edu.mx\\\/ehli\\\/index.php\\\/2022\\\/11\\\/14\\\/el-grupo-de-los-brics-se-expande\\\/#respond\"]}]},{\"@type\":\"WebPage\",\"@id\":\"https:\\\/\\\/blogs.uninter.edu.mx\\\/ehli\\\/index.php\\\/2022\\\/11\\\/14\\\/el-grupo-de-los-brics-se-expande\\\/\",\"url\":\"https:\\\/\\\/blogs.uninter.edu.mx\\\/ehli\\\/index.php\\\/2022\\\/11\\\/14\\\/el-grupo-de-los-brics-se-expande\\\/\",\"name\":\"El grupo de los BRICS se expande - EHLI\",\"isPartOf\":{\"@id\":\"https:\\\/\\\/blogs.uninter.edu.mx\\\/ehli\\\/#website\"},\"primaryImageOfPage\":{\"@id\":\"https:\\\/\\\/blogs.uninter.edu.mx\\\/ehli\\\/index.php\\\/2022\\\/11\\\/14\\\/el-grupo-de-los-brics-se-expande\\\/#primaryimage\"},\"image\":{\"@id\":\"https:\\\/\\\/blogs.uninter.edu.mx\\\/ehli\\\/index.php\\\/2022\\\/11\\\/14\\\/el-grupo-de-los-brics-se-expande\\\/#primaryimage\"},\"thumbnailUrl\":\"https:\\\/\\\/blogs.uninter.edu.mx\\\/ehli\\\/wp-content\\\/uploads\\\/2022\\\/11\\\/Cupula-dos-BRICS-China-Brasil-India-Africa-do-Sul-e1631898290913.png\",\"datePublished\":\"2022-11-14T18:19:02+00:00\",\"dateModified\":\"2022-11-14T18:19:08+00:00\",\"author\":{\"@id\":\"https:\\\/\\\/blogs.uninter.edu.mx\\\/ehli\\\/#\\\/schema\\\/person\\\/e60a6de4db693074d62d17804d1997be\"},\"breadcrumb\":{\"@id\":\"https:\\\/\\\/blogs.uninter.edu.mx\\\/ehli\\\/index.php\\\/2022\\\/11\\\/14\\\/el-grupo-de-los-brics-se-expande\\\/#breadcrumb\"},\"inLanguage\":\"es\",\"potentialAction\":[{\"@type\":\"ReadAction\",\"target\":[\"https:\\\/\\\/blogs.uninter.edu.mx\\\/ehli\\\/index.php\\\/2022\\\/11\\\/14\\\/el-grupo-de-los-brics-se-expande\\\/\"]}]},{\"@type\":\"ImageObject\",\"inLanguage\":\"es\",\"@id\":\"https:\\\/\\\/blogs.uninter.edu.mx\\\/ehli\\\/index.php\\\/2022\\\/11\\\/14\\\/el-grupo-de-los-brics-se-expande\\\/#primaryimage\",\"url\":\"https:\\\/\\\/blogs.uninter.edu.mx\\\/ehli\\\/wp-content\\\/uploads\\\/2022\\\/11\\\/Cupula-dos-BRICS-China-Brasil-India-Africa-do-Sul-e1631898290913.png\",\"contentUrl\":\"https:\\\/\\\/blogs.uninter.edu.mx\\\/ehli\\\/wp-content\\\/uploads\\\/2022\\\/11\\\/Cupula-dos-BRICS-China-Brasil-India-Africa-do-Sul-e1631898290913.png\",\"width\":1660,\"height\":904},{\"@type\":\"BreadcrumbList\",\"@id\":\"https:\\\/\\\/blogs.uninter.edu.mx\\\/ehli\\\/index.php\\\/2022\\\/11\\\/14\\\/el-grupo-de-los-brics-se-expande\\\/#breadcrumb\",\"itemListElement\":[{\"@type\":\"ListItem\",\"position\":1,\"name\":\"Inicio\",\"item\":\"https:\\\/\\\/blogs.uninter.edu.mx\\\/ehli\\\/\"},{\"@type\":\"ListItem\",\"position\":2,\"name\":\"El grupo de los BRICS se expande\"}]},{\"@type\":\"WebSite\",\"@id\":\"https:\\\/\\\/blogs.uninter.edu.mx\\\/ehli\\\/#website\",\"url\":\"https:\\\/\\\/blogs.uninter.edu.mx\\\/ehli\\\/\",\"name\":\"EHLI\",\"description\":\"UNINTER\",\"potentialAction\":[{\"@type\":\"SearchAction\",\"target\":{\"@type\":\"EntryPoint\",\"urlTemplate\":\"https:\\\/\\\/blogs.uninter.edu.mx\\\/ehli\\\/?s={search_term_string}\"},\"query-input\":{\"@type\":\"PropertyValueSpecification\",\"valueRequired\":true,\"valueName\":\"search_term_string\"}}],\"inLanguage\":\"es\"},{\"@type\":\"Person\",\"@id\":\"https:\\\/\\\/blogs.uninter.edu.mx\\\/ehli\\\/#\\\/schema\\\/person\\\/e60a6de4db693074d62d17804d1997be\",\"name\":\"MFomperosa\",\"image\":{\"@type\":\"ImageObject\",\"inLanguage\":\"es\",\"@id\":\"https:\\\/\\\/secure.gravatar.com\\\/avatar\\\/bccff3b4f67eb660f270968c267aad3fa91710b526d9b66754a407ddb1a1dbc6?s=96&d=mm&r=g\",\"url\":\"https:\\\/\\\/secure.gravatar.com\\\/avatar\\\/bccff3b4f67eb660f270968c267aad3fa91710b526d9b66754a407ddb1a1dbc6?s=96&d=mm&r=g\",\"contentUrl\":\"https:\\\/\\\/secure.gravatar.com\\\/avatar\\\/bccff3b4f67eb660f270968c267aad3fa91710b526d9b66754a407ddb1a1dbc6?s=96&d=mm&r=g\",\"caption\":\"MFomperosa\"},\"url\":\"https:\\\/\\\/blogs.uninter.edu.mx\\\/ehli\\\/index.php\\\/author\\\/mfomperosa\\\/\"}]}<\/script>\r\n<!-- \/ Yoast SEO plugin. -->","yoast_head_json":{"title":"El grupo de los BRICS se expande - EHLI","robots":{"index":"index","follow":"follow","max-snippet":"max-snippet:-1","max-image-preview":"max-image-preview:large","max-video-preview":"max-video-preview:-1"},"canonical":"https:\/\/blogs.uninter.edu.mx\/ehli\/index.php\/2022\/11\/14\/el-grupo-de-los-brics-se-expande\/","og_locale":"es_MX","og_type":"article","og_title":"El grupo de los BRICS se expande - EHLI","og_description":"Tras su creaci\u00f3n en el 2000, el grupo de los BRICS ha tenido varios puntos positivos y negativos, y hoy en d\u00eda hay varios estados que buscan su adhesi\u00f3n.","og_url":"https:\/\/blogs.uninter.edu.mx\/ehli\/index.php\/2022\/11\/14\/el-grupo-de-los-brics-se-expande\/","og_site_name":"EHLI","article_published_time":"2022-11-14T18:19:02+00:00","article_modified_time":"2022-11-14T18:19:08+00:00","og_image":[{"width":1660,"height":904,"url":"https:\/\/blogs.uninter.edu.mx\/ehli\/wp-content\/uploads\/2022\/11\/Cupula-dos-BRICS-China-Brasil-India-Africa-do-Sul-e1631898290913.png","type":"image\/png"}],"author":"MFomperosa","twitter_card":"summary_large_image","twitter_misc":{"Escrito por":"MFomperosa","Tiempo de lectura":"2 minutos"},"schema":{"@context":"https:\/\/schema.org","@graph":[{"@type":"Article","@id":"https:\/\/blogs.uninter.edu.mx\/ehli\/index.php\/2022\/11\/14\/el-grupo-de-los-brics-se-expande\/#article","isPartOf":{"@id":"https:\/\/blogs.uninter.edu.mx\/ehli\/index.php\/2022\/11\/14\/el-grupo-de-los-brics-se-expande\/"},"author":{"name":"MFomperosa","@id":"https:\/\/blogs.uninter.edu.mx\/ehli\/#\/schema\/person\/e60a6de4db693074d62d17804d1997be"},"headline":"El grupo de los BRICS se expande","datePublished":"2022-11-14T18:19:02+00:00","dateModified":"2022-11-14T18:19:08+00:00","mainEntityOfPage":{"@id":"https:\/\/blogs.uninter.edu.mx\/ehli\/index.php\/2022\/11\/14\/el-grupo-de-los-brics-se-expande\/"},"wordCount":385,"commentCount":0,"image":{"@id":"https:\/\/blogs.uninter.edu.mx\/ehli\/index.php\/2022\/11\/14\/el-grupo-de-los-brics-se-expande\/#primaryimage"},"thumbnailUrl":"https:\/\/blogs.uninter.edu.mx\/ehli\/wp-content\/uploads\/2022\/11\/Cupula-dos-BRICS-China-Brasil-India-Africa-do-Sul-e1631898290913.png","keywords":["EHLI","relaciones internacionales","UNINTER","UNIVERSIDAD INTERNACIONAL"],"articleSection":["Lic. en Relaciones Internacionales","Lic. en Relaciones Internacionales","Lic. en Relaciones Internacionales y Ciencias Pol\u00edticas","Lic. en Relaciones Internacionales y Ciencias Polit\u00edcas","Lic. en Relaciones Internacionales y Econom\u00eda","Relaciones Internacionales"],"inLanguage":"es","potentialAction":[{"@type":"CommentAction","name":"Comment","target":["https:\/\/blogs.uninter.edu.mx\/ehli\/index.php\/2022\/11\/14\/el-grupo-de-los-brics-se-expande\/#respond"]}]},{"@type":"WebPage","@id":"https:\/\/blogs.uninter.edu.mx\/ehli\/index.php\/2022\/11\/14\/el-grupo-de-los-brics-se-expande\/","url":"https:\/\/blogs.uninter.edu.mx\/ehli\/index.php\/2022\/11\/14\/el-grupo-de-los-brics-se-expande\/","name":"El grupo de los BRICS se expande - EHLI","isPartOf":{"@id":"https:\/\/blogs.uninter.edu.mx\/ehli\/#website"},"primaryImageOfPage":{"@id":"https:\/\/blogs.uninter.edu.mx\/ehli\/index.php\/2022\/11\/14\/el-grupo-de-los-brics-se-expande\/#primaryimage"},"image":{"@id":"https:\/\/blogs.uninter.edu.mx\/ehli\/index.php\/2022\/11\/14\/el-grupo-de-los-brics-se-expande\/#primaryimage"},"thumbnailUrl":"https:\/\/blogs.uninter.edu.mx\/ehli\/wp-content\/uploads\/2022\/11\/Cupula-dos-BRICS-China-Brasil-India-Africa-do-Sul-e1631898290913.png","datePublished":"2022-11-14T18:19:02+00:00","dateModified":"2022-11-14T18:19:08+00:00","author":{"@id":"https:\/\/blogs.uninter.edu.mx\/ehli\/#\/schema\/person\/e60a6de4db693074d62d17804d1997be"},"breadcrumb":{"@id":"https:\/\/blogs.uninter.edu.mx\/ehli\/index.php\/2022\/11\/14\/el-grupo-de-los-brics-se-expande\/#breadcrumb"},"inLanguage":"es","potentialAction":[{"@type":"ReadAction","target":["https:\/\/blogs.uninter.edu.mx\/ehli\/index.php\/2022\/11\/14\/el-grupo-de-los-brics-se-expande\/"]}]},{"@type":"ImageObject","inLanguage":"es","@id":"https:\/\/blogs.uninter.edu.mx\/ehli\/index.php\/2022\/11\/14\/el-grupo-de-los-brics-se-expande\/#primaryimage","url":"https:\/\/blogs.uninter.edu.mx\/ehli\/wp-content\/uploads\/2022\/11\/Cupula-dos-BRICS-China-Brasil-India-Africa-do-Sul-e1631898290913.png","contentUrl":"https:\/\/blogs.uninter.edu.mx\/ehli\/wp-content\/uploads\/2022\/11\/Cupula-dos-BRICS-China-Brasil-India-Africa-do-Sul-e1631898290913.png","width":1660,"height":904},{"@type":"BreadcrumbList","@id":"https:\/\/blogs.uninter.edu.mx\/ehli\/index.php\/2022\/11\/14\/el-grupo-de-los-brics-se-expande\/#breadcrumb","itemListElement":[{"@type":"ListItem","position":1,"name":"Inicio","item":"https:\/\/blogs.uninter.edu.mx\/ehli\/"},{"@type":"ListItem","position":2,"name":"El grupo de los BRICS se expande"}]},{"@type":"WebSite","@id":"https:\/\/blogs.uninter.edu.mx\/ehli\/#website","url":"https:\/\/blogs.uninter.edu.mx\/ehli\/","name":"EHLI","description":"UNINTER","potentialAction":[{"@type":"SearchAction","target":{"@type":"EntryPoint","urlTemplate":"https:\/\/blogs.uninter.edu.mx\/ehli\/?s={search_term_string}"},"query-input":{"@type":"PropertyValueSpecification","valueRequired":true,"valueName":"search_term_string"}}],"inLanguage":"es"},{"@type":"Person","@id":"https:\/\/blogs.uninter.edu.mx\/ehli\/#\/schema\/person\/e60a6de4db693074d62d17804d1997be","name":"MFomperosa","image":{"@type":"ImageObject","inLanguage":"es","@id":"https:\/\/secure.gravatar.com\/avatar\/bccff3b4f67eb660f270968c267aad3fa91710b526d9b66754a407ddb1a1dbc6?s=96&d=mm&r=g","url":"https:\/\/secure.gravatar.com\/avatar\/bccff3b4f67eb660f270968c267aad3fa91710b526d9b66754a407ddb1a1dbc6?s=96&d=mm&r=g","contentUrl":"https:\/\/secure.gravatar.com\/avatar\/bccff3b4f67eb660f270968c267aad3fa91710b526d9b66754a407ddb1a1dbc6?s=96&d=mm&r=g","caption":"MFomperosa"},"url":"https:\/\/blogs.uninter.edu.mx\/ehli\/index.php\/author\/mfomperosa\/"}]}},"jetpack_featured_media_url":"https:\/\/blogs.uninter.edu.mx\/ehli\/wp-content\/uploads\/2022\/11\/Cupula-dos-BRICS-China-Brasil-India-Africa-do-Sul-e1631898290913.png","_links":{"self":[{"href":"https:\/\/blogs.uninter.edu.mx\/ehli\/index.php\/wp-json\/wp\/v2\/posts\/7750","targetHints":{"allow":["GET"]}}],"collection":[{"href":"https:\/\/blogs.uninter.edu.mx\/ehli\/index.php\/wp-json\/wp\/v2\/posts"}],"about":[{"href":"https:\/\/blogs.uninter.edu.mx\/ehli\/index.php\/wp-json\/wp\/v2\/types\/post"}],"author":[{"embeddable":true,"href":"https:\/\/blogs.uninter.edu.mx\/ehli\/index.php\/wp-json\/wp\/v2\/users\/27"}],"replies":[{"embeddable":true,"href":"https:\/\/blogs.uninter.edu.mx\/ehli\/index.php\/wp-json\/wp\/v2\/comments?post=7750"}],"version-history":[{"count":1,"href":"https:\/\/blogs.uninter.edu.mx\/ehli\/index.php\/wp-json\/wp\/v2\/posts\/7750\/revisions"}],"predecessor-version":[{"id":7753,"href":"https:\/\/blogs.uninter.edu.mx\/ehli\/index.php\/wp-json\/wp\/v2\/posts\/7750\/revisions\/7753"}],"wp:featuredmedia":[{"embeddable":true,"href":"https:\/\/blogs.uninter.edu.mx\/ehli\/index.php\/wp-json\/wp\/v2\/media\/7751"}],"wp:attachment":[{"href":"https:\/\/blogs.uninter.edu.mx\/ehli\/index.php\/wp-json\/wp\/v2\/media?parent=7750"}],"wp:term":[{"taxonomy":"category","embeddable":true,"href":"https:\/\/blogs.uninter.edu.mx\/ehli\/index.php\/wp-json\/wp\/v2\/categories?post=7750"},{"taxonomy":"post_tag","embeddable":true,"href":"https:\/\/blogs.uninter.edu.mx\/ehli\/index.php\/wp-json\/wp\/v2\/tags?post=7750"}],"curies":[{"name":"wp","href":"https:\/\/api.w.org\/{rel}","templated":true}]}}