{"id":7775,"date":"2022-11-18T18:45:34","date_gmt":"2022-11-18T18:45:34","guid":{"rendered":"https:\/\/blogs.uninter.edu.mx\/ehli\/?p=7775"},"modified":"2022-11-18T18:45:38","modified_gmt":"2022-11-18T18:45:38","slug":"provocacion-ucraniana-o-ataque-ruso","status":"publish","type":"post","link":"https:\/\/blogs.uninter.edu.mx\/ehli\/index.php\/2022\/11\/18\/provocacion-ucraniana-o-ataque-ruso\/","title":{"rendered":"\u00bfProvocaci\u00f3n ucraniana o ataque ruso?"},"content":{"rendered":"\n<figure class=\"wp-block-pullquote\"><blockquote><p>&#8220;La guerra no determina qui\u00e9n tiene la raz\u00f3n, solo qui\u00e9n queda&#8221;<\/p><cite>Bertrand Russell<\/cite><\/blockquote><\/figure>\n\n\n\n<p>El 17 de noviembre, la noticia sobre la ca\u00edda de un misil ruso dentro de Polonia; en el pueblo de Przewodow, cerca de la frontera con Ucrania, despert\u00f3 a las redes sociales con el hashtag de &#8220;<em>WW3<\/em>&#8221; (Tercera Guerra Mundial), pues en el sitio murieron 2 personas polacas y se cre\u00eda que este ataque significaba la entrada de la OTAN al conflicto. <\/p>\n\n\n\n<p>Este incidente sucedido mientras los lideres del G-20 se reun\u00edan en Indonesia, Bali y fue ah\u00ed d\u00f3nde declararon varios jefes de estado al respecto. El presidente Biden declar\u00f3 que, de acuerdo a los datos que recogieron, fue poco probable que el misil haya salido de Rusia. El presidente polaco, Andrzej Duda, coment\u00f3 a los medios que lo sucedido se debi\u00f3 a un falla del sistema de defensa anti-a\u00e9reo ucraniano. <\/p>\n\n\n\n<figure class=\"wp-block-gallery has-nested-images columns-default is-cropped wp-block-gallery-1 is-layout-flex wp-block-gallery-is-layout-flex\">\n<figure class=\"wp-block-image size-large\"><img loading=\"lazy\" decoding=\"async\" width=\"1600\" height=\"1200\" data-id=\"7779\" src=\"https:\/\/blogs.uninter.edu.mx\/ehli\/wp-content\/uploads\/2022\/11\/221115171406-poland-missile-crater-1.jpg\" alt=\"\" class=\"wp-image-7779\"\/><figcaption><em>Sitio d\u00f3nde cay\u00f3 el misil en Polonia, Przewodow<\/em><\/figcaption><\/figure>\n<\/figure>\n\n\n\n<p>El Sr. Stoltenberg (jefe actual de la OTAN) concord\u00f3 con lo que comentaba el presidente polaco, sin embargo, aclar\u00f3 que este incidente tambi\u00e9n es culpa directa de Rusia. Su razonamiento fue que, sin el conflicto que esta dinamitando este pa\u00eds, el sistema no hubiera sido requerido y su falla no hubiera ocurrido.<\/p>\n\n\n\n<p>A pesar de que todas las evidencias muestran que el misil sali\u00f3 de territorio ucraniano, el presidente Zelensky decret\u00f3 que &#8220;el misil no fue nuestro&#8221;; haciendo referencia a su pa\u00eds, y que &#8220;Kiev no es a quien se tiene que culpar por el misil en Polonia&#8221;.<\/p>\n\n\n\n<figure class=\"wp-block-gallery has-nested-images columns-default is-cropped wp-block-gallery-2 is-layout-flex wp-block-gallery-is-layout-flex\">\n<figure class=\"wp-block-image size-large\"><img loading=\"lazy\" decoding=\"async\" width=\"1200\" height=\"628\" data-id=\"7778\" src=\"https:\/\/blogs.uninter.edu.mx\/ehli\/wp-content\/uploads\/2022\/11\/OQUMBJXTYRPHXDKYMHDMUH2IBM.jpg\" alt=\"\" class=\"wp-image-7778\"\/><figcaption><em> El Presidente Volodimir Zelensky<\/em><\/figcaption><\/figure>\n<\/figure>\n\n\n\n<p>Gracias a este evento, tambi\u00e9n surgi\u00f3 la teor\u00eda que, para muchos pa\u00edses de la comunidad internacional, parece ser la correcta, y es que Ucrania, deliberadamente lanz\u00f3 el misil de origen ruso a Polonia.<\/p>\n\n\n\n<p>El fundamento de esta teor\u00eda es que Polonia es parte de la OTAN y si llegase a verse afectada por un ataque de cualquier estado que no sea parte del mismo organismo, podr\u00eda invocar el art\u00edculo 4\u00b0. Este art\u00edculo estipula a grandes rasgos que: cualquier ataque a un miembro, se considera que un ataque contra todos. Para muchos, con esto, Ucrania pretend\u00eda que la OTAN entrara y ayudara a terminar el conflicto a favor del mismo pa\u00eds, ya que el Invierno se acerca, la infraestructura el\u00e9ctrica de Ucrania est\u00e1 destruida y la poblaci\u00f3n civil sufrir\u00e1 por no poder calentar sus hogares.<\/p>\n\n\n\n<p>Sin saber cual verdaderamente ha sido la intenci\u00f3n, por el momento podemos respirar de alivio pues la OTAN no va entrar directamente al conflicto y no pasar\u00e1 a mayores.<\/p>\n\n\n\n<p>Referencia:<\/p>\n\n\n\n<p>Patrick Jackson y Oliver Slow, BBC News, <em>Ukraine war: Kyiv not to blame for Poland missile &#8211; Zelensky<\/em>, (17 de noviembre de 2022) Consultado el: 18 de noviembre de 2022 De: https:\/\/www.bbc.com\/news\/world-europe-63656664<\/p>\n\n\n\n<p>\u00a1\u00danete a nuestra comunidad UNINTER y s\u00edguenos en las redes sociales!<\/p>\n\n\n\n<p><a href=\"https:\/\/www.facebook.com\/uninteredu\" target=\"_blank\" rel=\"noreferrer noopener\">Facebook<\/a><br><a href=\"http:\/\/www.instagram.com\/uninter_cuerna\/\" target=\"_blank\" rel=\"noreferrer noopener\">Instagram<\/a><br><a href=\"https:\/\/universidad.uninter.edu.mx\/\" target=\"_blank\" rel=\"noreferrer noopener\">Enlace de la universidad<\/a><\/p>\n","protected":false},"excerpt":{"rendered":"<p>El 17 de noviembre, la noticia sobre la ca\u00edda de un misil ruso dentro de Polonia; en el pueblo de Przewodow, cerca de la frontera con Ucrania, despert\u00f3 a las redes sociales con el hashtag de &#8220;WW3&#8221; (Tercera Guerra Mundial), en el sitio murieron 2 personas polacas y se cre\u00eda que este ataque significaba la entrada de la OTAN al conflicto. <\/p>\n","protected":false},"author":27,"featured_media":7778,"comment_status":"open","ping_status":"open","sticky":false,"template":"","format":"standard","meta":{"rop_custom_images_group":[],"rop_custom_messages_group":[],"rop_publish_now":"initial","rop_publish_now_accounts":[],"rop_publish_now_history":[],"rop_publish_now_status":"pending","footnotes":""},"categories":[6,118,7,120,8,311],"tags":[60,50,161,25,26],"class_list":["post-7775","post","type-post","status-publish","format-standard","has-post-thumbnail","hentry","category-lri","category-lic-en-relaciones-internacionales","category-ricp","category-lic-en-relaciones-internacionales-y-ciencias-politicas","category-riec","category-relaciones-internacionales","tag-ehli","tag-escuela-de-humanidades-lenguas-e-internacionalizacion","tag-relaciones-internacionales","tag-uninter","tag-universidad-internacional"],"yoast_head":"<!-- This site is optimized with the Yoast SEO plugin v27.4 - https:\/\/yoast.com\/product\/yoast-seo-wordpress\/ -->\r\n<title>\u00bfProvocaci\u00f3n ucraniana o ataque ruso? - EHLI<\/title>\r\n<meta name=\"robots\" content=\"index, follow, max-snippet:-1, max-image-preview:large, max-video-preview:-1\" \/>\r\n<link rel=\"canonical\" href=\"https:\/\/blogs.uninter.edu.mx\/ehli\/index.php\/2022\/11\/18\/provocacion-ucraniana-o-ataque-ruso\/\" \/>\r\n<meta property=\"og:locale\" content=\"es_MX\" \/>\r\n<meta property=\"og:type\" content=\"article\" \/>\r\n<meta property=\"og:title\" content=\"\u00bfProvocaci\u00f3n ucraniana o ataque ruso? - EHLI\" \/>\r\n<meta property=\"og:description\" content=\"El 17 de noviembre, la noticia sobre la ca\u00edda de un misil ruso dentro de Polonia; en el pueblo de Przewodow, cerca de la frontera con Ucrania, despert\u00f3 a las redes sociales con el hashtag de &quot;WW3&quot; (Tercera Guerra Mundial), en el sitio murieron 2 personas polacas y se cre\u00eda que este ataque significaba la entrada de la OTAN al conflicto.\" \/>\r\n<meta property=\"og:url\" content=\"https:\/\/blogs.uninter.edu.mx\/ehli\/index.php\/2022\/11\/18\/provocacion-ucraniana-o-ataque-ruso\/\" \/>\r\n<meta property=\"og:site_name\" content=\"EHLI\" \/>\r\n<meta property=\"article:published_time\" content=\"2022-11-18T18:45:34+00:00\" \/>\r\n<meta property=\"article:modified_time\" content=\"2022-11-18T18:45:38+00:00\" \/>\r\n<meta property=\"og:image\" content=\"https:\/\/blogs.uninter.edu.mx\/ehli\/wp-content\/uploads\/2022\/11\/OQUMBJXTYRPHXDKYMHDMUH2IBM.jpg\" \/>\r\n\t<meta property=\"og:image:width\" content=\"1200\" \/>\r\n\t<meta property=\"og:image:height\" content=\"628\" \/>\r\n\t<meta property=\"og:image:type\" content=\"image\/jpeg\" \/>\r\n<meta name=\"author\" content=\"MFomperosa\" \/>\r\n<meta name=\"twitter:card\" content=\"summary_large_image\" \/>\r\n<meta name=\"twitter:label1\" content=\"Escrito por\" \/>\n\t<meta name=\"twitter:data1\" content=\"MFomperosa\" \/>\n\t<meta name=\"twitter:label2\" content=\"Tiempo de lectura\" \/>\n\t<meta name=\"twitter:data2\" content=\"3 minutos\" \/>\r\n<script type=\"application\/ld+json\" class=\"yoast-schema-graph\">{\"@context\":\"https:\\\/\\\/schema.org\",\"@graph\":[{\"@type\":\"Article\",\"@id\":\"https:\\\/\\\/blogs.uninter.edu.mx\\\/ehli\\\/index.php\\\/2022\\\/11\\\/18\\\/provocacion-ucraniana-o-ataque-ruso\\\/#article\",\"isPartOf\":{\"@id\":\"https:\\\/\\\/blogs.uninter.edu.mx\\\/ehli\\\/index.php\\\/2022\\\/11\\\/18\\\/provocacion-ucraniana-o-ataque-ruso\\\/\"},\"author\":{\"name\":\"MFomperosa\",\"@id\":\"https:\\\/\\\/blogs.uninter.edu.mx\\\/ehli\\\/#\\\/schema\\\/person\\\/e60a6de4db693074d62d17804d1997be\"},\"headline\":\"\u00bfProvocaci\u00f3n ucraniana o ataque ruso?\",\"datePublished\":\"2022-11-18T18:45:34+00:00\",\"dateModified\":\"2022-11-18T18:45:38+00:00\",\"mainEntityOfPage\":{\"@id\":\"https:\\\/\\\/blogs.uninter.edu.mx\\\/ehli\\\/index.php\\\/2022\\\/11\\\/18\\\/provocacion-ucraniana-o-ataque-ruso\\\/\"},\"wordCount\":496,\"commentCount\":0,\"image\":{\"@id\":\"https:\\\/\\\/blogs.uninter.edu.mx\\\/ehli\\\/index.php\\\/2022\\\/11\\\/18\\\/provocacion-ucraniana-o-ataque-ruso\\\/#primaryimage\"},\"thumbnailUrl\":\"https:\\\/\\\/blogs.uninter.edu.mx\\\/ehli\\\/wp-content\\\/uploads\\\/2022\\\/11\\\/OQUMBJXTYRPHXDKYMHDMUH2IBM.jpg\",\"keywords\":[\"EHLI\",\"Escuela de Humanidades Lenguas e Internacionalizaci\u00f3n\",\"relaciones internacionales\",\"UNINTER\",\"UNIVERSIDAD INTERNACIONAL\"],\"articleSection\":[\"Lic. en Relaciones Internacionales\",\"Lic. en Relaciones Internacionales\",\"Lic. en Relaciones Internacionales y Ciencias Pol\u00edticas\",\"Lic. en Relaciones Internacionales y Ciencias Polit\u00edcas\",\"Lic. en Relaciones Internacionales y Econom\u00eda\",\"Relaciones Internacionales\"],\"inLanguage\":\"es\",\"potentialAction\":[{\"@type\":\"CommentAction\",\"name\":\"Comment\",\"target\":[\"https:\\\/\\\/blogs.uninter.edu.mx\\\/ehli\\\/index.php\\\/2022\\\/11\\\/18\\\/provocacion-ucraniana-o-ataque-ruso\\\/#respond\"]}]},{\"@type\":\"WebPage\",\"@id\":\"https:\\\/\\\/blogs.uninter.edu.mx\\\/ehli\\\/index.php\\\/2022\\\/11\\\/18\\\/provocacion-ucraniana-o-ataque-ruso\\\/\",\"url\":\"https:\\\/\\\/blogs.uninter.edu.mx\\\/ehli\\\/index.php\\\/2022\\\/11\\\/18\\\/provocacion-ucraniana-o-ataque-ruso\\\/\",\"name\":\"\u00bfProvocaci\u00f3n ucraniana o ataque ruso? - EHLI\",\"isPartOf\":{\"@id\":\"https:\\\/\\\/blogs.uninter.edu.mx\\\/ehli\\\/#website\"},\"primaryImageOfPage\":{\"@id\":\"https:\\\/\\\/blogs.uninter.edu.mx\\\/ehli\\\/index.php\\\/2022\\\/11\\\/18\\\/provocacion-ucraniana-o-ataque-ruso\\\/#primaryimage\"},\"image\":{\"@id\":\"https:\\\/\\\/blogs.uninter.edu.mx\\\/ehli\\\/index.php\\\/2022\\\/11\\\/18\\\/provocacion-ucraniana-o-ataque-ruso\\\/#primaryimage\"},\"thumbnailUrl\":\"https:\\\/\\\/blogs.uninter.edu.mx\\\/ehli\\\/wp-content\\\/uploads\\\/2022\\\/11\\\/OQUMBJXTYRPHXDKYMHDMUH2IBM.jpg\",\"datePublished\":\"2022-11-18T18:45:34+00:00\",\"dateModified\":\"2022-11-18T18:45:38+00:00\",\"author\":{\"@id\":\"https:\\\/\\\/blogs.uninter.edu.mx\\\/ehli\\\/#\\\/schema\\\/person\\\/e60a6de4db693074d62d17804d1997be\"},\"breadcrumb\":{\"@id\":\"https:\\\/\\\/blogs.uninter.edu.mx\\\/ehli\\\/index.php\\\/2022\\\/11\\\/18\\\/provocacion-ucraniana-o-ataque-ruso\\\/#breadcrumb\"},\"inLanguage\":\"es\",\"potentialAction\":[{\"@type\":\"ReadAction\",\"target\":[\"https:\\\/\\\/blogs.uninter.edu.mx\\\/ehli\\\/index.php\\\/2022\\\/11\\\/18\\\/provocacion-ucraniana-o-ataque-ruso\\\/\"]}]},{\"@type\":\"ImageObject\",\"inLanguage\":\"es\",\"@id\":\"https:\\\/\\\/blogs.uninter.edu.mx\\\/ehli\\\/index.php\\\/2022\\\/11\\\/18\\\/provocacion-ucraniana-o-ataque-ruso\\\/#primaryimage\",\"url\":\"https:\\\/\\\/blogs.uninter.edu.mx\\\/ehli\\\/wp-content\\\/uploads\\\/2022\\\/11\\\/OQUMBJXTYRPHXDKYMHDMUH2IBM.jpg\",\"contentUrl\":\"https:\\\/\\\/blogs.uninter.edu.mx\\\/ehli\\\/wp-content\\\/uploads\\\/2022\\\/11\\\/OQUMBJXTYRPHXDKYMHDMUH2IBM.jpg\",\"width\":1200,\"height\":628},{\"@type\":\"BreadcrumbList\",\"@id\":\"https:\\\/\\\/blogs.uninter.edu.mx\\\/ehli\\\/index.php\\\/2022\\\/11\\\/18\\\/provocacion-ucraniana-o-ataque-ruso\\\/#breadcrumb\",\"itemListElement\":[{\"@type\":\"ListItem\",\"position\":1,\"name\":\"Inicio\",\"item\":\"https:\\\/\\\/blogs.uninter.edu.mx\\\/ehli\\\/\"},{\"@type\":\"ListItem\",\"position\":2,\"name\":\"\u00bfProvocaci\u00f3n ucraniana o ataque ruso?\"}]},{\"@type\":\"WebSite\",\"@id\":\"https:\\\/\\\/blogs.uninter.edu.mx\\\/ehli\\\/#website\",\"url\":\"https:\\\/\\\/blogs.uninter.edu.mx\\\/ehli\\\/\",\"name\":\"EHLI\",\"description\":\"UNINTER\",\"potentialAction\":[{\"@type\":\"SearchAction\",\"target\":{\"@type\":\"EntryPoint\",\"urlTemplate\":\"https:\\\/\\\/blogs.uninter.edu.mx\\\/ehli\\\/?s={search_term_string}\"},\"query-input\":{\"@type\":\"PropertyValueSpecification\",\"valueRequired\":true,\"valueName\":\"search_term_string\"}}],\"inLanguage\":\"es\"},{\"@type\":\"Person\",\"@id\":\"https:\\\/\\\/blogs.uninter.edu.mx\\\/ehli\\\/#\\\/schema\\\/person\\\/e60a6de4db693074d62d17804d1997be\",\"name\":\"MFomperosa\",\"image\":{\"@type\":\"ImageObject\",\"inLanguage\":\"es\",\"@id\":\"https:\\\/\\\/secure.gravatar.com\\\/avatar\\\/bccff3b4f67eb660f270968c267aad3fa91710b526d9b66754a407ddb1a1dbc6?s=96&d=mm&r=g\",\"url\":\"https:\\\/\\\/secure.gravatar.com\\\/avatar\\\/bccff3b4f67eb660f270968c267aad3fa91710b526d9b66754a407ddb1a1dbc6?s=96&d=mm&r=g\",\"contentUrl\":\"https:\\\/\\\/secure.gravatar.com\\\/avatar\\\/bccff3b4f67eb660f270968c267aad3fa91710b526d9b66754a407ddb1a1dbc6?s=96&d=mm&r=g\",\"caption\":\"MFomperosa\"},\"url\":\"https:\\\/\\\/blogs.uninter.edu.mx\\\/ehli\\\/index.php\\\/author\\\/mfomperosa\\\/\"}]}<\/script>\r\n<!-- \/ Yoast SEO plugin. -->","yoast_head_json":{"title":"\u00bfProvocaci\u00f3n ucraniana o ataque ruso? - EHLI","robots":{"index":"index","follow":"follow","max-snippet":"max-snippet:-1","max-image-preview":"max-image-preview:large","max-video-preview":"max-video-preview:-1"},"canonical":"https:\/\/blogs.uninter.edu.mx\/ehli\/index.php\/2022\/11\/18\/provocacion-ucraniana-o-ataque-ruso\/","og_locale":"es_MX","og_type":"article","og_title":"\u00bfProvocaci\u00f3n ucraniana o ataque ruso? - EHLI","og_description":"El 17 de noviembre, la noticia sobre la ca\u00edda de un misil ruso dentro de Polonia; en el pueblo de Przewodow, cerca de la frontera con Ucrania, despert\u00f3 a las redes sociales con el hashtag de \"WW3\" (Tercera Guerra Mundial), en el sitio murieron 2 personas polacas y se cre\u00eda que este ataque significaba la entrada de la OTAN al conflicto.","og_url":"https:\/\/blogs.uninter.edu.mx\/ehli\/index.php\/2022\/11\/18\/provocacion-ucraniana-o-ataque-ruso\/","og_site_name":"EHLI","article_published_time":"2022-11-18T18:45:34+00:00","article_modified_time":"2022-11-18T18:45:38+00:00","og_image":[{"width":1200,"height":628,"url":"https:\/\/blogs.uninter.edu.mx\/ehli\/wp-content\/uploads\/2022\/11\/OQUMBJXTYRPHXDKYMHDMUH2IBM.jpg","type":"image\/jpeg"}],"author":"MFomperosa","twitter_card":"summary_large_image","twitter_misc":{"Escrito por":"MFomperosa","Tiempo de lectura":"3 minutos"},"schema":{"@context":"https:\/\/schema.org","@graph":[{"@type":"Article","@id":"https:\/\/blogs.uninter.edu.mx\/ehli\/index.php\/2022\/11\/18\/provocacion-ucraniana-o-ataque-ruso\/#article","isPartOf":{"@id":"https:\/\/blogs.uninter.edu.mx\/ehli\/index.php\/2022\/11\/18\/provocacion-ucraniana-o-ataque-ruso\/"},"author":{"name":"MFomperosa","@id":"https:\/\/blogs.uninter.edu.mx\/ehli\/#\/schema\/person\/e60a6de4db693074d62d17804d1997be"},"headline":"\u00bfProvocaci\u00f3n ucraniana o ataque ruso?","datePublished":"2022-11-18T18:45:34+00:00","dateModified":"2022-11-18T18:45:38+00:00","mainEntityOfPage":{"@id":"https:\/\/blogs.uninter.edu.mx\/ehli\/index.php\/2022\/11\/18\/provocacion-ucraniana-o-ataque-ruso\/"},"wordCount":496,"commentCount":0,"image":{"@id":"https:\/\/blogs.uninter.edu.mx\/ehli\/index.php\/2022\/11\/18\/provocacion-ucraniana-o-ataque-ruso\/#primaryimage"},"thumbnailUrl":"https:\/\/blogs.uninter.edu.mx\/ehli\/wp-content\/uploads\/2022\/11\/OQUMBJXTYRPHXDKYMHDMUH2IBM.jpg","keywords":["EHLI","Escuela de Humanidades Lenguas e Internacionalizaci\u00f3n","relaciones internacionales","UNINTER","UNIVERSIDAD INTERNACIONAL"],"articleSection":["Lic. en Relaciones Internacionales","Lic. en Relaciones Internacionales","Lic. en Relaciones Internacionales y Ciencias Pol\u00edticas","Lic. en Relaciones Internacionales y Ciencias Polit\u00edcas","Lic. en Relaciones Internacionales y Econom\u00eda","Relaciones Internacionales"],"inLanguage":"es","potentialAction":[{"@type":"CommentAction","name":"Comment","target":["https:\/\/blogs.uninter.edu.mx\/ehli\/index.php\/2022\/11\/18\/provocacion-ucraniana-o-ataque-ruso\/#respond"]}]},{"@type":"WebPage","@id":"https:\/\/blogs.uninter.edu.mx\/ehli\/index.php\/2022\/11\/18\/provocacion-ucraniana-o-ataque-ruso\/","url":"https:\/\/blogs.uninter.edu.mx\/ehli\/index.php\/2022\/11\/18\/provocacion-ucraniana-o-ataque-ruso\/","name":"\u00bfProvocaci\u00f3n ucraniana o ataque ruso? - EHLI","isPartOf":{"@id":"https:\/\/blogs.uninter.edu.mx\/ehli\/#website"},"primaryImageOfPage":{"@id":"https:\/\/blogs.uninter.edu.mx\/ehli\/index.php\/2022\/11\/18\/provocacion-ucraniana-o-ataque-ruso\/#primaryimage"},"image":{"@id":"https:\/\/blogs.uninter.edu.mx\/ehli\/index.php\/2022\/11\/18\/provocacion-ucraniana-o-ataque-ruso\/#primaryimage"},"thumbnailUrl":"https:\/\/blogs.uninter.edu.mx\/ehli\/wp-content\/uploads\/2022\/11\/OQUMBJXTYRPHXDKYMHDMUH2IBM.jpg","datePublished":"2022-11-18T18:45:34+00:00","dateModified":"2022-11-18T18:45:38+00:00","author":{"@id":"https:\/\/blogs.uninter.edu.mx\/ehli\/#\/schema\/person\/e60a6de4db693074d62d17804d1997be"},"breadcrumb":{"@id":"https:\/\/blogs.uninter.edu.mx\/ehli\/index.php\/2022\/11\/18\/provocacion-ucraniana-o-ataque-ruso\/#breadcrumb"},"inLanguage":"es","potentialAction":[{"@type":"ReadAction","target":["https:\/\/blogs.uninter.edu.mx\/ehli\/index.php\/2022\/11\/18\/provocacion-ucraniana-o-ataque-ruso\/"]}]},{"@type":"ImageObject","inLanguage":"es","@id":"https:\/\/blogs.uninter.edu.mx\/ehli\/index.php\/2022\/11\/18\/provocacion-ucraniana-o-ataque-ruso\/#primaryimage","url":"https:\/\/blogs.uninter.edu.mx\/ehli\/wp-content\/uploads\/2022\/11\/OQUMBJXTYRPHXDKYMHDMUH2IBM.jpg","contentUrl":"https:\/\/blogs.uninter.edu.mx\/ehli\/wp-content\/uploads\/2022\/11\/OQUMBJXTYRPHXDKYMHDMUH2IBM.jpg","width":1200,"height":628},{"@type":"BreadcrumbList","@id":"https:\/\/blogs.uninter.edu.mx\/ehli\/index.php\/2022\/11\/18\/provocacion-ucraniana-o-ataque-ruso\/#breadcrumb","itemListElement":[{"@type":"ListItem","position":1,"name":"Inicio","item":"https:\/\/blogs.uninter.edu.mx\/ehli\/"},{"@type":"ListItem","position":2,"name":"\u00bfProvocaci\u00f3n ucraniana o ataque ruso?"}]},{"@type":"WebSite","@id":"https:\/\/blogs.uninter.edu.mx\/ehli\/#website","url":"https:\/\/blogs.uninter.edu.mx\/ehli\/","name":"EHLI","description":"UNINTER","potentialAction":[{"@type":"SearchAction","target":{"@type":"EntryPoint","urlTemplate":"https:\/\/blogs.uninter.edu.mx\/ehli\/?s={search_term_string}"},"query-input":{"@type":"PropertyValueSpecification","valueRequired":true,"valueName":"search_term_string"}}],"inLanguage":"es"},{"@type":"Person","@id":"https:\/\/blogs.uninter.edu.mx\/ehli\/#\/schema\/person\/e60a6de4db693074d62d17804d1997be","name":"MFomperosa","image":{"@type":"ImageObject","inLanguage":"es","@id":"https:\/\/secure.gravatar.com\/avatar\/bccff3b4f67eb660f270968c267aad3fa91710b526d9b66754a407ddb1a1dbc6?s=96&d=mm&r=g","url":"https:\/\/secure.gravatar.com\/avatar\/bccff3b4f67eb660f270968c267aad3fa91710b526d9b66754a407ddb1a1dbc6?s=96&d=mm&r=g","contentUrl":"https:\/\/secure.gravatar.com\/avatar\/bccff3b4f67eb660f270968c267aad3fa91710b526d9b66754a407ddb1a1dbc6?s=96&d=mm&r=g","caption":"MFomperosa"},"url":"https:\/\/blogs.uninter.edu.mx\/ehli\/index.php\/author\/mfomperosa\/"}]}},"jetpack_featured_media_url":"https:\/\/blogs.uninter.edu.mx\/ehli\/wp-content\/uploads\/2022\/11\/OQUMBJXTYRPHXDKYMHDMUH2IBM.jpg","_links":{"self":[{"href":"https:\/\/blogs.uninter.edu.mx\/ehli\/index.php\/wp-json\/wp\/v2\/posts\/7775","targetHints":{"allow":["GET"]}}],"collection":[{"href":"https:\/\/blogs.uninter.edu.mx\/ehli\/index.php\/wp-json\/wp\/v2\/posts"}],"about":[{"href":"https:\/\/blogs.uninter.edu.mx\/ehli\/index.php\/wp-json\/wp\/v2\/types\/post"}],"author":[{"embeddable":true,"href":"https:\/\/blogs.uninter.edu.mx\/ehli\/index.php\/wp-json\/wp\/v2\/users\/27"}],"replies":[{"embeddable":true,"href":"https:\/\/blogs.uninter.edu.mx\/ehli\/index.php\/wp-json\/wp\/v2\/comments?post=7775"}],"version-history":[{"count":1,"href":"https:\/\/blogs.uninter.edu.mx\/ehli\/index.php\/wp-json\/wp\/v2\/posts\/7775\/revisions"}],"predecessor-version":[{"id":7780,"href":"https:\/\/blogs.uninter.edu.mx\/ehli\/index.php\/wp-json\/wp\/v2\/posts\/7775\/revisions\/7780"}],"wp:featuredmedia":[{"embeddable":true,"href":"https:\/\/blogs.uninter.edu.mx\/ehli\/index.php\/wp-json\/wp\/v2\/media\/7778"}],"wp:attachment":[{"href":"https:\/\/blogs.uninter.edu.mx\/ehli\/index.php\/wp-json\/wp\/v2\/media?parent=7775"}],"wp:term":[{"taxonomy":"category","embeddable":true,"href":"https:\/\/blogs.uninter.edu.mx\/ehli\/index.php\/wp-json\/wp\/v2\/categories?post=7775"},{"taxonomy":"post_tag","embeddable":true,"href":"https:\/\/blogs.uninter.edu.mx\/ehli\/index.php\/wp-json\/wp\/v2\/tags?post=7775"}],"curies":[{"name":"wp","href":"https:\/\/api.w.org\/{rel}","templated":true}]}}