{"id":7805,"date":"2022-12-05T10:00:00","date_gmt":"2022-12-05T10:00:00","guid":{"rendered":"https:\/\/blogs.uninter.edu.mx\/ehli\/?p=7805"},"modified":"2022-11-30T16:33:00","modified_gmt":"2022-11-30T16:33:00","slug":"importancia-de-incentivar-y-promover-el-periodismo-ambiental-comprometido-con-las-audiencias","status":"publish","type":"post","link":"https:\/\/blogs.uninter.edu.mx\/ehli\/index.php\/2022\/12\/05\/importancia-de-incentivar-y-promover-el-periodismo-ambiental-comprometido-con-las-audiencias\/","title":{"rendered":"Importancia de incentivar y promover el periodismo ambiental comprometido con las audiencias"},"content":{"rendered":"\n<p class=\"has-text-align-justify\"><em>Durante el taller virtual \u2018Claves para informar (y generar conversaciones) sobre cambio clim\u00e1tico\u2019, el periodista espa\u00f1ol Arturo Larena, director de Medio Ambiente y Ciencia de la Agencia EFE, comparti\u00f3 claves para afrontar los retos de contar el cambio clim\u00e1tico.<\/em><\/p>\n\n\n\n<figure class=\"wp-block-gallery has-nested-images columns-default is-cropped wp-block-gallery-1 is-layout-flex wp-block-gallery-is-layout-flex\">\n<figure class=\"wp-block-image size-large\"><img loading=\"lazy\" decoding=\"async\" width=\"1920\" height=\"1280\" data-id=\"7806\" src=\"https:\/\/blogs.uninter.edu.mx\/ehli\/wp-content\/uploads\/2022\/11\/im-storie-recogemos-los-frutos-de-nuestro-trabajo-para-la-conservacion-del-medio-ambiente-desktop.jpg\" alt=\"\" class=\"wp-image-7806\"\/><\/figure>\n<\/figure>\n\n\n\n<p class=\"has-text-align-justify\">Justo antes de que el Mundial de f\u00fatbol de Qatar empezara a acaparar el protagonismo en los medios de comunicaci\u00f3n alrededor del mundo, otro evento, esta vez sin tantos reflectores, estaba culminando en Sharm El-Sheikh (Egipto): la Conferencia de Naciones Unidas sobre Cambio Clim\u00e1tico (COP27). Tras dos semanas intensas de negociaciones, los periodistas ambientales interesados en entender la letra peque\u00f1a de los documentos y las tensiones detr\u00e1s de ciertas declaraciones siguen digiriendo enormes cantidades de informaci\u00f3n para resumir, explicar y traducir la jerga cient\u00edfica y econ\u00f3mica a audiencias no especializadas. \u00a1Qu\u00e9 arte!\u00a0<\/p>\n\n\n\n<p class=\"has-text-align-justify\">Dada la relevancia del tema, la Fundaci\u00f3n Gabo y CAF \u2013banco de desarrollo de Am\u00e9rica Latina\u2013 organizaron el taller virtual&nbsp;<a href=\"https:\/\/fundaciongabo.org\/es\/noticias\/articulo\/4-recomendaciones-para-seguir-abonando-un-periodismo-ambiental-comprometido-con#:~:text=Sobre%20el%20taller%20%E2%80%98Claves%20para%20informar%20(y%20generar%20conversaciones)%20sobre%20cambio%20clim%C3%A1tico%E2%80%99\">\u2018Claves para informar (y generar conversaciones) sobre cambio clim\u00e1tico\u2019,<\/a>&nbsp;dirigido por el periodista espa\u00f1ol Arturo Larena, director de Medio Ambiente y Ciencia de la Agencia EFE. En la primera de cuatro sesiones, los 18 periodistas seleccionados conversaron sobre la importancia y los retos del periodismo ambiental.&nbsp;<\/p>\n\n\n\n<p><strong>No es cualquier tema, es EL TEMA<\/strong><\/p>\n\n\n\n<p>De acuerdo con Larena, la crisis clim\u00e1tica es \u201cel mayor problema al que nos enfrentamos como especie y, por lo tanto, requiere de una respuesta informativa clara\u201d. Para ello, propone las siguientes recomendaciones:&nbsp;<\/p>\n\n\n\n<h3 class=\"wp-block-heading\"><strong>1. Especializarse&nbsp;<\/strong><\/h3>\n\n\n\n<p class=\"has-text-align-justify\">\u00bfDeber\u00edan los medios de comunicaci\u00f3n tener una secci\u00f3n especializada en medioambiente&nbsp;o, m\u00e1s bien, impregnar a las dem\u00e1s con enfoques verdes? Las dos van de la mano. \u201cEs importante el periodismo especializado, pero sin perder de vista que cualquier tipo de cobertura (econ\u00f3mica, pol\u00edtica o religiosa) puede tener un enfoque medioambiental\u201d, aclara Larena.&nbsp;<\/p>\n\n\n\n<p class=\"has-text-align-justify\">Sin embargo, esa especializaci\u00f3n no se limita \u00fanicamente a comprender los conceptos m\u00e1s b\u00e1sicos del tema, sino a identificar las fuentes m\u00e1s id\u00f3neas para hablar sobre ello sin caer en falsas simetr\u00edas, pues, como se\u00f1ala Larena, \u201cno es lo mismo un informe del Panel Intergubernamental sobre Cambio Clim\u00e1tico (IPCC) que cualquier afirmaci\u00f3n lanzada por una veintena de negacionistas de quienes se desconoce sus intereses\u201d.&nbsp;<\/p>\n\n\n\n<h3 class=\"wp-block-heading\"><strong>2. De lo local a lo global<\/strong><\/h3>\n\n\n\n<p class=\"has-text-align-justify\">Aterrizar la complejidad de la crisis clim\u00e1tica a nuestra cotidianidad es indispensable para generar conversaciones m\u00e1s profundas e informadas. Los impactos del cambio clim\u00e1tico no se resumen al deshielo en los polos, la reporter\u00eda debe interesarse por lo local: por la intensidad de los incendios forestales, por el descenso en el caudal de los r\u00edos, por las olas de calor con cifras r\u00e9cord que afectan nuestra salud, por el aumento en el precio de los alimentos, o por las mujeres ind\u00edgenas que protegen el territorio en pa\u00edses donde defender la vida se paga, ir\u00f3nicamente, con la muerte.&nbsp;<\/p>\n\n\n\n<h3 class=\"wp-block-heading\"><strong>3. El espinoso asunto de la financiaci\u00f3n&nbsp;<\/strong><\/h3>\n\n\n\n<p class=\"has-text-align-justify\">Seamos claros: \u00a1hacer periodismo en terreno cuesta, no es barato! Entonces, \u00bfc\u00f3mo conseguir dinero para financiar m\u00e1s investigaciones en campo? Aunque no es sencillo, Larena sugiere insistir en dos frentes. Primero, la pelea interna, esa que se cocina a fuego lento dentro de los medios de comunicaci\u00f3n, con los editores, directores y colegas, para explicarles la necesidad y urgencia del periodismo ambiental en la sociedad. \u201cEsa es una pelea que hay que mantener d\u00eda tras d\u00eda, pero a veces te llega el desaliento y te cuestionas si vale la pena seguir o no. La respuesta es siempre s\u00ed\u201d, dice Larena.&nbsp;<\/p>\n\n\n\n<p class=\"has-text-align-justify\">El segundo frente es externo y requiere de reglas claras. Es posible crear alianzas con organizaciones que entiendan que la independencia y el rigor no se negocian, y que el criterio editorial (qu\u00e9 cubrir y c\u00f3mo cubrirlo) est\u00e1 en las manos del periodista, no de quien pone el dinero. \u00bfEs el publirreportaje una alternativa para lograrlo? Para Larena \u201cno es \u00fatil si se quiere fortalecer el periodismo ambiental, pero s\u00ed para financiar a los medios, que, no olvidemos, son un negocio con una funci\u00f3n social y necesitan buscar su supervivencia econ\u00f3mica\u201d. Sin embargo, la falta de claridad cuando se publican este tipo de contenidos ha creado un cierto divorcio entre la ciudadan\u00eda y los medios de comunicaci\u00f3n tradicionales. \u201cLos lectores, oyentes y televidentes no somos tontos, sabemos cu\u00e1ndo nos quieren vender un determinado producto y eso genera desconfianza\u201d, recalca.&nbsp;<\/p>\n\n\n\n<h3 class=\"wp-block-heading\"><strong>4. Hay que arriesgarnos<\/strong><\/h3>\n\n\n\n<p class=\"has-text-align-justify\">\u00bfEstamos verdaderamente interesados en comprender a nuestra audiencia y sus necesidades? \u00bfQu\u00e9 palabras estamos empleando para comunicar mejor la complejidad de la crisis clim\u00e1tica? \u00bfC\u00f3mo estamos amplificando la voz de los m\u00e1s desfavorecidos y haciendo contrapeso al poder con nuestras historias? \u00bfCu\u00e1les son los nuevos formatos que podemos explorar y cu\u00e1les podemos adaptar a otras plataformas? \u00bfC\u00f3mo comunicarnos en TikTok para cautivar a audiencias m\u00e1s j\u00f3venes? \u00bfLe estamos sacando provecho a las caricaturas, dibujos, infograf\u00edas y dem\u00e1s apoyos visuales? No hay que tener miedo a arriesgar y fracasar.\u00a0<\/p>\n\n\n\n<p><\/p>\n\n\n\n<p>FUENTE: https:\/\/fundaciongabo.org\/es<\/p>\n","protected":false},"excerpt":{"rendered":"<p>usto antes de que el Mundial de f\u00fatbol de Qatar empezara a acaparar el protagonismo en los medios de comunicaci\u00f3n alrededor del mundo, otro evento, esta vez sin tantos reflectores, estaba culminando en Sharm El-Sheikh (Egipto): la Conferencia de Naciones Unidas sobre Cambio Clim\u00e1tico (COP27). Tras dos semanas intensas de negociaciones, los periodistas ambientales interesados en entender la letra peque\u00f1a de los documentos y las tensiones detr\u00e1s de ciertas declaraciones siguen digiriendo enormes cantidades de informaci\u00f3n para resumir, explicar y traducir la jerga cient\u00edfica y econ\u00f3mica a audiencias no especializadas. \u00a1Qu\u00e9 arte!\u00a0<\/p>\n","protected":false},"author":28,"featured_media":7806,"comment_status":"open","ping_status":"open","sticky":true,"template":"","format":"standard","meta":{"rop_custom_images_group":[],"rop_custom_messages_group":[],"rop_publish_now":"initial","rop_publish_now_accounts":[],"rop_publish_now_history":[],"rop_publish_now_status":"pending","footnotes":""},"categories":[312,3,110,4,111],"tags":[60],"class_list":["post-7805","post","type-post","status-publish","format-standard","has-post-thumbnail","hentry","category-comunicacion","category-lco","category-lic-en-comunicacion","category-corp","category-lic-en-comunicacion-y-relaciones-publicas","tag-ehli"],"yoast_head":"<!-- This site is optimized with the Yoast SEO plugin v27.4 - https:\/\/yoast.com\/product\/yoast-seo-wordpress\/ -->\r\n<title>Importancia de incentivar y promover el periodismo ambiental comprometido con las audiencias - EHLI<\/title>\r\n<meta name=\"description\" content=\"\u00bfDeber\u00edan los medios de comunicaci\u00f3n tener una secci\u00f3n especializada en medioambiente\u00a0o, m\u00e1s bien, impregnar a las dem\u00e1s con enfoques verdes? Las dos van de la mano. \u201cEs importante el periodismo especializado, pero sin perder de vista que cualquier tipo de cobertura (econ\u00f3mica, pol\u00edtica o religiosa) puede tener un enfoque medioambiental\u201d, aclara Larena.\u00a0\" \/>\r\n<meta name=\"robots\" content=\"index, follow, max-snippet:-1, max-image-preview:large, max-video-preview:-1\" \/>\r\n<link rel=\"canonical\" href=\"https:\/\/blogs.uninter.edu.mx\/ehli\/index.php\/2022\/12\/05\/importancia-de-incentivar-y-promover-el-periodismo-ambiental-comprometido-con-las-audiencias\/\" \/>\r\n<meta property=\"og:locale\" content=\"es_MX\" \/>\r\n<meta property=\"og:type\" content=\"article\" \/>\r\n<meta property=\"og:title\" content=\"Importancia de incentivar y promover el periodismo ambiental comprometido con las audiencias - EHLI\" \/>\r\n<meta property=\"og:description\" content=\"\u00bfDeber\u00edan los medios de comunicaci\u00f3n tener una secci\u00f3n especializada en medioambiente\u00a0o, m\u00e1s bien, impregnar a las dem\u00e1s con enfoques verdes? Las dos van de la mano. \u201cEs importante el periodismo especializado, pero sin perder de vista que cualquier tipo de cobertura (econ\u00f3mica, pol\u00edtica o religiosa) puede tener un enfoque medioambiental\u201d, aclara Larena.\u00a0\" \/>\r\n<meta property=\"og:url\" content=\"https:\/\/blogs.uninter.edu.mx\/ehli\/index.php\/2022\/12\/05\/importancia-de-incentivar-y-promover-el-periodismo-ambiental-comprometido-con-las-audiencias\/\" \/>\r\n<meta property=\"og:site_name\" content=\"EHLI\" \/>\r\n<meta property=\"article:published_time\" content=\"2022-12-05T10:00:00+00:00\" \/>\r\n<meta property=\"og:image\" content=\"https:\/\/blogs.uninter.edu.mx\/ehli\/wp-content\/uploads\/2022\/11\/im-storie-recogemos-los-frutos-de-nuestro-trabajo-para-la-conservacion-del-medio-ambiente-desktop.jpg\" \/>\r\n\t<meta property=\"og:image:width\" content=\"1920\" \/>\r\n\t<meta property=\"og:image:height\" content=\"1280\" \/>\r\n\t<meta property=\"og:image:type\" content=\"image\/jpeg\" \/>\r\n<meta name=\"author\" content=\"mocampo\" \/>\r\n<meta name=\"twitter:card\" content=\"summary_large_image\" \/>\r\n<meta name=\"twitter:label1\" content=\"Escrito por\" \/>\n\t<meta name=\"twitter:data1\" content=\"mocampo\" \/>\n\t<meta name=\"twitter:label2\" content=\"Tiempo de lectura\" \/>\n\t<meta name=\"twitter:data2\" content=\"4 minutos\" \/>\r\n<script type=\"application\/ld+json\" class=\"yoast-schema-graph\">{\"@context\":\"https:\\\/\\\/schema.org\",\"@graph\":[{\"@type\":\"Article\",\"@id\":\"https:\\\/\\\/blogs.uninter.edu.mx\\\/ehli\\\/index.php\\\/2022\\\/12\\\/05\\\/importancia-de-incentivar-y-promover-el-periodismo-ambiental-comprometido-con-las-audiencias\\\/#article\",\"isPartOf\":{\"@id\":\"https:\\\/\\\/blogs.uninter.edu.mx\\\/ehli\\\/index.php\\\/2022\\\/12\\\/05\\\/importancia-de-incentivar-y-promover-el-periodismo-ambiental-comprometido-con-las-audiencias\\\/\"},\"author\":{\"name\":\"mocampo\",\"@id\":\"https:\\\/\\\/blogs.uninter.edu.mx\\\/ehli\\\/#\\\/schema\\\/person\\\/f9426d100dd7db1b2a0be67166f80826\"},\"headline\":\"Importancia de incentivar y promover el periodismo ambiental comprometido con las audiencias\",\"datePublished\":\"2022-12-05T10:00:00+00:00\",\"mainEntityOfPage\":{\"@id\":\"https:\\\/\\\/blogs.uninter.edu.mx\\\/ehli\\\/index.php\\\/2022\\\/12\\\/05\\\/importancia-de-incentivar-y-promover-el-periodismo-ambiental-comprometido-con-las-audiencias\\\/\"},\"wordCount\":885,\"commentCount\":0,\"image\":{\"@id\":\"https:\\\/\\\/blogs.uninter.edu.mx\\\/ehli\\\/index.php\\\/2022\\\/12\\\/05\\\/importancia-de-incentivar-y-promover-el-periodismo-ambiental-comprometido-con-las-audiencias\\\/#primaryimage\"},\"thumbnailUrl\":\"https:\\\/\\\/blogs.uninter.edu.mx\\\/ehli\\\/wp-content\\\/uploads\\\/2022\\\/11\\\/im-storie-recogemos-los-frutos-de-nuestro-trabajo-para-la-conservacion-del-medio-ambiente-desktop.jpg\",\"keywords\":[\"EHLI\"],\"articleSection\":[\"Comunicaci\u00f3n\",\"Lic. en Comunicaci\u00f3n\",\"Lic. en Comunicaci\u00f3n\",\"Lic. en Comunicaci\u00f3n y Relaciones P\u00fablicas\",\"Lic. en Comunicaci\u00f3n y Relaciones P\u00fablicas\"],\"inLanguage\":\"es\",\"potentialAction\":[{\"@type\":\"CommentAction\",\"name\":\"Comment\",\"target\":[\"https:\\\/\\\/blogs.uninter.edu.mx\\\/ehli\\\/index.php\\\/2022\\\/12\\\/05\\\/importancia-de-incentivar-y-promover-el-periodismo-ambiental-comprometido-con-las-audiencias\\\/#respond\"]}]},{\"@type\":\"WebPage\",\"@id\":\"https:\\\/\\\/blogs.uninter.edu.mx\\\/ehli\\\/index.php\\\/2022\\\/12\\\/05\\\/importancia-de-incentivar-y-promover-el-periodismo-ambiental-comprometido-con-las-audiencias\\\/\",\"url\":\"https:\\\/\\\/blogs.uninter.edu.mx\\\/ehli\\\/index.php\\\/2022\\\/12\\\/05\\\/importancia-de-incentivar-y-promover-el-periodismo-ambiental-comprometido-con-las-audiencias\\\/\",\"name\":\"Importancia de incentivar y promover el periodismo ambiental comprometido con las audiencias - EHLI\",\"isPartOf\":{\"@id\":\"https:\\\/\\\/blogs.uninter.edu.mx\\\/ehli\\\/#website\"},\"primaryImageOfPage\":{\"@id\":\"https:\\\/\\\/blogs.uninter.edu.mx\\\/ehli\\\/index.php\\\/2022\\\/12\\\/05\\\/importancia-de-incentivar-y-promover-el-periodismo-ambiental-comprometido-con-las-audiencias\\\/#primaryimage\"},\"image\":{\"@id\":\"https:\\\/\\\/blogs.uninter.edu.mx\\\/ehli\\\/index.php\\\/2022\\\/12\\\/05\\\/importancia-de-incentivar-y-promover-el-periodismo-ambiental-comprometido-con-las-audiencias\\\/#primaryimage\"},\"thumbnailUrl\":\"https:\\\/\\\/blogs.uninter.edu.mx\\\/ehli\\\/wp-content\\\/uploads\\\/2022\\\/11\\\/im-storie-recogemos-los-frutos-de-nuestro-trabajo-para-la-conservacion-del-medio-ambiente-desktop.jpg\",\"datePublished\":\"2022-12-05T10:00:00+00:00\",\"author\":{\"@id\":\"https:\\\/\\\/blogs.uninter.edu.mx\\\/ehli\\\/#\\\/schema\\\/person\\\/f9426d100dd7db1b2a0be67166f80826\"},\"description\":\"\u00bfDeber\u00edan los medios de comunicaci\u00f3n tener una secci\u00f3n especializada en medioambiente\u00a0o, m\u00e1s bien, impregnar a las dem\u00e1s con enfoques verdes? Las dos van de la mano. \u201cEs importante el periodismo especializado, pero sin perder de vista que cualquier tipo de cobertura (econ\u00f3mica, pol\u00edtica o religiosa) puede tener un enfoque medioambiental\u201d, aclara Larena.\u00a0\",\"breadcrumb\":{\"@id\":\"https:\\\/\\\/blogs.uninter.edu.mx\\\/ehli\\\/index.php\\\/2022\\\/12\\\/05\\\/importancia-de-incentivar-y-promover-el-periodismo-ambiental-comprometido-con-las-audiencias\\\/#breadcrumb\"},\"inLanguage\":\"es\",\"potentialAction\":[{\"@type\":\"ReadAction\",\"target\":[\"https:\\\/\\\/blogs.uninter.edu.mx\\\/ehli\\\/index.php\\\/2022\\\/12\\\/05\\\/importancia-de-incentivar-y-promover-el-periodismo-ambiental-comprometido-con-las-audiencias\\\/\"]}]},{\"@type\":\"ImageObject\",\"inLanguage\":\"es\",\"@id\":\"https:\\\/\\\/blogs.uninter.edu.mx\\\/ehli\\\/index.php\\\/2022\\\/12\\\/05\\\/importancia-de-incentivar-y-promover-el-periodismo-ambiental-comprometido-con-las-audiencias\\\/#primaryimage\",\"url\":\"https:\\\/\\\/blogs.uninter.edu.mx\\\/ehli\\\/wp-content\\\/uploads\\\/2022\\\/11\\\/im-storie-recogemos-los-frutos-de-nuestro-trabajo-para-la-conservacion-del-medio-ambiente-desktop.jpg\",\"contentUrl\":\"https:\\\/\\\/blogs.uninter.edu.mx\\\/ehli\\\/wp-content\\\/uploads\\\/2022\\\/11\\\/im-storie-recogemos-los-frutos-de-nuestro-trabajo-para-la-conservacion-del-medio-ambiente-desktop.jpg\",\"width\":1920,\"height\":1280},{\"@type\":\"BreadcrumbList\",\"@id\":\"https:\\\/\\\/blogs.uninter.edu.mx\\\/ehli\\\/index.php\\\/2022\\\/12\\\/05\\\/importancia-de-incentivar-y-promover-el-periodismo-ambiental-comprometido-con-las-audiencias\\\/#breadcrumb\",\"itemListElement\":[{\"@type\":\"ListItem\",\"position\":1,\"name\":\"Inicio\",\"item\":\"https:\\\/\\\/blogs.uninter.edu.mx\\\/ehli\\\/\"},{\"@type\":\"ListItem\",\"position\":2,\"name\":\"Importancia de incentivar y promover el periodismo ambiental comprometido con las audiencias\"}]},{\"@type\":\"WebSite\",\"@id\":\"https:\\\/\\\/blogs.uninter.edu.mx\\\/ehli\\\/#website\",\"url\":\"https:\\\/\\\/blogs.uninter.edu.mx\\\/ehli\\\/\",\"name\":\"EHLI\",\"description\":\"UNINTER\",\"potentialAction\":[{\"@type\":\"SearchAction\",\"target\":{\"@type\":\"EntryPoint\",\"urlTemplate\":\"https:\\\/\\\/blogs.uninter.edu.mx\\\/ehli\\\/?s={search_term_string}\"},\"query-input\":{\"@type\":\"PropertyValueSpecification\",\"valueRequired\":true,\"valueName\":\"search_term_string\"}}],\"inLanguage\":\"es\"},{\"@type\":\"Person\",\"@id\":\"https:\\\/\\\/blogs.uninter.edu.mx\\\/ehli\\\/#\\\/schema\\\/person\\\/f9426d100dd7db1b2a0be67166f80826\",\"name\":\"mocampo\",\"image\":{\"@type\":\"ImageObject\",\"inLanguage\":\"es\",\"@id\":\"https:\\\/\\\/secure.gravatar.com\\\/avatar\\\/486a87ae86777f2d04f69759eb0a12f435703bd96e4bccfcbe628cd8a4b836c9?s=96&d=mm&r=g\",\"url\":\"https:\\\/\\\/secure.gravatar.com\\\/avatar\\\/486a87ae86777f2d04f69759eb0a12f435703bd96e4bccfcbe628cd8a4b836c9?s=96&d=mm&r=g\",\"contentUrl\":\"https:\\\/\\\/secure.gravatar.com\\\/avatar\\\/486a87ae86777f2d04f69759eb0a12f435703bd96e4bccfcbe628cd8a4b836c9?s=96&d=mm&r=g\",\"caption\":\"mocampo\"},\"url\":\"https:\\\/\\\/blogs.uninter.edu.mx\\\/ehli\\\/index.php\\\/author\\\/mocampo\\\/\"}]}<\/script>\r\n<!-- \/ Yoast SEO plugin. -->","yoast_head_json":{"title":"Importancia de incentivar y promover el periodismo ambiental comprometido con las audiencias - EHLI","description":"\u00bfDeber\u00edan los medios de comunicaci\u00f3n tener una secci\u00f3n especializada en medioambiente\u00a0o, m\u00e1s bien, impregnar a las dem\u00e1s con enfoques verdes? Las dos van de la mano. \u201cEs importante el periodismo especializado, pero sin perder de vista que cualquier tipo de cobertura (econ\u00f3mica, pol\u00edtica o religiosa) puede tener un enfoque medioambiental\u201d, aclara Larena.\u00a0","robots":{"index":"index","follow":"follow","max-snippet":"max-snippet:-1","max-image-preview":"max-image-preview:large","max-video-preview":"max-video-preview:-1"},"canonical":"https:\/\/blogs.uninter.edu.mx\/ehli\/index.php\/2022\/12\/05\/importancia-de-incentivar-y-promover-el-periodismo-ambiental-comprometido-con-las-audiencias\/","og_locale":"es_MX","og_type":"article","og_title":"Importancia de incentivar y promover el periodismo ambiental comprometido con las audiencias - EHLI","og_description":"\u00bfDeber\u00edan los medios de comunicaci\u00f3n tener una secci\u00f3n especializada en medioambiente\u00a0o, m\u00e1s bien, impregnar a las dem\u00e1s con enfoques verdes? Las dos van de la mano. \u201cEs importante el periodismo especializado, pero sin perder de vista que cualquier tipo de cobertura (econ\u00f3mica, pol\u00edtica o religiosa) puede tener un enfoque medioambiental\u201d, aclara Larena.\u00a0","og_url":"https:\/\/blogs.uninter.edu.mx\/ehli\/index.php\/2022\/12\/05\/importancia-de-incentivar-y-promover-el-periodismo-ambiental-comprometido-con-las-audiencias\/","og_site_name":"EHLI","article_published_time":"2022-12-05T10:00:00+00:00","og_image":[{"width":1920,"height":1280,"url":"https:\/\/blogs.uninter.edu.mx\/ehli\/wp-content\/uploads\/2022\/11\/im-storie-recogemos-los-frutos-de-nuestro-trabajo-para-la-conservacion-del-medio-ambiente-desktop.jpg","type":"image\/jpeg"}],"author":"mocampo","twitter_card":"summary_large_image","twitter_misc":{"Escrito por":"mocampo","Tiempo de lectura":"4 minutos"},"schema":{"@context":"https:\/\/schema.org","@graph":[{"@type":"Article","@id":"https:\/\/blogs.uninter.edu.mx\/ehli\/index.php\/2022\/12\/05\/importancia-de-incentivar-y-promover-el-periodismo-ambiental-comprometido-con-las-audiencias\/#article","isPartOf":{"@id":"https:\/\/blogs.uninter.edu.mx\/ehli\/index.php\/2022\/12\/05\/importancia-de-incentivar-y-promover-el-periodismo-ambiental-comprometido-con-las-audiencias\/"},"author":{"name":"mocampo","@id":"https:\/\/blogs.uninter.edu.mx\/ehli\/#\/schema\/person\/f9426d100dd7db1b2a0be67166f80826"},"headline":"Importancia de incentivar y promover el periodismo ambiental comprometido con las audiencias","datePublished":"2022-12-05T10:00:00+00:00","mainEntityOfPage":{"@id":"https:\/\/blogs.uninter.edu.mx\/ehli\/index.php\/2022\/12\/05\/importancia-de-incentivar-y-promover-el-periodismo-ambiental-comprometido-con-las-audiencias\/"},"wordCount":885,"commentCount":0,"image":{"@id":"https:\/\/blogs.uninter.edu.mx\/ehli\/index.php\/2022\/12\/05\/importancia-de-incentivar-y-promover-el-periodismo-ambiental-comprometido-con-las-audiencias\/#primaryimage"},"thumbnailUrl":"https:\/\/blogs.uninter.edu.mx\/ehli\/wp-content\/uploads\/2022\/11\/im-storie-recogemos-los-frutos-de-nuestro-trabajo-para-la-conservacion-del-medio-ambiente-desktop.jpg","keywords":["EHLI"],"articleSection":["Comunicaci\u00f3n","Lic. en Comunicaci\u00f3n","Lic. en Comunicaci\u00f3n","Lic. en Comunicaci\u00f3n y Relaciones P\u00fablicas","Lic. en Comunicaci\u00f3n y Relaciones P\u00fablicas"],"inLanguage":"es","potentialAction":[{"@type":"CommentAction","name":"Comment","target":["https:\/\/blogs.uninter.edu.mx\/ehli\/index.php\/2022\/12\/05\/importancia-de-incentivar-y-promover-el-periodismo-ambiental-comprometido-con-las-audiencias\/#respond"]}]},{"@type":"WebPage","@id":"https:\/\/blogs.uninter.edu.mx\/ehli\/index.php\/2022\/12\/05\/importancia-de-incentivar-y-promover-el-periodismo-ambiental-comprometido-con-las-audiencias\/","url":"https:\/\/blogs.uninter.edu.mx\/ehli\/index.php\/2022\/12\/05\/importancia-de-incentivar-y-promover-el-periodismo-ambiental-comprometido-con-las-audiencias\/","name":"Importancia de incentivar y promover el periodismo ambiental comprometido con las audiencias - EHLI","isPartOf":{"@id":"https:\/\/blogs.uninter.edu.mx\/ehli\/#website"},"primaryImageOfPage":{"@id":"https:\/\/blogs.uninter.edu.mx\/ehli\/index.php\/2022\/12\/05\/importancia-de-incentivar-y-promover-el-periodismo-ambiental-comprometido-con-las-audiencias\/#primaryimage"},"image":{"@id":"https:\/\/blogs.uninter.edu.mx\/ehli\/index.php\/2022\/12\/05\/importancia-de-incentivar-y-promover-el-periodismo-ambiental-comprometido-con-las-audiencias\/#primaryimage"},"thumbnailUrl":"https:\/\/blogs.uninter.edu.mx\/ehli\/wp-content\/uploads\/2022\/11\/im-storie-recogemos-los-frutos-de-nuestro-trabajo-para-la-conservacion-del-medio-ambiente-desktop.jpg","datePublished":"2022-12-05T10:00:00+00:00","author":{"@id":"https:\/\/blogs.uninter.edu.mx\/ehli\/#\/schema\/person\/f9426d100dd7db1b2a0be67166f80826"},"description":"\u00bfDeber\u00edan los medios de comunicaci\u00f3n tener una secci\u00f3n especializada en medioambiente\u00a0o, m\u00e1s bien, impregnar a las dem\u00e1s con enfoques verdes? Las dos van de la mano. \u201cEs importante el periodismo especializado, pero sin perder de vista que cualquier tipo de cobertura (econ\u00f3mica, pol\u00edtica o religiosa) puede tener un enfoque medioambiental\u201d, aclara Larena.\u00a0","breadcrumb":{"@id":"https:\/\/blogs.uninter.edu.mx\/ehli\/index.php\/2022\/12\/05\/importancia-de-incentivar-y-promover-el-periodismo-ambiental-comprometido-con-las-audiencias\/#breadcrumb"},"inLanguage":"es","potentialAction":[{"@type":"ReadAction","target":["https:\/\/blogs.uninter.edu.mx\/ehli\/index.php\/2022\/12\/05\/importancia-de-incentivar-y-promover-el-periodismo-ambiental-comprometido-con-las-audiencias\/"]}]},{"@type":"ImageObject","inLanguage":"es","@id":"https:\/\/blogs.uninter.edu.mx\/ehli\/index.php\/2022\/12\/05\/importancia-de-incentivar-y-promover-el-periodismo-ambiental-comprometido-con-las-audiencias\/#primaryimage","url":"https:\/\/blogs.uninter.edu.mx\/ehli\/wp-content\/uploads\/2022\/11\/im-storie-recogemos-los-frutos-de-nuestro-trabajo-para-la-conservacion-del-medio-ambiente-desktop.jpg","contentUrl":"https:\/\/blogs.uninter.edu.mx\/ehli\/wp-content\/uploads\/2022\/11\/im-storie-recogemos-los-frutos-de-nuestro-trabajo-para-la-conservacion-del-medio-ambiente-desktop.jpg","width":1920,"height":1280},{"@type":"BreadcrumbList","@id":"https:\/\/blogs.uninter.edu.mx\/ehli\/index.php\/2022\/12\/05\/importancia-de-incentivar-y-promover-el-periodismo-ambiental-comprometido-con-las-audiencias\/#breadcrumb","itemListElement":[{"@type":"ListItem","position":1,"name":"Inicio","item":"https:\/\/blogs.uninter.edu.mx\/ehli\/"},{"@type":"ListItem","position":2,"name":"Importancia de incentivar y promover el periodismo ambiental comprometido con las audiencias"}]},{"@type":"WebSite","@id":"https:\/\/blogs.uninter.edu.mx\/ehli\/#website","url":"https:\/\/blogs.uninter.edu.mx\/ehli\/","name":"EHLI","description":"UNINTER","potentialAction":[{"@type":"SearchAction","target":{"@type":"EntryPoint","urlTemplate":"https:\/\/blogs.uninter.edu.mx\/ehli\/?s={search_term_string}"},"query-input":{"@type":"PropertyValueSpecification","valueRequired":true,"valueName":"search_term_string"}}],"inLanguage":"es"},{"@type":"Person","@id":"https:\/\/blogs.uninter.edu.mx\/ehli\/#\/schema\/person\/f9426d100dd7db1b2a0be67166f80826","name":"mocampo","image":{"@type":"ImageObject","inLanguage":"es","@id":"https:\/\/secure.gravatar.com\/avatar\/486a87ae86777f2d04f69759eb0a12f435703bd96e4bccfcbe628cd8a4b836c9?s=96&d=mm&r=g","url":"https:\/\/secure.gravatar.com\/avatar\/486a87ae86777f2d04f69759eb0a12f435703bd96e4bccfcbe628cd8a4b836c9?s=96&d=mm&r=g","contentUrl":"https:\/\/secure.gravatar.com\/avatar\/486a87ae86777f2d04f69759eb0a12f435703bd96e4bccfcbe628cd8a4b836c9?s=96&d=mm&r=g","caption":"mocampo"},"url":"https:\/\/blogs.uninter.edu.mx\/ehli\/index.php\/author\/mocampo\/"}]}},"jetpack_featured_media_url":"https:\/\/blogs.uninter.edu.mx\/ehli\/wp-content\/uploads\/2022\/11\/im-storie-recogemos-los-frutos-de-nuestro-trabajo-para-la-conservacion-del-medio-ambiente-desktop.jpg","_links":{"self":[{"href":"https:\/\/blogs.uninter.edu.mx\/ehli\/index.php\/wp-json\/wp\/v2\/posts\/7805","targetHints":{"allow":["GET"]}}],"collection":[{"href":"https:\/\/blogs.uninter.edu.mx\/ehli\/index.php\/wp-json\/wp\/v2\/posts"}],"about":[{"href":"https:\/\/blogs.uninter.edu.mx\/ehli\/index.php\/wp-json\/wp\/v2\/types\/post"}],"author":[{"embeddable":true,"href":"https:\/\/blogs.uninter.edu.mx\/ehli\/index.php\/wp-json\/wp\/v2\/users\/28"}],"replies":[{"embeddable":true,"href":"https:\/\/blogs.uninter.edu.mx\/ehli\/index.php\/wp-json\/wp\/v2\/comments?post=7805"}],"version-history":[{"count":1,"href":"https:\/\/blogs.uninter.edu.mx\/ehli\/index.php\/wp-json\/wp\/v2\/posts\/7805\/revisions"}],"predecessor-version":[{"id":7807,"href":"https:\/\/blogs.uninter.edu.mx\/ehli\/index.php\/wp-json\/wp\/v2\/posts\/7805\/revisions\/7807"}],"wp:featuredmedia":[{"embeddable":true,"href":"https:\/\/blogs.uninter.edu.mx\/ehli\/index.php\/wp-json\/wp\/v2\/media\/7806"}],"wp:attachment":[{"href":"https:\/\/blogs.uninter.edu.mx\/ehli\/index.php\/wp-json\/wp\/v2\/media?parent=7805"}],"wp:term":[{"taxonomy":"category","embeddable":true,"href":"https:\/\/blogs.uninter.edu.mx\/ehli\/index.php\/wp-json\/wp\/v2\/categories?post=7805"},{"taxonomy":"post_tag","embeddable":true,"href":"https:\/\/blogs.uninter.edu.mx\/ehli\/index.php\/wp-json\/wp\/v2\/tags?post=7805"}],"curies":[{"name":"wp","href":"https:\/\/api.w.org\/{rel}","templated":true}]}}