{"id":8368,"date":"2023-06-08T22:29:09","date_gmt":"2023-06-08T22:29:09","guid":{"rendered":"https:\/\/blogs.uninter.edu.mx\/ehli\/?p=8368"},"modified":"2023-06-09T16:21:50","modified_gmt":"2023-06-09T16:21:50","slug":"reconocimiento-de-honor-al-maestro-2022","status":"publish","type":"post","link":"https:\/\/blogs.uninter.edu.mx\/ehli\/index.php\/2023\/06\/08\/reconocimiento-de-honor-al-maestro-2022\/","title":{"rendered":"Reconocimiento de Honor al Maestro 2022"},"content":{"rendered":"\n<p>Es el supremo arte del maestro despertar la curiosidad en la expresi\u00f3n creativa y conocimiento.<\/p>\n\n\n\n<p class=\"has-text-align-right\">Albert Einstein<\/p>\n\n\n\n<p>El docente actual, debe estar consciente de que pertenece a una sociedad del conocimiento que exige una cantidad de competencias a desarrollar con los estudiantes para poder ampliar las clases y actividades, logrando cambios precisos, como tener claro que son un ejemplo a seguir, por lo que el trabajar y crear ambientes de aprendizajes significativos augura un involucramiento y desarrollo de competencias dentro y fuera de la escuela.<\/p>\n\n\n\n<p>Por lo tanto, los profesores no deben limitarse a cumplir su rol dentro del aula de clases, sino preparar a sus estudiantes con las herramientas necesarias para enfrentar el futuro y ayudarlos a comprender los problemas actuales desde una visi\u00f3n m\u00e1s integral. <\/p>\n\n\n\n<p>La docencia es una profesi\u00f3n que debe y merece ser ejercida con mucha responsabilidad y compromiso. <\/p>\n\n\n\n<p>Ejemplo de ello, son los docentes que recibieron el Reconocimiento de Honor del Maestro 2022 que otorga la Universidad Internacional por lograr las mejores evaluaciones de los alumnos en sus diferentes \u00e1reas de conocimiento, Dra. Citlalli D\u00edaz Galeana quien imparte materias en los Programas de Posgrado en Humanidades <a href=\"https:\/\/posgrados.uninter.edu.mx\/\">https:\/\/posgrados.uninter.edu.mx\/<\/a> , obtiene la mejor evaluaci\u00f3n de sus estudiantes de la <a href=\"https:\/\/posgrados.uninter.edu.mx\/Esp-Relaciones-Mercantiles\">Especialidad en Relaciones Mercantiles Internacionales<\/a> (ERMI)  <\/p>\n\n\n<div class=\"wp-block-image\">\n<figure class=\"aligncenter size-full is-resized\"><img loading=\"lazy\" decoding=\"async\" src=\"https:\/\/blogs.uninter.edu.mx\/ehli\/wp-content\/uploads\/2023\/06\/Dra.-Citlalli-Diaz.jpg\" alt=\"\" class=\"wp-image-8369\" width=\"192\" height=\"341\"\/><figcaption class=\"wp-element-caption\">Doctora Citlalli D\u00edaz Galeana<\/figcaption><\/figure>\n<\/div>\n\n\n<p>Asimismo, en el \u00e1rea de la ense\u00f1anza del <a href=\"https:\/\/spanishschool.uninter.edu.mx\/\">espa\u00f1ol<\/a> como segunda lengua, el Mtro. Jos\u00e9 Ortega V\u00e1zquez obtiene la mejor evaluaci\u00f3n de sus estudiantes extranjeros de una L2 en el Departamento Acad\u00e9mico de Espa\u00f1ol. <\/p>\n\n\n<div class=\"wp-block-image\">\n<figure class=\"aligncenter size-full is-resized\"><img loading=\"lazy\" decoding=\"async\" src=\"https:\/\/blogs.uninter.edu.mx\/ehli\/wp-content\/uploads\/2023\/06\/Mtro.-Jose-Ortega-1.jpg\" alt=\"\" class=\"wp-image-8371\" width=\"204\" height=\"254\"\/><figcaption class=\"wp-element-caption\">Mtro. Jos\u00e9 Ortega V\u00e1zquez<\/figcaption><\/figure>\n<\/div>\n\n\n<p class=\"has-text-align-center\">\u00a1Muchas Felicidades maestros!<\/p>\n\n\n\n<p><\/p>\n","protected":false},"excerpt":{"rendered":"<p>Es el supremo arte del maestro despertar la curiosidad en la expresi\u00f3n creativa y conocimiento. Albert Einstein El docente actual, debe estar consciente de que pertenece a una sociedad del conocimiento que exige una cantidad de competencias a desarrollar con los estudiantes para poder ampliar las clases y actividades, logrando cambios precisos, como tener claro&hellip;<\/p>\n","protected":false},"author":7,"featured_media":8369,"comment_status":"open","ping_status":"open","sticky":false,"template":"","format":"standard","meta":{"rop_custom_images_group":[],"rop_custom_messages_group":[],"rop_publish_now":"initial","rop_publish_now_accounts":[],"rop_publish_now_history":[],"rop_publish_now_status":"pending","footnotes":""},"categories":[14,15,122,20,17,19,140,73,313],"tags":[],"class_list":["post-8368","post","type-post","status-publish","format-standard","has-post-thumbnail","hentry","category-actividades-de-posgrados","category-epu","category-especialidad-en-publicidad","category-ermi","category-mefd","category-mele","category-maestria-en-ensenanza-de-lenguas","category-maestria-en-ensenanza-del-espanol-como-lengua-extranjera","category-posgrado"],"yoast_head":"<!-- This site is optimized with the Yoast SEO plugin v27.4 - https:\/\/yoast.com\/product\/yoast-seo-wordpress\/ -->\r\n<title>Reconocimiento de Honor al Maestro 2022 - EHLI<\/title>\r\n<meta name=\"robots\" content=\"index, follow, max-snippet:-1, max-image-preview:large, max-video-preview:-1\" \/>\r\n<link rel=\"canonical\" href=\"https:\/\/blogs.uninter.edu.mx\/ehli\/index.php\/2023\/06\/08\/reconocimiento-de-honor-al-maestro-2022\/\" \/>\r\n<meta property=\"og:locale\" content=\"es_MX\" \/>\r\n<meta property=\"og:type\" content=\"article\" \/>\r\n<meta property=\"og:title\" content=\"Reconocimiento de Honor al Maestro 2022 - EHLI\" \/>\r\n<meta property=\"og:description\" content=\"Es el supremo arte del maestro despertar la curiosidad en la expresi\u00f3n creativa y conocimiento. Albert Einstein El docente actual, debe estar consciente de que pertenece a una sociedad del conocimiento que exige una cantidad de competencias a desarrollar con los estudiantes para poder ampliar las clases y actividades, logrando cambios precisos, como tener claro&hellip;\" \/>\r\n<meta property=\"og:url\" content=\"https:\/\/blogs.uninter.edu.mx\/ehli\/index.php\/2023\/06\/08\/reconocimiento-de-honor-al-maestro-2022\/\" \/>\r\n<meta property=\"og:site_name\" content=\"EHLI\" \/>\r\n<meta property=\"article:published_time\" content=\"2023-06-08T22:29:09+00:00\" \/>\r\n<meta property=\"article:modified_time\" content=\"2023-06-09T16:21:50+00:00\" \/>\r\n<meta property=\"og:image\" content=\"https:\/\/blogs.uninter.edu.mx\/ehli\/wp-content\/uploads\/2023\/06\/Dra.-Citlalli-Diaz.jpg\" \/>\r\n\t<meta property=\"og:image:width\" content=\"720\" \/>\r\n\t<meta property=\"og:image:height\" content=\"1280\" \/>\r\n\t<meta property=\"og:image:type\" content=\"image\/jpeg\" \/>\r\n<meta name=\"author\" content=\"Patricia Martinez\" \/>\r\n<meta name=\"twitter:card\" content=\"summary_large_image\" \/>\r\n<meta name=\"twitter:label1\" content=\"Escrito por\" \/>\n\t<meta name=\"twitter:data1\" content=\"Patricia Martinez\" \/>\n\t<meta name=\"twitter:label2\" content=\"Tiempo de lectura\" \/>\n\t<meta name=\"twitter:data2\" content=\"2 minutos\" \/>\r\n<script type=\"application\/ld+json\" class=\"yoast-schema-graph\">{\"@context\":\"https:\\\/\\\/schema.org\",\"@graph\":[{\"@type\":\"Article\",\"@id\":\"https:\\\/\\\/blogs.uninter.edu.mx\\\/ehli\\\/index.php\\\/2023\\\/06\\\/08\\\/reconocimiento-de-honor-al-maestro-2022\\\/#article\",\"isPartOf\":{\"@id\":\"https:\\\/\\\/blogs.uninter.edu.mx\\\/ehli\\\/index.php\\\/2023\\\/06\\\/08\\\/reconocimiento-de-honor-al-maestro-2022\\\/\"},\"author\":{\"name\":\"Patricia Martinez\",\"@id\":\"https:\\\/\\\/blogs.uninter.edu.mx\\\/ehli\\\/#\\\/schema\\\/person\\\/5d7752491b542fab2810f8a0e3050338\"},\"headline\":\"Reconocimiento de Honor al Maestro 2022\",\"datePublished\":\"2023-06-08T22:29:09+00:00\",\"dateModified\":\"2023-06-09T16:21:50+00:00\",\"mainEntityOfPage\":{\"@id\":\"https:\\\/\\\/blogs.uninter.edu.mx\\\/ehli\\\/index.php\\\/2023\\\/06\\\/08\\\/reconocimiento-de-honor-al-maestro-2022\\\/\"},\"wordCount\":274,\"commentCount\":0,\"image\":{\"@id\":\"https:\\\/\\\/blogs.uninter.edu.mx\\\/ehli\\\/index.php\\\/2023\\\/06\\\/08\\\/reconocimiento-de-honor-al-maestro-2022\\\/#primaryimage\"},\"thumbnailUrl\":\"https:\\\/\\\/blogs.uninter.edu.mx\\\/ehli\\\/wp-content\\\/uploads\\\/2023\\\/06\\\/Dra.-Citlalli-Diaz.jpg\",\"articleSection\":[\"Actividades de Posgrados\",\"Especialidad en Publicidad\",\"Especialidad en Publicidad\",\"Especialidad en Relaciones Mercantiles Internacionales\",\"Maestr\u00eda en Educaci\u00f3n en Formaci\u00f3n Docente\",\"Maestr\u00eda en Ense\u00f1anza de Leguas Extranjeras\",\"Maestr\u00eda en Ense\u00f1anza de Lenguas\",\"Maestr\u00eda en Ense\u00f1anza del Espa\u00f1ol como Lengua Extranjera\",\"Posgrado\"],\"inLanguage\":\"es\",\"potentialAction\":[{\"@type\":\"CommentAction\",\"name\":\"Comment\",\"target\":[\"https:\\\/\\\/blogs.uninter.edu.mx\\\/ehli\\\/index.php\\\/2023\\\/06\\\/08\\\/reconocimiento-de-honor-al-maestro-2022\\\/#respond\"]}]},{\"@type\":\"WebPage\",\"@id\":\"https:\\\/\\\/blogs.uninter.edu.mx\\\/ehli\\\/index.php\\\/2023\\\/06\\\/08\\\/reconocimiento-de-honor-al-maestro-2022\\\/\",\"url\":\"https:\\\/\\\/blogs.uninter.edu.mx\\\/ehli\\\/index.php\\\/2023\\\/06\\\/08\\\/reconocimiento-de-honor-al-maestro-2022\\\/\",\"name\":\"Reconocimiento de Honor al Maestro 2022 - EHLI\",\"isPartOf\":{\"@id\":\"https:\\\/\\\/blogs.uninter.edu.mx\\\/ehli\\\/#website\"},\"primaryImageOfPage\":{\"@id\":\"https:\\\/\\\/blogs.uninter.edu.mx\\\/ehli\\\/index.php\\\/2023\\\/06\\\/08\\\/reconocimiento-de-honor-al-maestro-2022\\\/#primaryimage\"},\"image\":{\"@id\":\"https:\\\/\\\/blogs.uninter.edu.mx\\\/ehli\\\/index.php\\\/2023\\\/06\\\/08\\\/reconocimiento-de-honor-al-maestro-2022\\\/#primaryimage\"},\"thumbnailUrl\":\"https:\\\/\\\/blogs.uninter.edu.mx\\\/ehli\\\/wp-content\\\/uploads\\\/2023\\\/06\\\/Dra.-Citlalli-Diaz.jpg\",\"datePublished\":\"2023-06-08T22:29:09+00:00\",\"dateModified\":\"2023-06-09T16:21:50+00:00\",\"author\":{\"@id\":\"https:\\\/\\\/blogs.uninter.edu.mx\\\/ehli\\\/#\\\/schema\\\/person\\\/5d7752491b542fab2810f8a0e3050338\"},\"breadcrumb\":{\"@id\":\"https:\\\/\\\/blogs.uninter.edu.mx\\\/ehli\\\/index.php\\\/2023\\\/06\\\/08\\\/reconocimiento-de-honor-al-maestro-2022\\\/#breadcrumb\"},\"inLanguage\":\"es\",\"potentialAction\":[{\"@type\":\"ReadAction\",\"target\":[\"https:\\\/\\\/blogs.uninter.edu.mx\\\/ehli\\\/index.php\\\/2023\\\/06\\\/08\\\/reconocimiento-de-honor-al-maestro-2022\\\/\"]}]},{\"@type\":\"ImageObject\",\"inLanguage\":\"es\",\"@id\":\"https:\\\/\\\/blogs.uninter.edu.mx\\\/ehli\\\/index.php\\\/2023\\\/06\\\/08\\\/reconocimiento-de-honor-al-maestro-2022\\\/#primaryimage\",\"url\":\"https:\\\/\\\/blogs.uninter.edu.mx\\\/ehli\\\/wp-content\\\/uploads\\\/2023\\\/06\\\/Dra.-Citlalli-Diaz.jpg\",\"contentUrl\":\"https:\\\/\\\/blogs.uninter.edu.mx\\\/ehli\\\/wp-content\\\/uploads\\\/2023\\\/06\\\/Dra.-Citlalli-Diaz.jpg\",\"width\":720,\"height\":1280},{\"@type\":\"BreadcrumbList\",\"@id\":\"https:\\\/\\\/blogs.uninter.edu.mx\\\/ehli\\\/index.php\\\/2023\\\/06\\\/08\\\/reconocimiento-de-honor-al-maestro-2022\\\/#breadcrumb\",\"itemListElement\":[{\"@type\":\"ListItem\",\"position\":1,\"name\":\"Inicio\",\"item\":\"https:\\\/\\\/blogs.uninter.edu.mx\\\/ehli\\\/\"},{\"@type\":\"ListItem\",\"position\":2,\"name\":\"Reconocimiento de Honor al Maestro 2022\"}]},{\"@type\":\"WebSite\",\"@id\":\"https:\\\/\\\/blogs.uninter.edu.mx\\\/ehli\\\/#website\",\"url\":\"https:\\\/\\\/blogs.uninter.edu.mx\\\/ehli\\\/\",\"name\":\"EHLI\",\"description\":\"UNINTER\",\"potentialAction\":[{\"@type\":\"SearchAction\",\"target\":{\"@type\":\"EntryPoint\",\"urlTemplate\":\"https:\\\/\\\/blogs.uninter.edu.mx\\\/ehli\\\/?s={search_term_string}\"},\"query-input\":{\"@type\":\"PropertyValueSpecification\",\"valueRequired\":true,\"valueName\":\"search_term_string\"}}],\"inLanguage\":\"es\"},{\"@type\":\"Person\",\"@id\":\"https:\\\/\\\/blogs.uninter.edu.mx\\\/ehli\\\/#\\\/schema\\\/person\\\/5d7752491b542fab2810f8a0e3050338\",\"name\":\"Patricia Martinez\",\"image\":{\"@type\":\"ImageObject\",\"inLanguage\":\"es\",\"@id\":\"https:\\\/\\\/secure.gravatar.com\\\/avatar\\\/eeabf6246e9ff701593fcb12aed4d3de4d37879dcc2e909930b321ca658e96f8?s=96&d=mm&r=g\",\"url\":\"https:\\\/\\\/secure.gravatar.com\\\/avatar\\\/eeabf6246e9ff701593fcb12aed4d3de4d37879dcc2e909930b321ca658e96f8?s=96&d=mm&r=g\",\"contentUrl\":\"https:\\\/\\\/secure.gravatar.com\\\/avatar\\\/eeabf6246e9ff701593fcb12aed4d3de4d37879dcc2e909930b321ca658e96f8?s=96&d=mm&r=g\",\"caption\":\"Patricia Martinez\"},\"url\":\"https:\\\/\\\/blogs.uninter.edu.mx\\\/ehli\\\/index.php\\\/author\\\/pmartinez\\\/\"}]}<\/script>\r\n<!-- \/ Yoast SEO plugin. -->","yoast_head_json":{"title":"Reconocimiento de Honor al Maestro 2022 - EHLI","robots":{"index":"index","follow":"follow","max-snippet":"max-snippet:-1","max-image-preview":"max-image-preview:large","max-video-preview":"max-video-preview:-1"},"canonical":"https:\/\/blogs.uninter.edu.mx\/ehli\/index.php\/2023\/06\/08\/reconocimiento-de-honor-al-maestro-2022\/","og_locale":"es_MX","og_type":"article","og_title":"Reconocimiento de Honor al Maestro 2022 - EHLI","og_description":"Es el supremo arte del maestro despertar la curiosidad en la expresi\u00f3n creativa y conocimiento. Albert Einstein El docente actual, debe estar consciente de que pertenece a una sociedad del conocimiento que exige una cantidad de competencias a desarrollar con los estudiantes para poder ampliar las clases y actividades, logrando cambios precisos, como tener claro&hellip;","og_url":"https:\/\/blogs.uninter.edu.mx\/ehli\/index.php\/2023\/06\/08\/reconocimiento-de-honor-al-maestro-2022\/","og_site_name":"EHLI","article_published_time":"2023-06-08T22:29:09+00:00","article_modified_time":"2023-06-09T16:21:50+00:00","og_image":[{"width":720,"height":1280,"url":"https:\/\/blogs.uninter.edu.mx\/ehli\/wp-content\/uploads\/2023\/06\/Dra.-Citlalli-Diaz.jpg","type":"image\/jpeg"}],"author":"Patricia Martinez","twitter_card":"summary_large_image","twitter_misc":{"Escrito por":"Patricia Martinez","Tiempo de lectura":"2 minutos"},"schema":{"@context":"https:\/\/schema.org","@graph":[{"@type":"Article","@id":"https:\/\/blogs.uninter.edu.mx\/ehli\/index.php\/2023\/06\/08\/reconocimiento-de-honor-al-maestro-2022\/#article","isPartOf":{"@id":"https:\/\/blogs.uninter.edu.mx\/ehli\/index.php\/2023\/06\/08\/reconocimiento-de-honor-al-maestro-2022\/"},"author":{"name":"Patricia Martinez","@id":"https:\/\/blogs.uninter.edu.mx\/ehli\/#\/schema\/person\/5d7752491b542fab2810f8a0e3050338"},"headline":"Reconocimiento de Honor al Maestro 2022","datePublished":"2023-06-08T22:29:09+00:00","dateModified":"2023-06-09T16:21:50+00:00","mainEntityOfPage":{"@id":"https:\/\/blogs.uninter.edu.mx\/ehli\/index.php\/2023\/06\/08\/reconocimiento-de-honor-al-maestro-2022\/"},"wordCount":274,"commentCount":0,"image":{"@id":"https:\/\/blogs.uninter.edu.mx\/ehli\/index.php\/2023\/06\/08\/reconocimiento-de-honor-al-maestro-2022\/#primaryimage"},"thumbnailUrl":"https:\/\/blogs.uninter.edu.mx\/ehli\/wp-content\/uploads\/2023\/06\/Dra.-Citlalli-Diaz.jpg","articleSection":["Actividades de Posgrados","Especialidad en Publicidad","Especialidad en Publicidad","Especialidad en Relaciones Mercantiles Internacionales","Maestr\u00eda en Educaci\u00f3n en Formaci\u00f3n Docente","Maestr\u00eda en Ense\u00f1anza de Leguas Extranjeras","Maestr\u00eda en Ense\u00f1anza de Lenguas","Maestr\u00eda en Ense\u00f1anza del Espa\u00f1ol como Lengua Extranjera","Posgrado"],"inLanguage":"es","potentialAction":[{"@type":"CommentAction","name":"Comment","target":["https:\/\/blogs.uninter.edu.mx\/ehli\/index.php\/2023\/06\/08\/reconocimiento-de-honor-al-maestro-2022\/#respond"]}]},{"@type":"WebPage","@id":"https:\/\/blogs.uninter.edu.mx\/ehli\/index.php\/2023\/06\/08\/reconocimiento-de-honor-al-maestro-2022\/","url":"https:\/\/blogs.uninter.edu.mx\/ehli\/index.php\/2023\/06\/08\/reconocimiento-de-honor-al-maestro-2022\/","name":"Reconocimiento de Honor al Maestro 2022 - EHLI","isPartOf":{"@id":"https:\/\/blogs.uninter.edu.mx\/ehli\/#website"},"primaryImageOfPage":{"@id":"https:\/\/blogs.uninter.edu.mx\/ehli\/index.php\/2023\/06\/08\/reconocimiento-de-honor-al-maestro-2022\/#primaryimage"},"image":{"@id":"https:\/\/blogs.uninter.edu.mx\/ehli\/index.php\/2023\/06\/08\/reconocimiento-de-honor-al-maestro-2022\/#primaryimage"},"thumbnailUrl":"https:\/\/blogs.uninter.edu.mx\/ehli\/wp-content\/uploads\/2023\/06\/Dra.-Citlalli-Diaz.jpg","datePublished":"2023-06-08T22:29:09+00:00","dateModified":"2023-06-09T16:21:50+00:00","author":{"@id":"https:\/\/blogs.uninter.edu.mx\/ehli\/#\/schema\/person\/5d7752491b542fab2810f8a0e3050338"},"breadcrumb":{"@id":"https:\/\/blogs.uninter.edu.mx\/ehli\/index.php\/2023\/06\/08\/reconocimiento-de-honor-al-maestro-2022\/#breadcrumb"},"inLanguage":"es","potentialAction":[{"@type":"ReadAction","target":["https:\/\/blogs.uninter.edu.mx\/ehli\/index.php\/2023\/06\/08\/reconocimiento-de-honor-al-maestro-2022\/"]}]},{"@type":"ImageObject","inLanguage":"es","@id":"https:\/\/blogs.uninter.edu.mx\/ehli\/index.php\/2023\/06\/08\/reconocimiento-de-honor-al-maestro-2022\/#primaryimage","url":"https:\/\/blogs.uninter.edu.mx\/ehli\/wp-content\/uploads\/2023\/06\/Dra.-Citlalli-Diaz.jpg","contentUrl":"https:\/\/blogs.uninter.edu.mx\/ehli\/wp-content\/uploads\/2023\/06\/Dra.-Citlalli-Diaz.jpg","width":720,"height":1280},{"@type":"BreadcrumbList","@id":"https:\/\/blogs.uninter.edu.mx\/ehli\/index.php\/2023\/06\/08\/reconocimiento-de-honor-al-maestro-2022\/#breadcrumb","itemListElement":[{"@type":"ListItem","position":1,"name":"Inicio","item":"https:\/\/blogs.uninter.edu.mx\/ehli\/"},{"@type":"ListItem","position":2,"name":"Reconocimiento de Honor al Maestro 2022"}]},{"@type":"WebSite","@id":"https:\/\/blogs.uninter.edu.mx\/ehli\/#website","url":"https:\/\/blogs.uninter.edu.mx\/ehli\/","name":"EHLI","description":"UNINTER","potentialAction":[{"@type":"SearchAction","target":{"@type":"EntryPoint","urlTemplate":"https:\/\/blogs.uninter.edu.mx\/ehli\/?s={search_term_string}"},"query-input":{"@type":"PropertyValueSpecification","valueRequired":true,"valueName":"search_term_string"}}],"inLanguage":"es"},{"@type":"Person","@id":"https:\/\/blogs.uninter.edu.mx\/ehli\/#\/schema\/person\/5d7752491b542fab2810f8a0e3050338","name":"Patricia Martinez","image":{"@type":"ImageObject","inLanguage":"es","@id":"https:\/\/secure.gravatar.com\/avatar\/eeabf6246e9ff701593fcb12aed4d3de4d37879dcc2e909930b321ca658e96f8?s=96&d=mm&r=g","url":"https:\/\/secure.gravatar.com\/avatar\/eeabf6246e9ff701593fcb12aed4d3de4d37879dcc2e909930b321ca658e96f8?s=96&d=mm&r=g","contentUrl":"https:\/\/secure.gravatar.com\/avatar\/eeabf6246e9ff701593fcb12aed4d3de4d37879dcc2e909930b321ca658e96f8?s=96&d=mm&r=g","caption":"Patricia Martinez"},"url":"https:\/\/blogs.uninter.edu.mx\/ehli\/index.php\/author\/pmartinez\/"}]}},"jetpack_featured_media_url":"https:\/\/blogs.uninter.edu.mx\/ehli\/wp-content\/uploads\/2023\/06\/Dra.-Citlalli-Diaz.jpg","_links":{"self":[{"href":"https:\/\/blogs.uninter.edu.mx\/ehli\/index.php\/wp-json\/wp\/v2\/posts\/8368","targetHints":{"allow":["GET"]}}],"collection":[{"href":"https:\/\/blogs.uninter.edu.mx\/ehli\/index.php\/wp-json\/wp\/v2\/posts"}],"about":[{"href":"https:\/\/blogs.uninter.edu.mx\/ehli\/index.php\/wp-json\/wp\/v2\/types\/post"}],"author":[{"embeddable":true,"href":"https:\/\/blogs.uninter.edu.mx\/ehli\/index.php\/wp-json\/wp\/v2\/users\/7"}],"replies":[{"embeddable":true,"href":"https:\/\/blogs.uninter.edu.mx\/ehli\/index.php\/wp-json\/wp\/v2\/comments?post=8368"}],"version-history":[{"count":5,"href":"https:\/\/blogs.uninter.edu.mx\/ehli\/index.php\/wp-json\/wp\/v2\/posts\/8368\/revisions"}],"predecessor-version":[{"id":8383,"href":"https:\/\/blogs.uninter.edu.mx\/ehli\/index.php\/wp-json\/wp\/v2\/posts\/8368\/revisions\/8383"}],"wp:featuredmedia":[{"embeddable":true,"href":"https:\/\/blogs.uninter.edu.mx\/ehli\/index.php\/wp-json\/wp\/v2\/media\/8369"}],"wp:attachment":[{"href":"https:\/\/blogs.uninter.edu.mx\/ehli\/index.php\/wp-json\/wp\/v2\/media?parent=8368"}],"wp:term":[{"taxonomy":"category","embeddable":true,"href":"https:\/\/blogs.uninter.edu.mx\/ehli\/index.php\/wp-json\/wp\/v2\/categories?post=8368"},{"taxonomy":"post_tag","embeddable":true,"href":"https:\/\/blogs.uninter.edu.mx\/ehli\/index.php\/wp-json\/wp\/v2\/tags?post=8368"}],"curies":[{"name":"wp","href":"https:\/\/api.w.org\/{rel}","templated":true}]}}