{"id":8397,"date":"2023-06-19T10:00:00","date_gmt":"2023-06-19T10:00:00","guid":{"rendered":"https:\/\/blogs.uninter.edu.mx\/ehli\/?p=8397"},"modified":"2023-06-12T17:54:04","modified_gmt":"2023-06-12T17:54:04","slug":"la-animacion-aplicada-a-la-comunicacion","status":"publish","type":"post","link":"https:\/\/blogs.uninter.edu.mx\/ehli\/index.php\/2023\/06\/19\/la-animacion-aplicada-a-la-comunicacion\/","title":{"rendered":"La animaci\u00f3n aplicada a la comunicaci\u00f3n"},"content":{"rendered":"\n<p>\u00bfPor qu\u00e9 necesito saber sobre teor\u00eda de la comunicaci\u00f3n para la Licenciatura en Animaci\u00f3n?<\/p>\n\n\n\n<figure class=\"wp-block-image size-full\"><img loading=\"lazy\" decoding=\"async\" width=\"1024\" height=\"576\" src=\"https:\/\/blogs.uninter.edu.mx\/ehli\/wp-content\/uploads\/2023\/06\/Animacion.jpg\" alt=\"\" class=\"wp-image-8410\"\/><\/figure>\n\n\n\n<p><\/p>\n\n\n\n<p class=\"has-text-align-justify\" id=\"187d\">La animaci\u00f3n es la creaci\u00f3n de una secuencia de im\u00e1genes que, al ser mostradas de forma consecutiva, se logra generar un movimiento que es percibido y cre\u00edble para nuestro cerebro. Sin embargo, la animaci\u00f3n es mucho m\u00e1s que eso; pues, actualmente, este medio est\u00e1 siendo utilizado en diversos campos de la comunicaci\u00f3n por su eficacia para compartir informaci\u00f3n de manera visual.<\/p>\n\n\n\n<p class=\"has-text-align-justify\" id=\"445d\">Como seres humanos, tenemos la necesidad de comunicarnos con nuestro entorno, ya sea para expresar sentimientos y emociones o informar sobre un tema u idea. En la actualidad, debido a los exponenciales avances tecnol\u00f3gicos y la cantidad de informaci\u00f3n en la nube, se ha vuelto muy recurrente la comunicaci\u00f3n audiovisual, la cual incluye la animaci\u00f3n.<\/p>\n\n\n\n<p class=\"has-text-align-justify\" id=\"71d0\">Esta \u00faltima es utilizada ya que trae condigo grandes ventajas como su f\u00e1cil comprensi\u00f3n y versatilidad, sin embargo ser\u00eda conveniente empezar con una definici\u00f3n. Como se\u00f1ala Joan Font \u201cuna animaci\u00f3n es una sucesi\u00f3n de dibujos o im\u00e1genes a trav\u00e9s de la cual la escena, el punto de vista o ambas cosas se van modificando\u201d (s.f, p.4).<\/p>\n\n\n\n<p class=\"has-text-align-justify\" id=\"46a0\">La animaci\u00f3n es una herramienta muy utilizada por el medio pues representa cada aspecto de nuestra realidad. Por eso, la cultura popular la emplea en la comunicaci\u00f3n con el fin de expresar un pensar u opini\u00f3n com\u00fan adem\u00e1s de incentivar a a comunidad de participar del proceso de su desarrollo como sociedad. (G\u00f3mez, s.f).<\/p>\n\n\n\n<p class=\"has-text-align-justify\" id=\"070f\">El contenido animado te puede servir y ser muy beneficio para lo que quieras transmitir a tu p\u00fablico, por las siguientes razones:<\/p>\n\n\n\n<h1 class=\"wp-block-heading\" id=\"862e\">Llaman la atenci\u00f3n del espectador<\/h1>\n\n\n\n<p id=\"dd53\">Las animaciones se caracterizan por ser simples, coloridas y en movimiento; de esta manera, el espectador se siente c\u00f3modo en ellas y es atra\u00eddo por su lenguaje din\u00e1mico.<\/p>\n\n\n\n<p id=\"206b\">Por ejemplo, este video en&nbsp;<em>stop-motion<\/em>, animaci\u00f3n fotograma a fotograma para fingir movimiento en los objetos, muestra sin la necesidad de usar palabras las herramientas y beneficios de la aplicaci\u00f3n&nbsp;<strong>Google-Street View,&nbsp;<\/strong>haciendo que al publico le parezca entretenida y creativa.<\/p>\n\n\n\n<figure class=\"wp-block-image size-full\"><img loading=\"lazy\" decoding=\"async\" width=\"640\" height=\"360\" src=\"https:\/\/blogs.uninter.edu.mx\/ehli\/wp-content\/uploads\/2023\/06\/image-6.png\" alt=\"\" class=\"wp-image-8402\"\/><\/figure>\n\n\n\n<h1 class=\"wp-block-heading\" id=\"ffb7\">Son f\u00e1ciles de entender<\/h1>\n\n\n\n<p id=\"28be\">Justamente por su simplicidad es que permite compartir informaciones complejas de una forma m\u00e1s sencilla y sint\u00e9tica, lo cual ayuda a que el p\u00fablico logre captar r\u00e1pidamente el mensaje.<\/p>\n\n\n\n<p id=\"2ae7\">Un claro ejemplo de esta ventaja, es este&nbsp;<em>motion graphic,&nbsp;<\/em>tipo de animaci\u00f3n que combina dise\u00f1o, fotograf\u00eda, video y audio a trav\u00e9s del movimiento, en el que se ilustra de manera clara el colapso del mercado inmobiliario en los Estados Unidos.<\/p>\n\n\n\n<figure class=\"wp-block-image size-full\"><img loading=\"lazy\" decoding=\"async\" width=\"480\" height=\"268\" src=\"https:\/\/blogs.uninter.edu.mx\/ehli\/wp-content\/uploads\/2023\/06\/image-5.png\" alt=\"\" class=\"wp-image-8401\"\/><\/figure>\n\n\n\n<h1 class=\"wp-block-heading\" id=\"a221\">Son muy \u00fatiles para cualquier cosa<\/h1>\n\n\n\n<p id=\"1a35\">Muchos tienden a creer que este medio solo sirve para el mundo cinematogr\u00e1fico; pero en realidad, la animaci\u00f3n resulta ser un medio muy valioso si lo que se quiere es crear un video publicitario, explicativo o corporativo para darte a conocer y atraer a tu p\u00fablico.<\/p>\n\n\n\n<p id=\"8a00\">Como muestra de eso, esta este video animado en 3D, el cual en solo 30 segundos muestra una entretenida y est\u00e9tica propaganda sobre el lanzamiento de la nueva cafetera de la marca&nbsp;<strong>Nescaf\u00e9<\/strong>.<\/p>\n\n\n\n<figure class=\"wp-block-image\"><img decoding=\"async\" src=\"https:\/\/miro.medium.com\/v2\/resize:fit:640\/1*_EeU1draeQvQ9HetcMatrQ.gif\" alt=\"\"\/><\/figure>\n\n\n\n<p><strong>Nescaf\u00e9 Dolce Gusto<\/strong>&nbsp;(Nki).&nbsp;<a href=\"https:\/\/vimeo.com\/5270208\" rel=\"noreferrer noopener\" target=\"_blank\">https:\/\/vimeo.com\/5270208<\/a><\/p>\n\n\n\n<h1 class=\"wp-block-heading\" id=\"55eb\">Eficaz para contar historias con ingenio y creatividad<\/h1>\n\n\n\n<p id=\"f94c\">Como se mencion\u00f3 anteriormente, las animaciones son muy atractivas para el ojo humano sin importar si eres un ni\u00f1o o adulto. Es por esta raz\u00f3n que este medio audiovisual ha sido y es la forma m\u00e1s efectiva para la creaci\u00f3n de series y pel\u00edculas animadas, las cuales te permitan entretener a tu p\u00fablico con una historia ingeniosa y en la que puedan encontrar personajes con los cuales se puedan identificar.<\/p>\n\n\n\n<p id=\"bdd1\">Un ejemplo de esto podr\u00eda ser la serie animada \u201cLos Simpson\u201d, la cual es una serie animada en 2D, que alcanzo su fama gracias a su lenguaje sat\u00edrico en el que hace burla al estilo de vida americana y a la adicci\u00f3n de los estadounidenses por la cultura pop. Esta serie es la muestra de que los dibujos animados no es entretenimiento exclusivo para los ni\u00f1os.<\/p>\n\n\n\n<figure class=\"wp-block-image size-full\"><img loading=\"lazy\" decoding=\"async\" width=\"720\" height=\"405\" src=\"https:\/\/blogs.uninter.edu.mx\/ehli\/wp-content\/uploads\/2023\/06\/image-7.png\" alt=\"\" class=\"wp-image-8403\"\/><\/figure>\n\n\n\n<p>Fuente: https:\/\/medium.com\/ <\/p>\n","protected":false},"excerpt":{"rendered":"<p>La animaci\u00f3n es la creaci\u00f3n de una secuencia de im\u00e1genes que, al ser mostradas de forma consecutiva, se logra generar un movimiento que es percibido y cre\u00edble para nuestro cerebro. Sin embargo, la animaci\u00f3n es mucho m\u00e1s que eso; pues, actualmente, este medio est\u00e1 siendo utilizado en diversos campos de la comunicaci\u00f3n por su eficacia para compartir informaci\u00f3n de manera visual.<\/p>\n","protected":false},"author":28,"featured_media":8401,"comment_status":"open","ping_status":"open","sticky":true,"template":"","format":"standard","meta":{"rop_custom_images_group":[],"rop_custom_messages_group":[],"rop_publish_now":"initial","rop_publish_now_accounts":[],"rop_publish_now_history":[],"rop_publish_now_status":"pending","footnotes":""},"categories":[312,3,110,4,111],"tags":[60],"class_list":["post-8397","post","type-post","status-publish","format-standard","has-post-thumbnail","hentry","category-comunicacion","category-lco","category-lic-en-comunicacion","category-corp","category-lic-en-comunicacion-y-relaciones-publicas","tag-ehli"],"yoast_head":"<!-- This site is optimized with the Yoast SEO plugin v27.4 - https:\/\/yoast.com\/product\/yoast-seo-wordpress\/ -->\r\n<title>La animaci\u00f3n aplicada a la comunicaci\u00f3n - EHLI<\/title>\r\n<meta name=\"description\" content=\"Como seres humanos, tenemos la necesidad de comunicarnos con nuestro entorno, ya sea para expresar sentimientos y emociones o informar sobre un tema u idea. En la actualidad, debido a los exponenciales avances tecnol\u00f3gicos y la cantidad de informaci\u00f3n en la nube, se ha vuelto muy recurrente la comunicaci\u00f3n audiovisual, la cual incluye la animaci\u00f3n.\" \/>\r\n<meta name=\"robots\" content=\"index, follow, max-snippet:-1, max-image-preview:large, max-video-preview:-1\" \/>\r\n<link rel=\"canonical\" href=\"https:\/\/blogs.uninter.edu.mx\/ehli\/index.php\/2023\/06\/19\/la-animacion-aplicada-a-la-comunicacion\/\" \/>\r\n<meta property=\"og:locale\" content=\"es_MX\" \/>\r\n<meta property=\"og:type\" content=\"article\" \/>\r\n<meta property=\"og:title\" content=\"La animaci\u00f3n aplicada a la comunicaci\u00f3n - EHLI\" \/>\r\n<meta property=\"og:description\" content=\"Como seres humanos, tenemos la necesidad de comunicarnos con nuestro entorno, ya sea para expresar sentimientos y emociones o informar sobre un tema u idea. En la actualidad, debido a los exponenciales avances tecnol\u00f3gicos y la cantidad de informaci\u00f3n en la nube, se ha vuelto muy recurrente la comunicaci\u00f3n audiovisual, la cual incluye la animaci\u00f3n.\" \/>\r\n<meta property=\"og:url\" content=\"https:\/\/blogs.uninter.edu.mx\/ehli\/index.php\/2023\/06\/19\/la-animacion-aplicada-a-la-comunicacion\/\" \/>\r\n<meta property=\"og:site_name\" content=\"EHLI\" \/>\r\n<meta property=\"article:published_time\" content=\"2023-06-19T10:00:00+00:00\" \/>\r\n<meta property=\"og:image\" content=\"https:\/\/blogs.uninter.edu.mx\/ehli\/wp-content\/uploads\/2023\/06\/image-5.png\" \/>\r\n\t<meta property=\"og:image:width\" content=\"480\" \/>\r\n\t<meta property=\"og:image:height\" content=\"268\" \/>\r\n\t<meta property=\"og:image:type\" content=\"image\/png\" \/>\r\n<meta name=\"author\" content=\"mocampo\" \/>\r\n<meta name=\"twitter:card\" content=\"summary_large_image\" \/>\r\n<meta name=\"twitter:label1\" content=\"Escrito por\" \/>\n\t<meta name=\"twitter:data1\" content=\"mocampo\" \/>\n\t<meta name=\"twitter:label2\" content=\"Tiempo de lectura\" \/>\n\t<meta name=\"twitter:data2\" content=\"4 minutos\" \/>\r\n<script type=\"application\/ld+json\" class=\"yoast-schema-graph\">{\"@context\":\"https:\\\/\\\/schema.org\",\"@graph\":[{\"@type\":\"Article\",\"@id\":\"https:\\\/\\\/blogs.uninter.edu.mx\\\/ehli\\\/index.php\\\/2023\\\/06\\\/19\\\/la-animacion-aplicada-a-la-comunicacion\\\/#article\",\"isPartOf\":{\"@id\":\"https:\\\/\\\/blogs.uninter.edu.mx\\\/ehli\\\/index.php\\\/2023\\\/06\\\/19\\\/la-animacion-aplicada-a-la-comunicacion\\\/\"},\"author\":{\"name\":\"mocampo\",\"@id\":\"https:\\\/\\\/blogs.uninter.edu.mx\\\/ehli\\\/#\\\/schema\\\/person\\\/f9426d100dd7db1b2a0be67166f80826\"},\"headline\":\"La animaci\u00f3n aplicada a la comunicaci\u00f3n\",\"datePublished\":\"2023-06-19T10:00:00+00:00\",\"mainEntityOfPage\":{\"@id\":\"https:\\\/\\\/blogs.uninter.edu.mx\\\/ehli\\\/index.php\\\/2023\\\/06\\\/19\\\/la-animacion-aplicada-a-la-comunicacion\\\/\"},\"wordCount\":727,\"commentCount\":0,\"image\":{\"@id\":\"https:\\\/\\\/blogs.uninter.edu.mx\\\/ehli\\\/index.php\\\/2023\\\/06\\\/19\\\/la-animacion-aplicada-a-la-comunicacion\\\/#primaryimage\"},\"thumbnailUrl\":\"https:\\\/\\\/blogs.uninter.edu.mx\\\/ehli\\\/wp-content\\\/uploads\\\/2023\\\/06\\\/image-5.png\",\"keywords\":[\"EHLI\"],\"articleSection\":[\"Comunicaci\u00f3n\",\"Lic. en Comunicaci\u00f3n\",\"Lic. en Comunicaci\u00f3n\",\"Lic. en Comunicaci\u00f3n y Relaciones P\u00fablicas\",\"Lic. en Comunicaci\u00f3n y Relaciones P\u00fablicas\"],\"inLanguage\":\"es\",\"potentialAction\":[{\"@type\":\"CommentAction\",\"name\":\"Comment\",\"target\":[\"https:\\\/\\\/blogs.uninter.edu.mx\\\/ehli\\\/index.php\\\/2023\\\/06\\\/19\\\/la-animacion-aplicada-a-la-comunicacion\\\/#respond\"]}]},{\"@type\":\"WebPage\",\"@id\":\"https:\\\/\\\/blogs.uninter.edu.mx\\\/ehli\\\/index.php\\\/2023\\\/06\\\/19\\\/la-animacion-aplicada-a-la-comunicacion\\\/\",\"url\":\"https:\\\/\\\/blogs.uninter.edu.mx\\\/ehli\\\/index.php\\\/2023\\\/06\\\/19\\\/la-animacion-aplicada-a-la-comunicacion\\\/\",\"name\":\"La animaci\u00f3n aplicada a la comunicaci\u00f3n - EHLI\",\"isPartOf\":{\"@id\":\"https:\\\/\\\/blogs.uninter.edu.mx\\\/ehli\\\/#website\"},\"primaryImageOfPage\":{\"@id\":\"https:\\\/\\\/blogs.uninter.edu.mx\\\/ehli\\\/index.php\\\/2023\\\/06\\\/19\\\/la-animacion-aplicada-a-la-comunicacion\\\/#primaryimage\"},\"image\":{\"@id\":\"https:\\\/\\\/blogs.uninter.edu.mx\\\/ehli\\\/index.php\\\/2023\\\/06\\\/19\\\/la-animacion-aplicada-a-la-comunicacion\\\/#primaryimage\"},\"thumbnailUrl\":\"https:\\\/\\\/blogs.uninter.edu.mx\\\/ehli\\\/wp-content\\\/uploads\\\/2023\\\/06\\\/image-5.png\",\"datePublished\":\"2023-06-19T10:00:00+00:00\",\"author\":{\"@id\":\"https:\\\/\\\/blogs.uninter.edu.mx\\\/ehli\\\/#\\\/schema\\\/person\\\/f9426d100dd7db1b2a0be67166f80826\"},\"description\":\"Como seres humanos, tenemos la necesidad de comunicarnos con nuestro entorno, ya sea para expresar sentimientos y emociones o informar sobre un tema u idea. En la actualidad, debido a los exponenciales avances tecnol\u00f3gicos y la cantidad de informaci\u00f3n en la nube, se ha vuelto muy recurrente la comunicaci\u00f3n audiovisual, la cual incluye la animaci\u00f3n.\",\"breadcrumb\":{\"@id\":\"https:\\\/\\\/blogs.uninter.edu.mx\\\/ehli\\\/index.php\\\/2023\\\/06\\\/19\\\/la-animacion-aplicada-a-la-comunicacion\\\/#breadcrumb\"},\"inLanguage\":\"es\",\"potentialAction\":[{\"@type\":\"ReadAction\",\"target\":[\"https:\\\/\\\/blogs.uninter.edu.mx\\\/ehli\\\/index.php\\\/2023\\\/06\\\/19\\\/la-animacion-aplicada-a-la-comunicacion\\\/\"]}]},{\"@type\":\"ImageObject\",\"inLanguage\":\"es\",\"@id\":\"https:\\\/\\\/blogs.uninter.edu.mx\\\/ehli\\\/index.php\\\/2023\\\/06\\\/19\\\/la-animacion-aplicada-a-la-comunicacion\\\/#primaryimage\",\"url\":\"https:\\\/\\\/blogs.uninter.edu.mx\\\/ehli\\\/wp-content\\\/uploads\\\/2023\\\/06\\\/image-5.png\",\"contentUrl\":\"https:\\\/\\\/blogs.uninter.edu.mx\\\/ehli\\\/wp-content\\\/uploads\\\/2023\\\/06\\\/image-5.png\",\"width\":480,\"height\":268},{\"@type\":\"BreadcrumbList\",\"@id\":\"https:\\\/\\\/blogs.uninter.edu.mx\\\/ehli\\\/index.php\\\/2023\\\/06\\\/19\\\/la-animacion-aplicada-a-la-comunicacion\\\/#breadcrumb\",\"itemListElement\":[{\"@type\":\"ListItem\",\"position\":1,\"name\":\"Inicio\",\"item\":\"https:\\\/\\\/blogs.uninter.edu.mx\\\/ehli\\\/\"},{\"@type\":\"ListItem\",\"position\":2,\"name\":\"La animaci\u00f3n aplicada a la comunicaci\u00f3n\"}]},{\"@type\":\"WebSite\",\"@id\":\"https:\\\/\\\/blogs.uninter.edu.mx\\\/ehli\\\/#website\",\"url\":\"https:\\\/\\\/blogs.uninter.edu.mx\\\/ehli\\\/\",\"name\":\"EHLI\",\"description\":\"UNINTER\",\"potentialAction\":[{\"@type\":\"SearchAction\",\"target\":{\"@type\":\"EntryPoint\",\"urlTemplate\":\"https:\\\/\\\/blogs.uninter.edu.mx\\\/ehli\\\/?s={search_term_string}\"},\"query-input\":{\"@type\":\"PropertyValueSpecification\",\"valueRequired\":true,\"valueName\":\"search_term_string\"}}],\"inLanguage\":\"es\"},{\"@type\":\"Person\",\"@id\":\"https:\\\/\\\/blogs.uninter.edu.mx\\\/ehli\\\/#\\\/schema\\\/person\\\/f9426d100dd7db1b2a0be67166f80826\",\"name\":\"mocampo\",\"image\":{\"@type\":\"ImageObject\",\"inLanguage\":\"es\",\"@id\":\"https:\\\/\\\/secure.gravatar.com\\\/avatar\\\/486a87ae86777f2d04f69759eb0a12f435703bd96e4bccfcbe628cd8a4b836c9?s=96&d=mm&r=g\",\"url\":\"https:\\\/\\\/secure.gravatar.com\\\/avatar\\\/486a87ae86777f2d04f69759eb0a12f435703bd96e4bccfcbe628cd8a4b836c9?s=96&d=mm&r=g\",\"contentUrl\":\"https:\\\/\\\/secure.gravatar.com\\\/avatar\\\/486a87ae86777f2d04f69759eb0a12f435703bd96e4bccfcbe628cd8a4b836c9?s=96&d=mm&r=g\",\"caption\":\"mocampo\"},\"url\":\"https:\\\/\\\/blogs.uninter.edu.mx\\\/ehli\\\/index.php\\\/author\\\/mocampo\\\/\"}]}<\/script>\r\n<!-- \/ Yoast SEO plugin. -->","yoast_head_json":{"title":"La animaci\u00f3n aplicada a la comunicaci\u00f3n - EHLI","description":"Como seres humanos, tenemos la necesidad de comunicarnos con nuestro entorno, ya sea para expresar sentimientos y emociones o informar sobre un tema u idea. En la actualidad, debido a los exponenciales avances tecnol\u00f3gicos y la cantidad de informaci\u00f3n en la nube, se ha vuelto muy recurrente la comunicaci\u00f3n audiovisual, la cual incluye la animaci\u00f3n.","robots":{"index":"index","follow":"follow","max-snippet":"max-snippet:-1","max-image-preview":"max-image-preview:large","max-video-preview":"max-video-preview:-1"},"canonical":"https:\/\/blogs.uninter.edu.mx\/ehli\/index.php\/2023\/06\/19\/la-animacion-aplicada-a-la-comunicacion\/","og_locale":"es_MX","og_type":"article","og_title":"La animaci\u00f3n aplicada a la comunicaci\u00f3n - EHLI","og_description":"Como seres humanos, tenemos la necesidad de comunicarnos con nuestro entorno, ya sea para expresar sentimientos y emociones o informar sobre un tema u idea. En la actualidad, debido a los exponenciales avances tecnol\u00f3gicos y la cantidad de informaci\u00f3n en la nube, se ha vuelto muy recurrente la comunicaci\u00f3n audiovisual, la cual incluye la animaci\u00f3n.","og_url":"https:\/\/blogs.uninter.edu.mx\/ehli\/index.php\/2023\/06\/19\/la-animacion-aplicada-a-la-comunicacion\/","og_site_name":"EHLI","article_published_time":"2023-06-19T10:00:00+00:00","og_image":[{"width":480,"height":268,"url":"https:\/\/blogs.uninter.edu.mx\/ehli\/wp-content\/uploads\/2023\/06\/image-5.png","type":"image\/png"}],"author":"mocampo","twitter_card":"summary_large_image","twitter_misc":{"Escrito por":"mocampo","Tiempo de lectura":"4 minutos"},"schema":{"@context":"https:\/\/schema.org","@graph":[{"@type":"Article","@id":"https:\/\/blogs.uninter.edu.mx\/ehli\/index.php\/2023\/06\/19\/la-animacion-aplicada-a-la-comunicacion\/#article","isPartOf":{"@id":"https:\/\/blogs.uninter.edu.mx\/ehli\/index.php\/2023\/06\/19\/la-animacion-aplicada-a-la-comunicacion\/"},"author":{"name":"mocampo","@id":"https:\/\/blogs.uninter.edu.mx\/ehli\/#\/schema\/person\/f9426d100dd7db1b2a0be67166f80826"},"headline":"La animaci\u00f3n aplicada a la comunicaci\u00f3n","datePublished":"2023-06-19T10:00:00+00:00","mainEntityOfPage":{"@id":"https:\/\/blogs.uninter.edu.mx\/ehli\/index.php\/2023\/06\/19\/la-animacion-aplicada-a-la-comunicacion\/"},"wordCount":727,"commentCount":0,"image":{"@id":"https:\/\/blogs.uninter.edu.mx\/ehli\/index.php\/2023\/06\/19\/la-animacion-aplicada-a-la-comunicacion\/#primaryimage"},"thumbnailUrl":"https:\/\/blogs.uninter.edu.mx\/ehli\/wp-content\/uploads\/2023\/06\/image-5.png","keywords":["EHLI"],"articleSection":["Comunicaci\u00f3n","Lic. en Comunicaci\u00f3n","Lic. en Comunicaci\u00f3n","Lic. en Comunicaci\u00f3n y Relaciones P\u00fablicas","Lic. en Comunicaci\u00f3n y Relaciones P\u00fablicas"],"inLanguage":"es","potentialAction":[{"@type":"CommentAction","name":"Comment","target":["https:\/\/blogs.uninter.edu.mx\/ehli\/index.php\/2023\/06\/19\/la-animacion-aplicada-a-la-comunicacion\/#respond"]}]},{"@type":"WebPage","@id":"https:\/\/blogs.uninter.edu.mx\/ehli\/index.php\/2023\/06\/19\/la-animacion-aplicada-a-la-comunicacion\/","url":"https:\/\/blogs.uninter.edu.mx\/ehli\/index.php\/2023\/06\/19\/la-animacion-aplicada-a-la-comunicacion\/","name":"La animaci\u00f3n aplicada a la comunicaci\u00f3n - EHLI","isPartOf":{"@id":"https:\/\/blogs.uninter.edu.mx\/ehli\/#website"},"primaryImageOfPage":{"@id":"https:\/\/blogs.uninter.edu.mx\/ehli\/index.php\/2023\/06\/19\/la-animacion-aplicada-a-la-comunicacion\/#primaryimage"},"image":{"@id":"https:\/\/blogs.uninter.edu.mx\/ehli\/index.php\/2023\/06\/19\/la-animacion-aplicada-a-la-comunicacion\/#primaryimage"},"thumbnailUrl":"https:\/\/blogs.uninter.edu.mx\/ehli\/wp-content\/uploads\/2023\/06\/image-5.png","datePublished":"2023-06-19T10:00:00+00:00","author":{"@id":"https:\/\/blogs.uninter.edu.mx\/ehli\/#\/schema\/person\/f9426d100dd7db1b2a0be67166f80826"},"description":"Como seres humanos, tenemos la necesidad de comunicarnos con nuestro entorno, ya sea para expresar sentimientos y emociones o informar sobre un tema u idea. En la actualidad, debido a los exponenciales avances tecnol\u00f3gicos y la cantidad de informaci\u00f3n en la nube, se ha vuelto muy recurrente la comunicaci\u00f3n audiovisual, la cual incluye la animaci\u00f3n.","breadcrumb":{"@id":"https:\/\/blogs.uninter.edu.mx\/ehli\/index.php\/2023\/06\/19\/la-animacion-aplicada-a-la-comunicacion\/#breadcrumb"},"inLanguage":"es","potentialAction":[{"@type":"ReadAction","target":["https:\/\/blogs.uninter.edu.mx\/ehli\/index.php\/2023\/06\/19\/la-animacion-aplicada-a-la-comunicacion\/"]}]},{"@type":"ImageObject","inLanguage":"es","@id":"https:\/\/blogs.uninter.edu.mx\/ehli\/index.php\/2023\/06\/19\/la-animacion-aplicada-a-la-comunicacion\/#primaryimage","url":"https:\/\/blogs.uninter.edu.mx\/ehli\/wp-content\/uploads\/2023\/06\/image-5.png","contentUrl":"https:\/\/blogs.uninter.edu.mx\/ehli\/wp-content\/uploads\/2023\/06\/image-5.png","width":480,"height":268},{"@type":"BreadcrumbList","@id":"https:\/\/blogs.uninter.edu.mx\/ehli\/index.php\/2023\/06\/19\/la-animacion-aplicada-a-la-comunicacion\/#breadcrumb","itemListElement":[{"@type":"ListItem","position":1,"name":"Inicio","item":"https:\/\/blogs.uninter.edu.mx\/ehli\/"},{"@type":"ListItem","position":2,"name":"La animaci\u00f3n aplicada a la comunicaci\u00f3n"}]},{"@type":"WebSite","@id":"https:\/\/blogs.uninter.edu.mx\/ehli\/#website","url":"https:\/\/blogs.uninter.edu.mx\/ehli\/","name":"EHLI","description":"UNINTER","potentialAction":[{"@type":"SearchAction","target":{"@type":"EntryPoint","urlTemplate":"https:\/\/blogs.uninter.edu.mx\/ehli\/?s={search_term_string}"},"query-input":{"@type":"PropertyValueSpecification","valueRequired":true,"valueName":"search_term_string"}}],"inLanguage":"es"},{"@type":"Person","@id":"https:\/\/blogs.uninter.edu.mx\/ehli\/#\/schema\/person\/f9426d100dd7db1b2a0be67166f80826","name":"mocampo","image":{"@type":"ImageObject","inLanguage":"es","@id":"https:\/\/secure.gravatar.com\/avatar\/486a87ae86777f2d04f69759eb0a12f435703bd96e4bccfcbe628cd8a4b836c9?s=96&d=mm&r=g","url":"https:\/\/secure.gravatar.com\/avatar\/486a87ae86777f2d04f69759eb0a12f435703bd96e4bccfcbe628cd8a4b836c9?s=96&d=mm&r=g","contentUrl":"https:\/\/secure.gravatar.com\/avatar\/486a87ae86777f2d04f69759eb0a12f435703bd96e4bccfcbe628cd8a4b836c9?s=96&d=mm&r=g","caption":"mocampo"},"url":"https:\/\/blogs.uninter.edu.mx\/ehli\/index.php\/author\/mocampo\/"}]}},"jetpack_featured_media_url":"https:\/\/blogs.uninter.edu.mx\/ehli\/wp-content\/uploads\/2023\/06\/image-5.png","_links":{"self":[{"href":"https:\/\/blogs.uninter.edu.mx\/ehli\/index.php\/wp-json\/wp\/v2\/posts\/8397","targetHints":{"allow":["GET"]}}],"collection":[{"href":"https:\/\/blogs.uninter.edu.mx\/ehli\/index.php\/wp-json\/wp\/v2\/posts"}],"about":[{"href":"https:\/\/blogs.uninter.edu.mx\/ehli\/index.php\/wp-json\/wp\/v2\/types\/post"}],"author":[{"embeddable":true,"href":"https:\/\/blogs.uninter.edu.mx\/ehli\/index.php\/wp-json\/wp\/v2\/users\/28"}],"replies":[{"embeddable":true,"href":"https:\/\/blogs.uninter.edu.mx\/ehli\/index.php\/wp-json\/wp\/v2\/comments?post=8397"}],"version-history":[{"count":2,"href":"https:\/\/blogs.uninter.edu.mx\/ehli\/index.php\/wp-json\/wp\/v2\/posts\/8397\/revisions"}],"predecessor-version":[{"id":8412,"href":"https:\/\/blogs.uninter.edu.mx\/ehli\/index.php\/wp-json\/wp\/v2\/posts\/8397\/revisions\/8412"}],"wp:featuredmedia":[{"embeddable":true,"href":"https:\/\/blogs.uninter.edu.mx\/ehli\/index.php\/wp-json\/wp\/v2\/media\/8401"}],"wp:attachment":[{"href":"https:\/\/blogs.uninter.edu.mx\/ehli\/index.php\/wp-json\/wp\/v2\/media?parent=8397"}],"wp:term":[{"taxonomy":"category","embeddable":true,"href":"https:\/\/blogs.uninter.edu.mx\/ehli\/index.php\/wp-json\/wp\/v2\/categories?post=8397"},{"taxonomy":"post_tag","embeddable":true,"href":"https:\/\/blogs.uninter.edu.mx\/ehli\/index.php\/wp-json\/wp\/v2\/tags?post=8397"}],"curies":[{"name":"wp","href":"https:\/\/api.w.org\/{rel}","templated":true}]}}