{"id":8992,"date":"2023-11-09T08:30:00","date_gmt":"2023-11-09T08:30:00","guid":{"rendered":"https:\/\/blogs.uninter.edu.mx\/ehli\/?p=8992"},"modified":"2023-11-13T18:01:57","modified_gmt":"2023-11-13T18:01:57","slug":"la-diplomacia-mexicana-entre-principios-constitucionales-y-realidades-internacionales","status":"publish","type":"post","link":"https:\/\/blogs.uninter.edu.mx\/ehli\/index.php\/2023\/11\/09\/la-diplomacia-mexicana-entre-principios-constitucionales-y-realidades-internacionales\/","title":{"rendered":"La Diplomacia Mexicana: Entre Principios Constitucionales y Realidades Internacionales"},"content":{"rendered":"<div class=\"wp-block-image\">\n<figure class=\"aligncenter size-full is-resized\"><img loading=\"lazy\" decoding=\"async\" src=\"https:\/\/blogs.uninter.edu.mx\/ehli\/wp-content\/uploads\/2023\/11\/image-5.png\" alt=\"\" class=\"wp-image-8993\" width=\"693\" height=\"364\"\/><\/figure>\n<\/div>\n\n\n<p><\/p>\n\n\n\n<p class=\"has-text-align-justify\">Conocido coloquialmente en el \u00e1mbito de las Relaciones Internacionales como &#8220;el amigo de todos, enemigo de nadie&#8221;, M\u00e9xico ha basado su actuar a lo largo de los a\u00f1os en los lineamientos constitucionales. De acuerdo con el art\u00edculo 89, fracci\u00f3n X, la pol\u00edtica exterior mexicana debe regirse por siete principios: no intervenci\u00f3n, libre autodeterminaci\u00f3n de los pueblos, soluci\u00f3n pac\u00edfica de las controversias, la proscripci\u00f3n de la amenaza y uso de la fuerza en las Relaciones Internacionales, igualdad jur\u00eddica de los Estados, cooperaci\u00f3n internacional para el desarrollo, y la lucha por la paz y la seguridad internacionales. Cabe mencionar que el respeto, la promoci\u00f3n y la protecci\u00f3n de los Derechos Humanos tambi\u00e9n tienen una &#8220;relevancia&#8221; particular para el Estado mexicano.<\/p>\n\n\n\n<p class=\"has-text-align-justify\">Aunque en teor\u00eda podr\u00edamos afirmar que la pol\u00edtica exterior de M\u00e9xico ha seguido el marco constitucional, la realidad muestra m\u00faltiples casos que generan dudas sobre el actuar del pa\u00eds. Se observa una brecha entre lo que deber\u00eda ser el actuar oficial del Estado y lo que realmente sucede, a veces evidenciando un conflicto entre lo interno y lo externo.<\/p>\n\n\n<div class=\"wp-block-image\">\n<figure class=\"aligncenter size-full is-resized\"><img loading=\"lazy\" decoding=\"async\" src=\"https:\/\/blogs.uninter.edu.mx\/ehli\/wp-content\/uploads\/2023\/11\/image-6.png\" alt=\"\" class=\"wp-image-8994\" width=\"479\" height=\"299\"\/><\/figure>\n<\/div>\n\n\n<p><\/p>\n\n\n\n<p class=\"has-text-align-justify\">En meses recientes, el mundo se convirti\u00f3 nuevamente en un campo de batalla con los conflictos armados entre Rusia y Ucrania, y entre Israel y Palestina. En el primer caso, la comunidad internacional occidental, indignada por la alteraci\u00f3n de la convivencia &#8220;pac\u00edfica&#8221;, conden\u00f3 los actos rusos y solicit\u00f3 el cese de la violencia en foros internacionales. Este grupo tambi\u00e9n acord\u00f3 imponer sanciones econ\u00f3micas.<\/p>\n\n\n\n<p class=\"has-text-align-justify\">Sin embargo, M\u00e9xico recibi\u00f3 cr\u00edticas por su condena tard\u00eda, la falta de refugio y protecci\u00f3n al pueblo ucraniano, la ausencia de ayuda humanitaria en el primer avi\u00f3n de la Fuerza A\u00e9rea Mexicana a Ucrania, y la negativa a imponer sanciones econ\u00f3micas a Rusia. Adem\u00e1s, la creaci\u00f3n de un grupo de amistad M\u00e9xico-Rusia por parte de la C\u00e1mara de Diputados gener\u00f3 controversia.<\/p>\n\n\n<div class=\"wp-block-image\">\n<figure class=\"aligncenter size-full is-resized\"><img loading=\"lazy\" decoding=\"async\" src=\"https:\/\/blogs.uninter.edu.mx\/ehli\/wp-content\/uploads\/2023\/11\/image-7.png\" alt=\"\" class=\"wp-image-8995\" width=\"401\" height=\"267\"\/><\/figure>\n<\/div>\n\n\n<p><\/p>\n\n\n\n<p class=\"has-text-align-justify\">La postura mexicana en la crisis entre Israel y Palestina tambi\u00e9n gener\u00f3 cuestionamientos. M\u00e9xico se posicion\u00f3 a favor de la paz y el di\u00e1logo, evitando involucrarse en posturas radicales contra alguno de los grupos en conflicto. No obstante, conden\u00f3 los ataques a civiles y abog\u00f3 por una soluci\u00f3n justa, pac\u00edfica y duradera.<\/p>\n\n\n\n<p class=\"has-text-align-justify\">La pol\u00edtica exterior de M\u00e9xico, en medio de tensiones internacionales, revela una irregularidad que suscita cuestionamientos. Parece que los principios de la pol\u00edtica exterior son flexibles y se adaptan a la situaci\u00f3n y a los actores involucrados, pudiendo aplicarse al pie de la letra o tener consideraciones seg\u00fan las circunstancias.<\/p>\n\n\n<div class=\"wp-block-image\">\n<figure class=\"aligncenter size-full is-resized\"><img loading=\"lazy\" decoding=\"async\" src=\"https:\/\/blogs.uninter.edu.mx\/ehli\/wp-content\/uploads\/2023\/11\/shutterstock_2372911641-1.jpg\" alt=\"\" class=\"wp-image-8997\" width=\"395\" height=\"263\"\/><\/figure>\n<\/div>\n\n\n<p><\/p>\n\n\n\n<p class=\"has-text-align-justify\">La afirmaci\u00f3n &#8220;amigo de todos, enemigo de nadie&#8221; se revela equivocada; M\u00e9xico es amigo de sus propios intereses, al igual que otros pa\u00edses. La diferencia radica en que, debido a la falta de otros mecanismos m\u00e1s violentos y coercitivos, M\u00e9xico se refugia bajo el multilateralismo y sus principios.<\/p>\n\n\n\n<p class=\"has-text-align-justify\">M\u00e9xico es pragm\u00e1tico y es probable que contin\u00fae si\u00e9ndolo, a menos que algo extraordinario impacte positivamente en su poder\u00edo. Sigamos analizando cr\u00edticamente el actuar del pa\u00eds y disfrutemos de las migajas de soberan\u00eda que a\u00fan poseemos, al menos hasta que alguna amenaza comercial, econ\u00f3mica o pol\u00edtica nos haga cambiar &#8220;voluntariamente&#8221; de opini\u00f3n.<\/p>\n\n\n\n<p class=\"has-text-align-right\"><strong>Redacci\u00f3n<\/strong>: Milene R\u00edos.<\/p>\n\n\n\n<p class=\"has-text-align-right\"><strong>Edici\u00f3n<\/strong>: Aldo L. Alc\u00f3n.<\/p>\n\n\n\n<p class=\"has-text-align-right\">Departamento de Relaciones Internacionales.<\/p>\n","protected":false},"excerpt":{"rendered":"<p>Conocido coloquialmente en el \u00e1mbito de las Relaciones Internacionales como &#8220;el amigo de todos, enemigo de nadie&#8221;, M\u00e9xico ha basado su actuar a lo largo de los a\u00f1os en los lineamientos constitucionales. De acuerdo con el art\u00edculo 89, fracci\u00f3n X, la pol\u00edtica exterior mexicana debe regirse por siete principios: no intervenci\u00f3n, libre autodeterminaci\u00f3n de los&hellip;<\/p>\n","protected":false},"author":33,"featured_media":0,"comment_status":"open","ping_status":"open","sticky":false,"template":"","format":"standard","meta":{"rop_custom_images_group":[],"rop_custom_messages_group":[],"rop_publish_now":"initial","rop_publish_now_accounts":[],"rop_publish_now_history":[],"rop_publish_now_status":"pending","footnotes":""},"categories":[6,7,8,311],"tags":[629,630,631,612,128,613],"class_list":["post-8992","post","type-post","status-publish","format-standard","hentry","category-lri","category-ricp","category-riec","category-relaciones-internacionales","tag-cpeum","tag-diplomacia","tag-internacionales","tag-israel","tag-mexico","tag-palestina"],"yoast_head":"<!-- This site is optimized with the Yoast SEO plugin v27.4 - https:\/\/yoast.com\/product\/yoast-seo-wordpress\/ -->\r\n<title>La Diplomacia Mexicana: Entre Principios Constitucionales y Realidades Internacionales - EHLI<\/title>\r\n<meta name=\"robots\" content=\"index, follow, max-snippet:-1, max-image-preview:large, max-video-preview:-1\" \/>\r\n<link rel=\"canonical\" href=\"https:\/\/blogs.uninter.edu.mx\/ehli\/index.php\/2023\/11\/09\/la-diplomacia-mexicana-entre-principios-constitucionales-y-realidades-internacionales\/\" \/>\r\n<meta property=\"og:locale\" content=\"es_MX\" \/>\r\n<meta property=\"og:type\" content=\"article\" \/>\r\n<meta property=\"og:title\" content=\"La Diplomacia Mexicana: Entre Principios Constitucionales y Realidades Internacionales - EHLI\" \/>\r\n<meta property=\"og:description\" content=\"Conocido coloquialmente en el \u00e1mbito de las Relaciones Internacionales como &#8220;el amigo de todos, enemigo de nadie&#8221;, M\u00e9xico ha basado su actuar a lo largo de los a\u00f1os en los lineamientos constitucionales. De acuerdo con el art\u00edculo 89, fracci\u00f3n X, la pol\u00edtica exterior mexicana debe regirse por siete principios: no intervenci\u00f3n, libre autodeterminaci\u00f3n de los&hellip;\" \/>\r\n<meta property=\"og:url\" content=\"https:\/\/blogs.uninter.edu.mx\/ehli\/index.php\/2023\/11\/09\/la-diplomacia-mexicana-entre-principios-constitucionales-y-realidades-internacionales\/\" \/>\r\n<meta property=\"og:site_name\" content=\"EHLI\" \/>\r\n<meta property=\"article:published_time\" content=\"2023-11-09T08:30:00+00:00\" \/>\r\n<meta property=\"article:modified_time\" content=\"2023-11-13T18:01:57+00:00\" \/>\r\n<meta property=\"og:image\" content=\"https:\/\/blogs.uninter.edu.mx\/ehli\/wp-content\/uploads\/2023\/11\/image-5.png\" \/>\r\n<meta name=\"author\" content=\"C\u00e9sar Amado Hern\u00e1ndez\" \/>\r\n<meta name=\"twitter:card\" content=\"summary_large_image\" \/>\r\n<meta name=\"twitter:label1\" content=\"Escrito por\" \/>\n\t<meta name=\"twitter:data1\" content=\"C\u00e9sar Amado Hern\u00e1ndez\" \/>\n\t<meta name=\"twitter:label2\" content=\"Tiempo de lectura\" \/>\n\t<meta name=\"twitter:data2\" content=\"4 minutos\" \/>\r\n<script type=\"application\/ld+json\" class=\"yoast-schema-graph\">{\"@context\":\"https:\\\/\\\/schema.org\",\"@graph\":[{\"@type\":\"Article\",\"@id\":\"https:\\\/\\\/blogs.uninter.edu.mx\\\/ehli\\\/index.php\\\/2023\\\/11\\\/09\\\/la-diplomacia-mexicana-entre-principios-constitucionales-y-realidades-internacionales\\\/#article\",\"isPartOf\":{\"@id\":\"https:\\\/\\\/blogs.uninter.edu.mx\\\/ehli\\\/index.php\\\/2023\\\/11\\\/09\\\/la-diplomacia-mexicana-entre-principios-constitucionales-y-realidades-internacionales\\\/\"},\"author\":{\"name\":\"C\u00e9sar Amado Hern\u00e1ndez\",\"@id\":\"https:\\\/\\\/blogs.uninter.edu.mx\\\/ehli\\\/#\\\/schema\\\/person\\\/89e2b97c199ad042807428af3cb44138\"},\"headline\":\"La Diplomacia Mexicana: Entre Principios Constitucionales y Realidades Internacionales\",\"datePublished\":\"2023-11-09T08:30:00+00:00\",\"dateModified\":\"2023-11-13T18:01:57+00:00\",\"mainEntityOfPage\":{\"@id\":\"https:\\\/\\\/blogs.uninter.edu.mx\\\/ehli\\\/index.php\\\/2023\\\/11\\\/09\\\/la-diplomacia-mexicana-entre-principios-constitucionales-y-realidades-internacionales\\\/\"},\"wordCount\":590,\"commentCount\":0,\"image\":{\"@id\":\"https:\\\/\\\/blogs.uninter.edu.mx\\\/ehli\\\/index.php\\\/2023\\\/11\\\/09\\\/la-diplomacia-mexicana-entre-principios-constitucionales-y-realidades-internacionales\\\/#primaryimage\"},\"thumbnailUrl\":\"https:\\\/\\\/blogs.uninter.edu.mx\\\/ehli\\\/wp-content\\\/uploads\\\/2023\\\/11\\\/image-5.png\",\"keywords\":[\"CPEUM\",\"Diplomacia\",\"Internacionales\",\"Israel\",\"M\u00e9xico\",\"Palestina\"],\"articleSection\":[\"Lic. en Relaciones Internacionales\",\"Lic. en Relaciones Internacionales y Ciencias Pol\u00edticas\",\"Lic. en Relaciones Internacionales y Econom\u00eda\",\"Relaciones Internacionales\"],\"inLanguage\":\"es\",\"potentialAction\":[{\"@type\":\"CommentAction\",\"name\":\"Comment\",\"target\":[\"https:\\\/\\\/blogs.uninter.edu.mx\\\/ehli\\\/index.php\\\/2023\\\/11\\\/09\\\/la-diplomacia-mexicana-entre-principios-constitucionales-y-realidades-internacionales\\\/#respond\"]}]},{\"@type\":\"WebPage\",\"@id\":\"https:\\\/\\\/blogs.uninter.edu.mx\\\/ehli\\\/index.php\\\/2023\\\/11\\\/09\\\/la-diplomacia-mexicana-entre-principios-constitucionales-y-realidades-internacionales\\\/\",\"url\":\"https:\\\/\\\/blogs.uninter.edu.mx\\\/ehli\\\/index.php\\\/2023\\\/11\\\/09\\\/la-diplomacia-mexicana-entre-principios-constitucionales-y-realidades-internacionales\\\/\",\"name\":\"La Diplomacia Mexicana: Entre Principios Constitucionales y Realidades Internacionales - EHLI\",\"isPartOf\":{\"@id\":\"https:\\\/\\\/blogs.uninter.edu.mx\\\/ehli\\\/#website\"},\"primaryImageOfPage\":{\"@id\":\"https:\\\/\\\/blogs.uninter.edu.mx\\\/ehli\\\/index.php\\\/2023\\\/11\\\/09\\\/la-diplomacia-mexicana-entre-principios-constitucionales-y-realidades-internacionales\\\/#primaryimage\"},\"image\":{\"@id\":\"https:\\\/\\\/blogs.uninter.edu.mx\\\/ehli\\\/index.php\\\/2023\\\/11\\\/09\\\/la-diplomacia-mexicana-entre-principios-constitucionales-y-realidades-internacionales\\\/#primaryimage\"},\"thumbnailUrl\":\"https:\\\/\\\/blogs.uninter.edu.mx\\\/ehli\\\/wp-content\\\/uploads\\\/2023\\\/11\\\/image-5.png\",\"datePublished\":\"2023-11-09T08:30:00+00:00\",\"dateModified\":\"2023-11-13T18:01:57+00:00\",\"author\":{\"@id\":\"https:\\\/\\\/blogs.uninter.edu.mx\\\/ehli\\\/#\\\/schema\\\/person\\\/89e2b97c199ad042807428af3cb44138\"},\"breadcrumb\":{\"@id\":\"https:\\\/\\\/blogs.uninter.edu.mx\\\/ehli\\\/index.php\\\/2023\\\/11\\\/09\\\/la-diplomacia-mexicana-entre-principios-constitucionales-y-realidades-internacionales\\\/#breadcrumb\"},\"inLanguage\":\"es\",\"potentialAction\":[{\"@type\":\"ReadAction\",\"target\":[\"https:\\\/\\\/blogs.uninter.edu.mx\\\/ehli\\\/index.php\\\/2023\\\/11\\\/09\\\/la-diplomacia-mexicana-entre-principios-constitucionales-y-realidades-internacionales\\\/\"]}]},{\"@type\":\"ImageObject\",\"inLanguage\":\"es\",\"@id\":\"https:\\\/\\\/blogs.uninter.edu.mx\\\/ehli\\\/index.php\\\/2023\\\/11\\\/09\\\/la-diplomacia-mexicana-entre-principios-constitucionales-y-realidades-internacionales\\\/#primaryimage\",\"url\":\"https:\\\/\\\/blogs.uninter.edu.mx\\\/ehli\\\/wp-content\\\/uploads\\\/2023\\\/11\\\/image-5.png\",\"contentUrl\":\"https:\\\/\\\/blogs.uninter.edu.mx\\\/ehli\\\/wp-content\\\/uploads\\\/2023\\\/11\\\/image-5.png\",\"width\":1200,\"height\":630},{\"@type\":\"BreadcrumbList\",\"@id\":\"https:\\\/\\\/blogs.uninter.edu.mx\\\/ehli\\\/index.php\\\/2023\\\/11\\\/09\\\/la-diplomacia-mexicana-entre-principios-constitucionales-y-realidades-internacionales\\\/#breadcrumb\",\"itemListElement\":[{\"@type\":\"ListItem\",\"position\":1,\"name\":\"Inicio\",\"item\":\"https:\\\/\\\/blogs.uninter.edu.mx\\\/ehli\\\/\"},{\"@type\":\"ListItem\",\"position\":2,\"name\":\"La Diplomacia Mexicana: Entre Principios Constitucionales y Realidades Internacionales\"}]},{\"@type\":\"WebSite\",\"@id\":\"https:\\\/\\\/blogs.uninter.edu.mx\\\/ehli\\\/#website\",\"url\":\"https:\\\/\\\/blogs.uninter.edu.mx\\\/ehli\\\/\",\"name\":\"EHLI\",\"description\":\"UNINTER\",\"potentialAction\":[{\"@type\":\"SearchAction\",\"target\":{\"@type\":\"EntryPoint\",\"urlTemplate\":\"https:\\\/\\\/blogs.uninter.edu.mx\\\/ehli\\\/?s={search_term_string}\"},\"query-input\":{\"@type\":\"PropertyValueSpecification\",\"valueRequired\":true,\"valueName\":\"search_term_string\"}}],\"inLanguage\":\"es\"},{\"@type\":\"Person\",\"@id\":\"https:\\\/\\\/blogs.uninter.edu.mx\\\/ehli\\\/#\\\/schema\\\/person\\\/89e2b97c199ad042807428af3cb44138\",\"name\":\"C\u00e9sar Amado Hern\u00e1ndez\",\"image\":{\"@type\":\"ImageObject\",\"inLanguage\":\"es\",\"@id\":\"https:\\\/\\\/secure.gravatar.com\\\/avatar\\\/8d09ed71906ff58ce7dac0f5684eac8b595ff284dd928e554af67793e0b63c41?s=96&d=mm&r=g\",\"url\":\"https:\\\/\\\/secure.gravatar.com\\\/avatar\\\/8d09ed71906ff58ce7dac0f5684eac8b595ff284dd928e554af67793e0b63c41?s=96&d=mm&r=g\",\"contentUrl\":\"https:\\\/\\\/secure.gravatar.com\\\/avatar\\\/8d09ed71906ff58ce7dac0f5684eac8b595ff284dd928e554af67793e0b63c41?s=96&d=mm&r=g\",\"caption\":\"C\u00e9sar Amado Hern\u00e1ndez\"},\"url\":\"https:\\\/\\\/blogs.uninter.edu.mx\\\/ehli\\\/index.php\\\/author\\\/chernandez\\\/\"}]}<\/script>\r\n<!-- \/ Yoast SEO plugin. -->","yoast_head_json":{"title":"La Diplomacia Mexicana: Entre Principios Constitucionales y Realidades Internacionales - EHLI","robots":{"index":"index","follow":"follow","max-snippet":"max-snippet:-1","max-image-preview":"max-image-preview:large","max-video-preview":"max-video-preview:-1"},"canonical":"https:\/\/blogs.uninter.edu.mx\/ehli\/index.php\/2023\/11\/09\/la-diplomacia-mexicana-entre-principios-constitucionales-y-realidades-internacionales\/","og_locale":"es_MX","og_type":"article","og_title":"La Diplomacia Mexicana: Entre Principios Constitucionales y Realidades Internacionales - EHLI","og_description":"Conocido coloquialmente en el \u00e1mbito de las Relaciones Internacionales como &#8220;el amigo de todos, enemigo de nadie&#8221;, M\u00e9xico ha basado su actuar a lo largo de los a\u00f1os en los lineamientos constitucionales. De acuerdo con el art\u00edculo 89, fracci\u00f3n X, la pol\u00edtica exterior mexicana debe regirse por siete principios: no intervenci\u00f3n, libre autodeterminaci\u00f3n de los&hellip;","og_url":"https:\/\/blogs.uninter.edu.mx\/ehli\/index.php\/2023\/11\/09\/la-diplomacia-mexicana-entre-principios-constitucionales-y-realidades-internacionales\/","og_site_name":"EHLI","article_published_time":"2023-11-09T08:30:00+00:00","article_modified_time":"2023-11-13T18:01:57+00:00","og_image":[{"url":"https:\/\/blogs.uninter.edu.mx\/ehli\/wp-content\/uploads\/2023\/11\/image-5.png","type":"","width":"","height":""}],"author":"C\u00e9sar Amado Hern\u00e1ndez","twitter_card":"summary_large_image","twitter_misc":{"Escrito por":"C\u00e9sar Amado Hern\u00e1ndez","Tiempo de lectura":"4 minutos"},"schema":{"@context":"https:\/\/schema.org","@graph":[{"@type":"Article","@id":"https:\/\/blogs.uninter.edu.mx\/ehli\/index.php\/2023\/11\/09\/la-diplomacia-mexicana-entre-principios-constitucionales-y-realidades-internacionales\/#article","isPartOf":{"@id":"https:\/\/blogs.uninter.edu.mx\/ehli\/index.php\/2023\/11\/09\/la-diplomacia-mexicana-entre-principios-constitucionales-y-realidades-internacionales\/"},"author":{"name":"C\u00e9sar Amado Hern\u00e1ndez","@id":"https:\/\/blogs.uninter.edu.mx\/ehli\/#\/schema\/person\/89e2b97c199ad042807428af3cb44138"},"headline":"La Diplomacia Mexicana: Entre Principios Constitucionales y Realidades Internacionales","datePublished":"2023-11-09T08:30:00+00:00","dateModified":"2023-11-13T18:01:57+00:00","mainEntityOfPage":{"@id":"https:\/\/blogs.uninter.edu.mx\/ehli\/index.php\/2023\/11\/09\/la-diplomacia-mexicana-entre-principios-constitucionales-y-realidades-internacionales\/"},"wordCount":590,"commentCount":0,"image":{"@id":"https:\/\/blogs.uninter.edu.mx\/ehli\/index.php\/2023\/11\/09\/la-diplomacia-mexicana-entre-principios-constitucionales-y-realidades-internacionales\/#primaryimage"},"thumbnailUrl":"https:\/\/blogs.uninter.edu.mx\/ehli\/wp-content\/uploads\/2023\/11\/image-5.png","keywords":["CPEUM","Diplomacia","Internacionales","Israel","M\u00e9xico","Palestina"],"articleSection":["Lic. en Relaciones Internacionales","Lic. en Relaciones Internacionales y Ciencias Pol\u00edticas","Lic. en Relaciones Internacionales y Econom\u00eda","Relaciones Internacionales"],"inLanguage":"es","potentialAction":[{"@type":"CommentAction","name":"Comment","target":["https:\/\/blogs.uninter.edu.mx\/ehli\/index.php\/2023\/11\/09\/la-diplomacia-mexicana-entre-principios-constitucionales-y-realidades-internacionales\/#respond"]}]},{"@type":"WebPage","@id":"https:\/\/blogs.uninter.edu.mx\/ehli\/index.php\/2023\/11\/09\/la-diplomacia-mexicana-entre-principios-constitucionales-y-realidades-internacionales\/","url":"https:\/\/blogs.uninter.edu.mx\/ehli\/index.php\/2023\/11\/09\/la-diplomacia-mexicana-entre-principios-constitucionales-y-realidades-internacionales\/","name":"La Diplomacia Mexicana: Entre Principios Constitucionales y Realidades Internacionales - EHLI","isPartOf":{"@id":"https:\/\/blogs.uninter.edu.mx\/ehli\/#website"},"primaryImageOfPage":{"@id":"https:\/\/blogs.uninter.edu.mx\/ehli\/index.php\/2023\/11\/09\/la-diplomacia-mexicana-entre-principios-constitucionales-y-realidades-internacionales\/#primaryimage"},"image":{"@id":"https:\/\/blogs.uninter.edu.mx\/ehli\/index.php\/2023\/11\/09\/la-diplomacia-mexicana-entre-principios-constitucionales-y-realidades-internacionales\/#primaryimage"},"thumbnailUrl":"https:\/\/blogs.uninter.edu.mx\/ehli\/wp-content\/uploads\/2023\/11\/image-5.png","datePublished":"2023-11-09T08:30:00+00:00","dateModified":"2023-11-13T18:01:57+00:00","author":{"@id":"https:\/\/blogs.uninter.edu.mx\/ehli\/#\/schema\/person\/89e2b97c199ad042807428af3cb44138"},"breadcrumb":{"@id":"https:\/\/blogs.uninter.edu.mx\/ehli\/index.php\/2023\/11\/09\/la-diplomacia-mexicana-entre-principios-constitucionales-y-realidades-internacionales\/#breadcrumb"},"inLanguage":"es","potentialAction":[{"@type":"ReadAction","target":["https:\/\/blogs.uninter.edu.mx\/ehli\/index.php\/2023\/11\/09\/la-diplomacia-mexicana-entre-principios-constitucionales-y-realidades-internacionales\/"]}]},{"@type":"ImageObject","inLanguage":"es","@id":"https:\/\/blogs.uninter.edu.mx\/ehli\/index.php\/2023\/11\/09\/la-diplomacia-mexicana-entre-principios-constitucionales-y-realidades-internacionales\/#primaryimage","url":"https:\/\/blogs.uninter.edu.mx\/ehli\/wp-content\/uploads\/2023\/11\/image-5.png","contentUrl":"https:\/\/blogs.uninter.edu.mx\/ehli\/wp-content\/uploads\/2023\/11\/image-5.png","width":1200,"height":630},{"@type":"BreadcrumbList","@id":"https:\/\/blogs.uninter.edu.mx\/ehli\/index.php\/2023\/11\/09\/la-diplomacia-mexicana-entre-principios-constitucionales-y-realidades-internacionales\/#breadcrumb","itemListElement":[{"@type":"ListItem","position":1,"name":"Inicio","item":"https:\/\/blogs.uninter.edu.mx\/ehli\/"},{"@type":"ListItem","position":2,"name":"La Diplomacia Mexicana: Entre Principios Constitucionales y Realidades Internacionales"}]},{"@type":"WebSite","@id":"https:\/\/blogs.uninter.edu.mx\/ehli\/#website","url":"https:\/\/blogs.uninter.edu.mx\/ehli\/","name":"EHLI","description":"UNINTER","potentialAction":[{"@type":"SearchAction","target":{"@type":"EntryPoint","urlTemplate":"https:\/\/blogs.uninter.edu.mx\/ehli\/?s={search_term_string}"},"query-input":{"@type":"PropertyValueSpecification","valueRequired":true,"valueName":"search_term_string"}}],"inLanguage":"es"},{"@type":"Person","@id":"https:\/\/blogs.uninter.edu.mx\/ehli\/#\/schema\/person\/89e2b97c199ad042807428af3cb44138","name":"C\u00e9sar Amado Hern\u00e1ndez","image":{"@type":"ImageObject","inLanguage":"es","@id":"https:\/\/secure.gravatar.com\/avatar\/8d09ed71906ff58ce7dac0f5684eac8b595ff284dd928e554af67793e0b63c41?s=96&d=mm&r=g","url":"https:\/\/secure.gravatar.com\/avatar\/8d09ed71906ff58ce7dac0f5684eac8b595ff284dd928e554af67793e0b63c41?s=96&d=mm&r=g","contentUrl":"https:\/\/secure.gravatar.com\/avatar\/8d09ed71906ff58ce7dac0f5684eac8b595ff284dd928e554af67793e0b63c41?s=96&d=mm&r=g","caption":"C\u00e9sar Amado Hern\u00e1ndez"},"url":"https:\/\/blogs.uninter.edu.mx\/ehli\/index.php\/author\/chernandez\/"}]}},"jetpack_featured_media_url":"","_links":{"self":[{"href":"https:\/\/blogs.uninter.edu.mx\/ehli\/index.php\/wp-json\/wp\/v2\/posts\/8992","targetHints":{"allow":["GET"]}}],"collection":[{"href":"https:\/\/blogs.uninter.edu.mx\/ehli\/index.php\/wp-json\/wp\/v2\/posts"}],"about":[{"href":"https:\/\/blogs.uninter.edu.mx\/ehli\/index.php\/wp-json\/wp\/v2\/types\/post"}],"author":[{"embeddable":true,"href":"https:\/\/blogs.uninter.edu.mx\/ehli\/index.php\/wp-json\/wp\/v2\/users\/33"}],"replies":[{"embeddable":true,"href":"https:\/\/blogs.uninter.edu.mx\/ehli\/index.php\/wp-json\/wp\/v2\/comments?post=8992"}],"version-history":[{"count":3,"href":"https:\/\/blogs.uninter.edu.mx\/ehli\/index.php\/wp-json\/wp\/v2\/posts\/8992\/revisions"}],"predecessor-version":[{"id":9008,"href":"https:\/\/blogs.uninter.edu.mx\/ehli\/index.php\/wp-json\/wp\/v2\/posts\/8992\/revisions\/9008"}],"wp:attachment":[{"href":"https:\/\/blogs.uninter.edu.mx\/ehli\/index.php\/wp-json\/wp\/v2\/media?parent=8992"}],"wp:term":[{"taxonomy":"category","embeddable":true,"href":"https:\/\/blogs.uninter.edu.mx\/ehli\/index.php\/wp-json\/wp\/v2\/categories?post=8992"},{"taxonomy":"post_tag","embeddable":true,"href":"https:\/\/blogs.uninter.edu.mx\/ehli\/index.php\/wp-json\/wp\/v2\/tags?post=8992"}],"curies":[{"name":"wp","href":"https:\/\/api.w.org\/{rel}","templated":true}]}}