{"id":2282,"date":"2026-04-28T21:43:23","date_gmt":"2026-04-28T19:43:23","guid":{"rendered":"https:\/\/blogs.uninter.edu.mx\/internacionalizacion\/?p=2282"},"modified":"2026-04-28T21:43:27","modified_gmt":"2026-04-28T19:43:27","slug":"platica-intercultural-belgica-siu-uninter","status":"publish","type":"post","link":"https:\/\/blogs.uninter.edu.mx\/internacionalizacion\/index.php\/platica-intercultural-belgica-siu-uninter\/","title":{"rendered":"Pl\u00e1tica intercultural sobre B\u00e9lgica fortalece la visi\u00f3n global en estudiantes de SIU UNINTER"},"content":{"rendered":"\n<p>Como parte de su formaci\u00f3n multicultural e internacional, los estudiantes de primer a\u00f1o de Secundaria Internacional UNINTER participaron el pasado viernes 24 de abril en una pl\u00e1tica intercultural en ingl\u00e9s sobre B\u00e9lgica, impartida por L\u00e9a Dumont, practicante internacional que actualmente realiza su estancia profesional en <a href=\"https:\/\/universidad.uninter.edu.mx\/\">Universidad Internacional UNINTER<\/a>. <\/p>\n\n\n\n<p>Estas experiencias forman parte del modelo acad\u00e9mico de SIU, el cual busca desarrollar j\u00f3venes con visi\u00f3n global y competencias interculturales.<\/p>\n\n\n\n<p>Durante la actividad, los alumnos conocieron datos interesantes sobre la cultura belga, sus costumbres, idiomas y aspectos representativos de la vida cotidiana en este pa\u00eds europeo. Adem\u00e1s de adquirir nuevos conocimientos, esta pl\u00e1tica intercultural en <a href=\"https:\/\/siu.uninter.edu.mx\/\">SIU UNINTER<\/a> permiti\u00f3 a los estudiantes practicar su comprensi\u00f3n del idioma ingl\u00e9s en un contexto din\u00e1mico y aut\u00e9ntico.<\/p>\n\n\n\n<figure class=\"wp-block-gallery has-nested-images columns-default is-cropped wp-block-gallery-1 is-layout-flex wp-block-gallery-is-layout-flex\">\n<figure class=\"wp-block-image size-large\"><img loading=\"lazy\" decoding=\"async\" width=\"4032\" height=\"3024\" data-id=\"2283\" src=\"https:\/\/blogs.uninter.edu.mx\/internacionalizacion\/wp-content\/uploads\/2026\/04\/WhatsApp-Image-2026-04-28-at-1.38.36-PM.jpeg\" alt=\"\" class=\"wp-image-2283\"\/><\/figure>\n<\/figure>\n\n\n\n<p>La interacci\u00f3n con perfiles internacionales dentro del aula fortalece la apertura cultural de los j\u00f3venes y los prepara para desenvolverse en entornos globalizados, uno de los principales objetivos de la Secundaria Internacional UNINTER, instituci\u00f3n reconocida por impulsar el intercambio cultural y la formaci\u00f3n internacional desde nivel secundaria.<\/p>\n\n\n\n<p>En SIU continuamos generando <a href=\"https:\/\/blogs.uninter.edu.mx\/internacionalizacion\/index.php\/category\/intercambios-academicos\/viajes-culturales\/\">espacios acad\u00e9micos<\/a> que acercan a nuestros estudiantes a otras culturas del mundo y enriquecen su aprendizaje de manera significativa.<\/p>\n","protected":false},"excerpt":{"rendered":"<p>Como parte de su formaci\u00f3n multicultural e internacional, los estudiantes de primer a\u00f1o de Secundaria Internacional UNINTER participaron el pasado viernes 24 de abril en una pl\u00e1tica intercultural en ingl\u00e9s sobre B\u00e9lgica, impartida por L\u00e9a Dumont, practicante internacional que actualmente realiza su estancia profesional en Universidad Internacional UNINTER. Estas experiencias forman parte del modelo acad\u00e9mico&hellip;<\/p>\n","protected":false},"author":17,"featured_media":0,"comment_status":"open","ping_status":"open","sticky":false,"template":"","format":"standard","meta":{"footnotes":""},"categories":[1],"tags":[],"class_list":["post-2282","post","type-post","status-publish","format-standard","hentry","category-sin-categoria"],"yoast_head":"<!-- This site is optimized with the Yoast SEO plugin v26.6 - https:\/\/yoast.com\/wordpress\/plugins\/seo\/ -->\r\n<title>Platica SIU UNINTER<\/title>\r\n<meta name=\"description\" content=\"Estudiantes de primer a\u00f1o de SIU UNINTER participaron en una pl\u00e1tica intercultural en ingl\u00e9s sobre B\u00e9lgica.\" \/>\r\n<meta name=\"robots\" content=\"index, follow, max-snippet:-1, max-image-preview:large, max-video-preview:-1\" \/>\r\n<link rel=\"canonical\" href=\"https:\/\/blogs.uninter.edu.mx\/internacionalizacion\/index.php\/platica-intercultural-belgica-siu-uninter\/\" \/>\r\n<meta property=\"og:locale\" content=\"es_ES\" \/>\r\n<meta property=\"og:type\" content=\"article\" \/>\r\n<meta property=\"og:title\" content=\"Platica SIU UNINTER\" \/>\r\n<meta property=\"og:description\" content=\"Estudiantes de primer a\u00f1o de SIU UNINTER participaron en una pl\u00e1tica intercultural en ingl\u00e9s sobre B\u00e9lgica.\" \/>\r\n<meta property=\"og:url\" content=\"https:\/\/blogs.uninter.edu.mx\/internacionalizacion\/index.php\/platica-intercultural-belgica-siu-uninter\/\" \/>\r\n<meta property=\"og:site_name\" content=\"Internacionalizaci\u00f3n UNINTER\" \/>\r\n<meta property=\"article:published_time\" content=\"2026-04-28T19:43:23+00:00\" \/>\r\n<meta property=\"article:modified_time\" content=\"2026-04-28T19:43:27+00:00\" \/>\r\n<meta property=\"og:image\" content=\"https:\/\/blogs.uninter.edu.mx\/internacionalizacion\/wp-content\/uploads\/2026\/04\/WhatsApp-Image-2026-04-28-at-1.38.36-PM.jpeg\" \/>\r\n\t<meta property=\"og:image:width\" content=\"4032\" \/>\r\n\t<meta property=\"og:image:height\" content=\"3024\" \/>\r\n\t<meta property=\"og:image:type\" content=\"image\/jpeg\" \/>\r\n<meta name=\"author\" content=\"Jackeline Yerani Moreno Vega\" \/>\r\n<meta name=\"twitter:card\" content=\"summary_large_image\" \/>\r\n<meta name=\"twitter:label1\" content=\"Escrito por\" \/>\n\t<meta name=\"twitter:data1\" content=\"Jackeline Yerani Moreno Vega\" \/>\n\t<meta name=\"twitter:label2\" content=\"Tiempo de lectura\" \/>\n\t<meta name=\"twitter:data2\" content=\"2 minutos\" \/>\r\n<script type=\"application\/ld+json\" class=\"yoast-schema-graph\">{\"@context\":\"https:\/\/schema.org\",\"@graph\":[{\"@type\":\"WebPage\",\"@id\":\"https:\/\/blogs.uninter.edu.mx\/internacionalizacion\/index.php\/platica-intercultural-belgica-siu-uninter\/\",\"url\":\"https:\/\/blogs.uninter.edu.mx\/internacionalizacion\/index.php\/platica-intercultural-belgica-siu-uninter\/\",\"name\":\"Platica SIU UNINTER\",\"isPartOf\":{\"@id\":\"https:\/\/blogs.uninter.edu.mx\/internacionalizacion\/#website\"},\"primaryImageOfPage\":{\"@id\":\"https:\/\/blogs.uninter.edu.mx\/internacionalizacion\/index.php\/platica-intercultural-belgica-siu-uninter\/#primaryimage\"},\"image\":{\"@id\":\"https:\/\/blogs.uninter.edu.mx\/internacionalizacion\/index.php\/platica-intercultural-belgica-siu-uninter\/#primaryimage\"},\"thumbnailUrl\":\"https:\/\/blogs.uninter.edu.mx\/internacionalizacion\/wp-content\/uploads\/2026\/04\/WhatsApp-Image-2026-04-28-at-1.38.36-PM.jpeg\",\"datePublished\":\"2026-04-28T19:43:23+00:00\",\"dateModified\":\"2026-04-28T19:43:27+00:00\",\"author\":{\"@id\":\"https:\/\/blogs.uninter.edu.mx\/internacionalizacion\/#\/schema\/person\/82613626dc9225bdfa812785d09ecdf7\"},\"description\":\"Estudiantes de primer a\u00f1o de SIU UNINTER participaron en una pl\u00e1tica intercultural en ingl\u00e9s sobre B\u00e9lgica.\",\"breadcrumb\":{\"@id\":\"https:\/\/blogs.uninter.edu.mx\/internacionalizacion\/index.php\/platica-intercultural-belgica-siu-uninter\/#breadcrumb\"},\"inLanguage\":\"es\",\"potentialAction\":[{\"@type\":\"ReadAction\",\"target\":[\"https:\/\/blogs.uninter.edu.mx\/internacionalizacion\/index.php\/platica-intercultural-belgica-siu-uninter\/\"]}]},{\"@type\":\"ImageObject\",\"inLanguage\":\"es\",\"@id\":\"https:\/\/blogs.uninter.edu.mx\/internacionalizacion\/index.php\/platica-intercultural-belgica-siu-uninter\/#primaryimage\",\"url\":\"https:\/\/blogs.uninter.edu.mx\/internacionalizacion\/wp-content\/uploads\/2026\/04\/WhatsApp-Image-2026-04-28-at-1.38.36-PM.jpeg\",\"contentUrl\":\"https:\/\/blogs.uninter.edu.mx\/internacionalizacion\/wp-content\/uploads\/2026\/04\/WhatsApp-Image-2026-04-28-at-1.38.36-PM.jpeg\",\"width\":4032,\"height\":3024},{\"@type\":\"BreadcrumbList\",\"@id\":\"https:\/\/blogs.uninter.edu.mx\/internacionalizacion\/index.php\/platica-intercultural-belgica-siu-uninter\/#breadcrumb\",\"itemListElement\":[{\"@type\":\"ListItem\",\"position\":1,\"name\":\"Portada\",\"item\":\"https:\/\/blogs.uninter.edu.mx\/internacionalizacion\/\"},{\"@type\":\"ListItem\",\"position\":2,\"name\":\"Pl\u00e1tica intercultural sobre B\u00e9lgica fortalece la visi\u00f3n global en estudiantes de SIU UNINTER\"}]},{\"@type\":\"WebSite\",\"@id\":\"https:\/\/blogs.uninter.edu.mx\/internacionalizacion\/#website\",\"url\":\"https:\/\/blogs.uninter.edu.mx\/internacionalizacion\/\",\"name\":\"Internacionalizaci\u00f3n UNINTER\",\"description\":\"\",\"potentialAction\":[{\"@type\":\"SearchAction\",\"target\":{\"@type\":\"EntryPoint\",\"urlTemplate\":\"https:\/\/blogs.uninter.edu.mx\/internacionalizacion\/?s={search_term_string}\"},\"query-input\":{\"@type\":\"PropertyValueSpecification\",\"valueRequired\":true,\"valueName\":\"search_term_string\"}}],\"inLanguage\":\"es\"},{\"@type\":\"Person\",\"@id\":\"https:\/\/blogs.uninter.edu.mx\/internacionalizacion\/#\/schema\/person\/82613626dc9225bdfa812785d09ecdf7\",\"name\":\"Jackeline Yerani Moreno Vega\",\"image\":{\"@type\":\"ImageObject\",\"inLanguage\":\"es\",\"@id\":\"https:\/\/blogs.uninter.edu.mx\/internacionalizacion\/#\/schema\/person\/image\/\",\"url\":\"https:\/\/secure.gravatar.com\/avatar\/b8d519f6f848c402b8e70b08aebe9d52c38413a0400013528f3dfbd2d03c3efc?s=96&d=mm&r=g\",\"contentUrl\":\"https:\/\/secure.gravatar.com\/avatar\/b8d519f6f848c402b8e70b08aebe9d52c38413a0400013528f3dfbd2d03c3efc?s=96&d=mm&r=g\",\"caption\":\"Jackeline Yerani Moreno Vega\"},\"url\":\"https:\/\/blogs.uninter.edu.mx\/internacionalizacion\/index.php\/author\/jamoreno\/\"}]}<\/script>\r\n<!-- \/ Yoast SEO plugin. -->","yoast_head_json":{"title":"Platica SIU UNINTER","description":"Estudiantes de primer a\u00f1o de SIU UNINTER participaron en una pl\u00e1tica intercultural en ingl\u00e9s sobre B\u00e9lgica.","robots":{"index":"index","follow":"follow","max-snippet":"max-snippet:-1","max-image-preview":"max-image-preview:large","max-video-preview":"max-video-preview:-1"},"canonical":"https:\/\/blogs.uninter.edu.mx\/internacionalizacion\/index.php\/platica-intercultural-belgica-siu-uninter\/","og_locale":"es_ES","og_type":"article","og_title":"Platica SIU UNINTER","og_description":"Estudiantes de primer a\u00f1o de SIU UNINTER participaron en una pl\u00e1tica intercultural en ingl\u00e9s sobre B\u00e9lgica.","og_url":"https:\/\/blogs.uninter.edu.mx\/internacionalizacion\/index.php\/platica-intercultural-belgica-siu-uninter\/","og_site_name":"Internacionalizaci\u00f3n UNINTER","article_published_time":"2026-04-28T19:43:23+00:00","article_modified_time":"2026-04-28T19:43:27+00:00","og_image":[{"width":4032,"height":3024,"url":"https:\/\/blogs.uninter.edu.mx\/internacionalizacion\/wp-content\/uploads\/2026\/04\/WhatsApp-Image-2026-04-28-at-1.38.36-PM.jpeg","type":"image\/jpeg"}],"author":"Jackeline Yerani Moreno Vega","twitter_card":"summary_large_image","twitter_misc":{"Escrito por":"Jackeline Yerani Moreno Vega","Tiempo de lectura":"2 minutos"},"schema":{"@context":"https:\/\/schema.org","@graph":[{"@type":"WebPage","@id":"https:\/\/blogs.uninter.edu.mx\/internacionalizacion\/index.php\/platica-intercultural-belgica-siu-uninter\/","url":"https:\/\/blogs.uninter.edu.mx\/internacionalizacion\/index.php\/platica-intercultural-belgica-siu-uninter\/","name":"Platica SIU UNINTER","isPartOf":{"@id":"https:\/\/blogs.uninter.edu.mx\/internacionalizacion\/#website"},"primaryImageOfPage":{"@id":"https:\/\/blogs.uninter.edu.mx\/internacionalizacion\/index.php\/platica-intercultural-belgica-siu-uninter\/#primaryimage"},"image":{"@id":"https:\/\/blogs.uninter.edu.mx\/internacionalizacion\/index.php\/platica-intercultural-belgica-siu-uninter\/#primaryimage"},"thumbnailUrl":"https:\/\/blogs.uninter.edu.mx\/internacionalizacion\/wp-content\/uploads\/2026\/04\/WhatsApp-Image-2026-04-28-at-1.38.36-PM.jpeg","datePublished":"2026-04-28T19:43:23+00:00","dateModified":"2026-04-28T19:43:27+00:00","author":{"@id":"https:\/\/blogs.uninter.edu.mx\/internacionalizacion\/#\/schema\/person\/82613626dc9225bdfa812785d09ecdf7"},"description":"Estudiantes de primer a\u00f1o de SIU UNINTER participaron en una pl\u00e1tica intercultural en ingl\u00e9s sobre B\u00e9lgica.","breadcrumb":{"@id":"https:\/\/blogs.uninter.edu.mx\/internacionalizacion\/index.php\/platica-intercultural-belgica-siu-uninter\/#breadcrumb"},"inLanguage":"es","potentialAction":[{"@type":"ReadAction","target":["https:\/\/blogs.uninter.edu.mx\/internacionalizacion\/index.php\/platica-intercultural-belgica-siu-uninter\/"]}]},{"@type":"ImageObject","inLanguage":"es","@id":"https:\/\/blogs.uninter.edu.mx\/internacionalizacion\/index.php\/platica-intercultural-belgica-siu-uninter\/#primaryimage","url":"https:\/\/blogs.uninter.edu.mx\/internacionalizacion\/wp-content\/uploads\/2026\/04\/WhatsApp-Image-2026-04-28-at-1.38.36-PM.jpeg","contentUrl":"https:\/\/blogs.uninter.edu.mx\/internacionalizacion\/wp-content\/uploads\/2026\/04\/WhatsApp-Image-2026-04-28-at-1.38.36-PM.jpeg","width":4032,"height":3024},{"@type":"BreadcrumbList","@id":"https:\/\/blogs.uninter.edu.mx\/internacionalizacion\/index.php\/platica-intercultural-belgica-siu-uninter\/#breadcrumb","itemListElement":[{"@type":"ListItem","position":1,"name":"Portada","item":"https:\/\/blogs.uninter.edu.mx\/internacionalizacion\/"},{"@type":"ListItem","position":2,"name":"Pl\u00e1tica intercultural sobre B\u00e9lgica fortalece la visi\u00f3n global en estudiantes de SIU UNINTER"}]},{"@type":"WebSite","@id":"https:\/\/blogs.uninter.edu.mx\/internacionalizacion\/#website","url":"https:\/\/blogs.uninter.edu.mx\/internacionalizacion\/","name":"Internacionalizaci\u00f3n UNINTER","description":"","potentialAction":[{"@type":"SearchAction","target":{"@type":"EntryPoint","urlTemplate":"https:\/\/blogs.uninter.edu.mx\/internacionalizacion\/?s={search_term_string}"},"query-input":{"@type":"PropertyValueSpecification","valueRequired":true,"valueName":"search_term_string"}}],"inLanguage":"es"},{"@type":"Person","@id":"https:\/\/blogs.uninter.edu.mx\/internacionalizacion\/#\/schema\/person\/82613626dc9225bdfa812785d09ecdf7","name":"Jackeline Yerani Moreno Vega","image":{"@type":"ImageObject","inLanguage":"es","@id":"https:\/\/blogs.uninter.edu.mx\/internacionalizacion\/#\/schema\/person\/image\/","url":"https:\/\/secure.gravatar.com\/avatar\/b8d519f6f848c402b8e70b08aebe9d52c38413a0400013528f3dfbd2d03c3efc?s=96&d=mm&r=g","contentUrl":"https:\/\/secure.gravatar.com\/avatar\/b8d519f6f848c402b8e70b08aebe9d52c38413a0400013528f3dfbd2d03c3efc?s=96&d=mm&r=g","caption":"Jackeline Yerani Moreno Vega"},"url":"https:\/\/blogs.uninter.edu.mx\/internacionalizacion\/index.php\/author\/jamoreno\/"}]}},"jetpack_featured_media_url":"","_links":{"self":[{"href":"https:\/\/blogs.uninter.edu.mx\/internacionalizacion\/index.php\/wp-json\/wp\/v2\/posts\/2282","targetHints":{"allow":["GET"]}}],"collection":[{"href":"https:\/\/blogs.uninter.edu.mx\/internacionalizacion\/index.php\/wp-json\/wp\/v2\/posts"}],"about":[{"href":"https:\/\/blogs.uninter.edu.mx\/internacionalizacion\/index.php\/wp-json\/wp\/v2\/types\/post"}],"author":[{"embeddable":true,"href":"https:\/\/blogs.uninter.edu.mx\/internacionalizacion\/index.php\/wp-json\/wp\/v2\/users\/17"}],"replies":[{"embeddable":true,"href":"https:\/\/blogs.uninter.edu.mx\/internacionalizacion\/index.php\/wp-json\/wp\/v2\/comments?post=2282"}],"version-history":[{"count":1,"href":"https:\/\/blogs.uninter.edu.mx\/internacionalizacion\/index.php\/wp-json\/wp\/v2\/posts\/2282\/revisions"}],"predecessor-version":[{"id":2284,"href":"https:\/\/blogs.uninter.edu.mx\/internacionalizacion\/index.php\/wp-json\/wp\/v2\/posts\/2282\/revisions\/2284"}],"wp:attachment":[{"href":"https:\/\/blogs.uninter.edu.mx\/internacionalizacion\/index.php\/wp-json\/wp\/v2\/media?parent=2282"}],"wp:term":[{"taxonomy":"category","embeddable":true,"href":"https:\/\/blogs.uninter.edu.mx\/internacionalizacion\/index.php\/wp-json\/wp\/v2\/categories?post=2282"},{"taxonomy":"post_tag","embeddable":true,"href":"https:\/\/blogs.uninter.edu.mx\/internacionalizacion\/index.php\/wp-json\/wp\/v2\/tags?post=2282"}],"curies":[{"name":"wp","href":"https:\/\/api.w.org\/{rel}","templated":true}]}}