{"id":1062,"date":"2021-09-02T14:14:58","date_gmt":"2021-09-02T14:14:58","guid":{"rendered":"https:\/\/blogs.uninter.edu.mx\/uninterinforma\/?p=1062"},"modified":"2021-09-02T14:15:01","modified_gmt":"2021-09-02T14:15:01","slug":"broadway-esta-de-regreso-y-lo-anuncia-con-el-emotivo-cortometraje-this-is-broadway","status":"publish","type":"post","link":"https:\/\/blogs.uninter.edu.mx\/uninterinforma\/index.php\/2021\/09\/02\/broadway-esta-de-regreso-y-lo-anuncia-con-el-emotivo-cortometraje-this-is-broadway\/","title":{"rendered":"Broadway est\u00e1 de regreso y lo anuncia con el emotivo cortometraje, THIS IS BROADWAY."},"content":{"rendered":"\n<p>Broadway League,\u00a0la asociaci\u00f3n estadounidense que agrupa a los diversos recintos y productores de Nueva York, \u00a0celebr\u00f3 su regreso con el lanzamiento del cortometraje \u201cThis is Broadway\u201d, una iniciativa que invita al p\u00fablico a volver a los teatros.<\/p>\n\n\n\n<p>Despu\u00e9s de un a\u00f1o y medio del cierre de los teatros\u00a0 a causa de la pandemia,\u00a0<\/p>\n\n\n\n<figure class=\"wp-block-image size-large\"><img loading=\"lazy\" decoding=\"async\" width=\"1100\" height=\"617\" src=\"https:\/\/blogs.uninter.edu.mx\/uninterinforma\/wp-content\/uploads\/2021\/09\/81299-istock-458410201.jpg\" alt=\"\" class=\"wp-image-1063\"\/><\/figure>\n\n\n\n<blockquote class=\"wp-block-quote is-layout-flow wp-block-quote-is-layout-flow\"><p>\u201cThis is Broadway re\u00fane la alegr\u00eda y la emoci\u00f3n que todos sentimos por esta forma de arte y el repunte de la ciudad de Nueva York\u201d<\/p><cite>Charlotte St Martin, presidenta de Broadway League.<\/cite><\/blockquote>\n\n\n\n<p>Este sector trae consigo el regreso de 97 mil personas a sus puestos de trabajo.<\/p>\n\n\n\n<p>Este regreso tambi\u00e9n estar\u00e1 acompa\u00f1ado por el evento Empire State Building, que estar\u00e1 protagonizado por las actrices Ana Villafa\u00f1e y Bianca Marroqu\u00edn, del musical \u201cChicago\u201d.<\/p>\n\n\n\n<p>Adem\u00e1s, del 17 al 19 de septiembre se presentar\u00e1n obras de teatro al aire libre en Times Square en un festival gratuito titulado \u201cCurtain Up!\u201d (\u201cArriba el tel\u00f3n\u201d), y se realizar\u00e1 un concurso donde el ganador tendr\u00e1 acceso a cuatro entradas para cada uno de los 37 espect\u00e1culos de Broadway en la temporada de 2021-2022.<\/p>\n\n\n\n<figure class=\"wp-block-embed is-type-video is-provider-youtube wp-block-embed-youtube wp-embed-aspect-16-9 wp-has-aspect-ratio\"><div class=\"wp-block-embed__wrapper\">\n<iframe loading=\"lazy\" title=\"This Is Broadway\" width=\"700\" height=\"394\" src=\"https:\/\/www.youtube.com\/embed\/vFIvsNJShYQ?feature=oembed\" frameborder=\"0\" allow=\"accelerometer; autoplay; clipboard-write; encrypted-media; gyroscope; picture-in-picture\" allowfullscreen><\/iframe>\n<\/div><\/figure>\n\n\n\n<p>Durante los dos minutos que dura el video, vemos desfilando diversos espect\u00e1culos en los que podemos reconocer a grandes figuras del teatro musical como Lin Manuel Miranda, Sara Bareilles, Billy Porter, Denzel Washington, Angela Lansbury, Barbrentre otras personalidades, con la voz en off de la presentadora de televisi\u00f3n,\u00a0Oprah Winfrey.<\/p>\n\n\n\n<figure class=\"wp-block-embed is-type-rich is-provider-spotify wp-block-embed-spotify wp-embed-aspect-21-9 wp-has-aspect-ratio\"><div class=\"wp-block-embed__wrapper\">\n<iframe loading=\"lazy\" title=\"Spotify Embed: Uninter Informa Al Aire \" width=\"100%\" height=\"232\" allowtransparency=\"true\" frameborder=\"0\" allow=\"encrypted-media\" src=\"https:\/\/open.spotify.com\/embed\/show\/3vCCpSHMZObF3iPZK1dabx\"><\/iframe>\n<\/div><\/figure>\n\n\n\n<p class=\"has-text-align-center\">Recuerda que tambi\u00e9n puedes escucharnos en Apple Podcast\u00a0<a href=\"https:\/\/podcasts.apple.com\/...\/uninter...\/id1556354012\">https:\/\/podcasts.apple.com\/\u2026\/uninter\u2026\/id1556354012<\/a><br>Conoce mas de nosotros en\u00a0<a href=\"https:\/\/blogs.uninter.edu.mx\/uninterinforma\/\">https:\/\/blogs.uninter.edu.mx\/uninterinforma\/<\/a><\/p>\n","protected":false},"excerpt":{"rendered":"<p>Broadway League,\u00a0la asociaci\u00f3n estadounidense que agrupa a los diversos recintos y productores de Nueva York, \u00a0celebr\u00f3 su regreso con el lanzamiento del cortometraje \u201cThis is Broadway\u201d, una iniciativa que invita al p\u00fablico a volver a los teatros. Despu\u00e9s de un a\u00f1o y medio del cierre de los teatros\u00a0 a causa de la pandemia,\u00a0 \u201cThis is&hellip;<\/p>\n","protected":false},"author":4,"featured_media":1063,"comment_status":"open","ping_status":"open","sticky":false,"template":"","format":"standard","meta":{"_jetpack_memberships_contains_paid_content":false,"footnotes":"","jetpack_publicize_message":"En #UninterInformaAlAire les anunciamos que Broadway est\u00e1 de regreso y lo anuncia con el emotivo cortometraje, THIS IS BROADWAY.\n\u00a1No te pierdas la nota aqu\u00ed! ","jetpack_publicize_feature_enabled":true,"jetpack_social_post_already_shared":true,"jetpack_social_options":{"image_generator_settings":{"template":"highway","default_image_id":0,"font":"","enabled":false},"version":2}},"categories":[585,10],"tags":[601,602,567,606,603,604,605],"class_list":["post-1062","post","type-post","status-publish","format-standard","has-post-thumbnail","hentry","category-espectaculos","category-notas-del-dia","tag-broadway","tag-broadway-leage","tag-espectaculos","tag-internacional","tag-nueva-york","tag-ny","tag-teatro"],"yoast_head":"<!-- This site is optimized with the Yoast SEO plugin v26.0 - https:\/\/yoast.com\/wordpress\/plugins\/seo\/ -->\r\n<title>Broadway est\u00e1 de regreso y lo anuncia con el corto, THIS IS BROADWAY.<\/title>\r\n<meta name=\"description\" content=\"Broadway, la asociaci\u00f3n que agrupa a los diversos recintos y productores de NY, celebr\u00f3 su regreso con el cortometraje \u201cThis is Broadway\u201d.\" \/>\r\n<meta name=\"robots\" content=\"index, follow, max-snippet:-1, max-image-preview:large, max-video-preview:-1\" \/>\r\n<link rel=\"canonical\" href=\"https:\/\/blogs.uninter.edu.mx\/uninterinforma\/index.php\/2021\/09\/02\/broadway-esta-de-regreso-y-lo-anuncia-con-el-emotivo-cortometraje-this-is-broadway\/\" \/>\r\n<meta property=\"og:locale\" content=\"es_MX\" \/>\r\n<meta property=\"og:type\" content=\"article\" \/>\r\n<meta property=\"og:title\" content=\"Broadway est\u00e1 de regreso y lo anuncia con el corto, THIS IS BROADWAY.\" \/>\r\n<meta property=\"og:description\" content=\"Broadway, la asociaci\u00f3n que agrupa a los diversos recintos y productores de NY, celebr\u00f3 su regreso con el cortometraje \u201cThis is Broadway\u201d.\" \/>\r\n<meta property=\"og:url\" content=\"https:\/\/blogs.uninter.edu.mx\/uninterinforma\/index.php\/2021\/09\/02\/broadway-esta-de-regreso-y-lo-anuncia-con-el-emotivo-cortometraje-this-is-broadway\/\" \/>\r\n<meta property=\"og:site_name\" content=\"Uninter Informa Al Aire\" \/>\r\n<meta property=\"article:published_time\" content=\"2021-09-02T14:14:58+00:00\" \/>\r\n<meta property=\"article:modified_time\" content=\"2021-09-02T14:15:01+00:00\" \/>\r\n<meta property=\"og:image\" content=\"https:\/\/blogs.uninter.edu.mx\/uninterinforma\/wp-content\/uploads\/2021\/09\/81299-istock-458410201.jpg\" \/>\r\n\t<meta property=\"og:image:width\" content=\"1100\" \/>\r\n\t<meta property=\"og:image:height\" content=\"617\" \/>\r\n\t<meta property=\"og:image:type\" content=\"image\/jpeg\" \/>\r\n<meta name=\"author\" content=\"Relaciones Publicas\" \/>\r\n<meta name=\"twitter:card\" content=\"summary_large_image\" \/>\r\n<meta name=\"twitter:label1\" content=\"Escrito por\" \/>\n\t<meta name=\"twitter:data1\" content=\"Relaciones Publicas\" \/>\n\t<meta name=\"twitter:label2\" content=\"Tiempo de lectura\" \/>\n\t<meta name=\"twitter:data2\" content=\"2 minutos\" \/>\r\n<script type=\"application\/ld+json\" class=\"yoast-schema-graph\">{\"@context\":\"https:\/\/schema.org\",\"@graph\":[{\"@type\":\"WebPage\",\"@id\":\"https:\/\/blogs.uninter.edu.mx\/uninterinforma\/index.php\/2021\/09\/02\/broadway-esta-de-regreso-y-lo-anuncia-con-el-emotivo-cortometraje-this-is-broadway\/\",\"url\":\"https:\/\/blogs.uninter.edu.mx\/uninterinforma\/index.php\/2021\/09\/02\/broadway-esta-de-regreso-y-lo-anuncia-con-el-emotivo-cortometraje-this-is-broadway\/\",\"name\":\"Broadway est\u00e1 de regreso y lo anuncia con el corto, THIS IS BROADWAY.\",\"isPartOf\":{\"@id\":\"https:\/\/blogs.uninter.edu.mx\/uninterinforma\/#website\"},\"primaryImageOfPage\":{\"@id\":\"https:\/\/blogs.uninter.edu.mx\/uninterinforma\/index.php\/2021\/09\/02\/broadway-esta-de-regreso-y-lo-anuncia-con-el-emotivo-cortometraje-this-is-broadway\/#primaryimage\"},\"image\":{\"@id\":\"https:\/\/blogs.uninter.edu.mx\/uninterinforma\/index.php\/2021\/09\/02\/broadway-esta-de-regreso-y-lo-anuncia-con-el-emotivo-cortometraje-this-is-broadway\/#primaryimage\"},\"thumbnailUrl\":\"https:\/\/blogs.uninter.edu.mx\/uninterinforma\/wp-content\/uploads\/2021\/09\/81299-istock-458410201.jpg\",\"datePublished\":\"2021-09-02T14:14:58+00:00\",\"dateModified\":\"2021-09-02T14:15:01+00:00\",\"author\":{\"@id\":\"https:\/\/blogs.uninter.edu.mx\/uninterinforma\/#\/schema\/person\/1a37438c5655bd11c00d94ae994493a6\"},\"description\":\"Broadway, la asociaci\u00f3n que agrupa a los diversos recintos y productores de NY, celebr\u00f3 su regreso con el cortometraje \u201cThis is Broadway\u201d.\",\"breadcrumb\":{\"@id\":\"https:\/\/blogs.uninter.edu.mx\/uninterinforma\/index.php\/2021\/09\/02\/broadway-esta-de-regreso-y-lo-anuncia-con-el-emotivo-cortometraje-this-is-broadway\/#breadcrumb\"},\"inLanguage\":\"es\",\"potentialAction\":[{\"@type\":\"ReadAction\",\"target\":[\"https:\/\/blogs.uninter.edu.mx\/uninterinforma\/index.php\/2021\/09\/02\/broadway-esta-de-regreso-y-lo-anuncia-con-el-emotivo-cortometraje-this-is-broadway\/\"]}]},{\"@type\":\"ImageObject\",\"inLanguage\":\"es\",\"@id\":\"https:\/\/blogs.uninter.edu.mx\/uninterinforma\/index.php\/2021\/09\/02\/broadway-esta-de-regreso-y-lo-anuncia-con-el-emotivo-cortometraje-this-is-broadway\/#primaryimage\",\"url\":\"https:\/\/blogs.uninter.edu.mx\/uninterinforma\/wp-content\/uploads\/2021\/09\/81299-istock-458410201.jpg\",\"contentUrl\":\"https:\/\/blogs.uninter.edu.mx\/uninterinforma\/wp-content\/uploads\/2021\/09\/81299-istock-458410201.jpg\",\"width\":1100,\"height\":617},{\"@type\":\"BreadcrumbList\",\"@id\":\"https:\/\/blogs.uninter.edu.mx\/uninterinforma\/index.php\/2021\/09\/02\/broadway-esta-de-regreso-y-lo-anuncia-con-el-emotivo-cortometraje-this-is-broadway\/#breadcrumb\",\"itemListElement\":[{\"@type\":\"ListItem\",\"position\":1,\"name\":\"Inicio\",\"item\":\"https:\/\/blogs.uninter.edu.mx\/uninterinforma\/\"},{\"@type\":\"ListItem\",\"position\":2,\"name\":\"Broadway est\u00e1 de regreso y lo anuncia con el emotivo cortometraje, THIS IS BROADWAY.\"}]},{\"@type\":\"WebSite\",\"@id\":\"https:\/\/blogs.uninter.edu.mx\/uninterinforma\/#website\",\"url\":\"https:\/\/blogs.uninter.edu.mx\/uninterinforma\/\",\"name\":\"Uninter Informa Al Aire\",\"description\":\"\u00a1Bienvenidos al sitio de Uninter Informa Al Aire, el programa de radio de la Universidad Internacional Uninter! Cine, M\u00fasica, Bienestar y mucho m\u00e1s solo para ti, \u00a1Bienvenido!   \",\"potentialAction\":[{\"@type\":\"SearchAction\",\"target\":{\"@type\":\"EntryPoint\",\"urlTemplate\":\"https:\/\/blogs.uninter.edu.mx\/uninterinforma\/?s={search_term_string}\"},\"query-input\":{\"@type\":\"PropertyValueSpecification\",\"valueRequired\":true,\"valueName\":\"search_term_string\"}}],\"inLanguage\":\"es\"},{\"@type\":\"Person\",\"@id\":\"https:\/\/blogs.uninter.edu.mx\/uninterinforma\/#\/schema\/person\/1a37438c5655bd11c00d94ae994493a6\",\"name\":\"Relaciones Publicas\",\"image\":{\"@type\":\"ImageObject\",\"inLanguage\":\"es\",\"@id\":\"https:\/\/blogs.uninter.edu.mx\/uninterinforma\/#\/schema\/person\/image\/\",\"url\":\"https:\/\/secure.gravatar.com\/avatar\/ab0f0f6bf72d19f075c311c1cd32f330dfc942713547802960188066790d5ebf?s=96&d=mm&r=g\",\"contentUrl\":\"https:\/\/secure.gravatar.com\/avatar\/ab0f0f6bf72d19f075c311c1cd32f330dfc942713547802960188066790d5ebf?s=96&d=mm&r=g\",\"caption\":\"Relaciones Publicas\"},\"url\":\"https:\/\/blogs.uninter.edu.mx\/uninterinforma\/index.php\/author\/relaciones-publicas\/\"}]}<\/script>\r\n<!-- \/ Yoast SEO plugin. -->","yoast_head_json":{"title":"Broadway est\u00e1 de regreso y lo anuncia con el corto, THIS IS BROADWAY.","description":"Broadway, la asociaci\u00f3n que agrupa a los diversos recintos y productores de NY, celebr\u00f3 su regreso con el cortometraje \u201cThis is Broadway\u201d.","robots":{"index":"index","follow":"follow","max-snippet":"max-snippet:-1","max-image-preview":"max-image-preview:large","max-video-preview":"max-video-preview:-1"},"canonical":"https:\/\/blogs.uninter.edu.mx\/uninterinforma\/index.php\/2021\/09\/02\/broadway-esta-de-regreso-y-lo-anuncia-con-el-emotivo-cortometraje-this-is-broadway\/","og_locale":"es_MX","og_type":"article","og_title":"Broadway est\u00e1 de regreso y lo anuncia con el corto, THIS IS BROADWAY.","og_description":"Broadway, la asociaci\u00f3n que agrupa a los diversos recintos y productores de NY, celebr\u00f3 su regreso con el cortometraje \u201cThis is Broadway\u201d.","og_url":"https:\/\/blogs.uninter.edu.mx\/uninterinforma\/index.php\/2021\/09\/02\/broadway-esta-de-regreso-y-lo-anuncia-con-el-emotivo-cortometraje-this-is-broadway\/","og_site_name":"Uninter Informa Al Aire","article_published_time":"2021-09-02T14:14:58+00:00","article_modified_time":"2021-09-02T14:15:01+00:00","og_image":[{"width":1100,"height":617,"url":"https:\/\/blogs.uninter.edu.mx\/uninterinforma\/wp-content\/uploads\/2021\/09\/81299-istock-458410201.jpg","type":"image\/jpeg"}],"author":"Relaciones Publicas","twitter_card":"summary_large_image","twitter_misc":{"Escrito por":"Relaciones Publicas","Tiempo de lectura":"2 minutos"},"schema":{"@context":"https:\/\/schema.org","@graph":[{"@type":"WebPage","@id":"https:\/\/blogs.uninter.edu.mx\/uninterinforma\/index.php\/2021\/09\/02\/broadway-esta-de-regreso-y-lo-anuncia-con-el-emotivo-cortometraje-this-is-broadway\/","url":"https:\/\/blogs.uninter.edu.mx\/uninterinforma\/index.php\/2021\/09\/02\/broadway-esta-de-regreso-y-lo-anuncia-con-el-emotivo-cortometraje-this-is-broadway\/","name":"Broadway est\u00e1 de regreso y lo anuncia con el corto, THIS IS BROADWAY.","isPartOf":{"@id":"https:\/\/blogs.uninter.edu.mx\/uninterinforma\/#website"},"primaryImageOfPage":{"@id":"https:\/\/blogs.uninter.edu.mx\/uninterinforma\/index.php\/2021\/09\/02\/broadway-esta-de-regreso-y-lo-anuncia-con-el-emotivo-cortometraje-this-is-broadway\/#primaryimage"},"image":{"@id":"https:\/\/blogs.uninter.edu.mx\/uninterinforma\/index.php\/2021\/09\/02\/broadway-esta-de-regreso-y-lo-anuncia-con-el-emotivo-cortometraje-this-is-broadway\/#primaryimage"},"thumbnailUrl":"https:\/\/blogs.uninter.edu.mx\/uninterinforma\/wp-content\/uploads\/2021\/09\/81299-istock-458410201.jpg","datePublished":"2021-09-02T14:14:58+00:00","dateModified":"2021-09-02T14:15:01+00:00","author":{"@id":"https:\/\/blogs.uninter.edu.mx\/uninterinforma\/#\/schema\/person\/1a37438c5655bd11c00d94ae994493a6"},"description":"Broadway, la asociaci\u00f3n que agrupa a los diversos recintos y productores de NY, celebr\u00f3 su regreso con el cortometraje \u201cThis is Broadway\u201d.","breadcrumb":{"@id":"https:\/\/blogs.uninter.edu.mx\/uninterinforma\/index.php\/2021\/09\/02\/broadway-esta-de-regreso-y-lo-anuncia-con-el-emotivo-cortometraje-this-is-broadway\/#breadcrumb"},"inLanguage":"es","potentialAction":[{"@type":"ReadAction","target":["https:\/\/blogs.uninter.edu.mx\/uninterinforma\/index.php\/2021\/09\/02\/broadway-esta-de-regreso-y-lo-anuncia-con-el-emotivo-cortometraje-this-is-broadway\/"]}]},{"@type":"ImageObject","inLanguage":"es","@id":"https:\/\/blogs.uninter.edu.mx\/uninterinforma\/index.php\/2021\/09\/02\/broadway-esta-de-regreso-y-lo-anuncia-con-el-emotivo-cortometraje-this-is-broadway\/#primaryimage","url":"https:\/\/blogs.uninter.edu.mx\/uninterinforma\/wp-content\/uploads\/2021\/09\/81299-istock-458410201.jpg","contentUrl":"https:\/\/blogs.uninter.edu.mx\/uninterinforma\/wp-content\/uploads\/2021\/09\/81299-istock-458410201.jpg","width":1100,"height":617},{"@type":"BreadcrumbList","@id":"https:\/\/blogs.uninter.edu.mx\/uninterinforma\/index.php\/2021\/09\/02\/broadway-esta-de-regreso-y-lo-anuncia-con-el-emotivo-cortometraje-this-is-broadway\/#breadcrumb","itemListElement":[{"@type":"ListItem","position":1,"name":"Inicio","item":"https:\/\/blogs.uninter.edu.mx\/uninterinforma\/"},{"@type":"ListItem","position":2,"name":"Broadway est\u00e1 de regreso y lo anuncia con el emotivo cortometraje, THIS IS BROADWAY."}]},{"@type":"WebSite","@id":"https:\/\/blogs.uninter.edu.mx\/uninterinforma\/#website","url":"https:\/\/blogs.uninter.edu.mx\/uninterinforma\/","name":"Uninter Informa Al Aire","description":"\u00a1Bienvenidos al sitio de Uninter Informa Al Aire, el programa de radio de la Universidad Internacional Uninter! Cine, M\u00fasica, Bienestar y mucho m\u00e1s solo para ti, \u00a1Bienvenido!   ","potentialAction":[{"@type":"SearchAction","target":{"@type":"EntryPoint","urlTemplate":"https:\/\/blogs.uninter.edu.mx\/uninterinforma\/?s={search_term_string}"},"query-input":{"@type":"PropertyValueSpecification","valueRequired":true,"valueName":"search_term_string"}}],"inLanguage":"es"},{"@type":"Person","@id":"https:\/\/blogs.uninter.edu.mx\/uninterinforma\/#\/schema\/person\/1a37438c5655bd11c00d94ae994493a6","name":"Relaciones Publicas","image":{"@type":"ImageObject","inLanguage":"es","@id":"https:\/\/blogs.uninter.edu.mx\/uninterinforma\/#\/schema\/person\/image\/","url":"https:\/\/secure.gravatar.com\/avatar\/ab0f0f6bf72d19f075c311c1cd32f330dfc942713547802960188066790d5ebf?s=96&d=mm&r=g","contentUrl":"https:\/\/secure.gravatar.com\/avatar\/ab0f0f6bf72d19f075c311c1cd32f330dfc942713547802960188066790d5ebf?s=96&d=mm&r=g","caption":"Relaciones Publicas"},"url":"https:\/\/blogs.uninter.edu.mx\/uninterinforma\/index.php\/author\/relaciones-publicas\/"}]}},"jetpack_publicize_connections":[],"jetpack_featured_media_url":"https:\/\/blogs.uninter.edu.mx\/uninterinforma\/wp-content\/uploads\/2021\/09\/81299-istock-458410201.jpg","jetpack_sharing_enabled":true,"_links":{"self":[{"href":"https:\/\/blogs.uninter.edu.mx\/uninterinforma\/index.php\/wp-json\/wp\/v2\/posts\/1062","targetHints":{"allow":["GET"]}}],"collection":[{"href":"https:\/\/blogs.uninter.edu.mx\/uninterinforma\/index.php\/wp-json\/wp\/v2\/posts"}],"about":[{"href":"https:\/\/blogs.uninter.edu.mx\/uninterinforma\/index.php\/wp-json\/wp\/v2\/types\/post"}],"author":[{"embeddable":true,"href":"https:\/\/blogs.uninter.edu.mx\/uninterinforma\/index.php\/wp-json\/wp\/v2\/users\/4"}],"replies":[{"embeddable":true,"href":"https:\/\/blogs.uninter.edu.mx\/uninterinforma\/index.php\/wp-json\/wp\/v2\/comments?post=1062"}],"version-history":[{"count":1,"href":"https:\/\/blogs.uninter.edu.mx\/uninterinforma\/index.php\/wp-json\/wp\/v2\/posts\/1062\/revisions"}],"predecessor-version":[{"id":1064,"href":"https:\/\/blogs.uninter.edu.mx\/uninterinforma\/index.php\/wp-json\/wp\/v2\/posts\/1062\/revisions\/1064"}],"wp:featuredmedia":[{"embeddable":true,"href":"https:\/\/blogs.uninter.edu.mx\/uninterinforma\/index.php\/wp-json\/wp\/v2\/media\/1063"}],"wp:attachment":[{"href":"https:\/\/blogs.uninter.edu.mx\/uninterinforma\/index.php\/wp-json\/wp\/v2\/media?parent=1062"}],"wp:term":[{"taxonomy":"category","embeddable":true,"href":"https:\/\/blogs.uninter.edu.mx\/uninterinforma\/index.php\/wp-json\/wp\/v2\/categories?post=1062"},{"taxonomy":"post_tag","embeddable":true,"href":"https:\/\/blogs.uninter.edu.mx\/uninterinforma\/index.php\/wp-json\/wp\/v2\/tags?post=1062"}],"curies":[{"name":"wp","href":"https:\/\/api.w.org\/{rel}","templated":true}]}}