{"id":1101,"date":"2021-09-22T15:24:01","date_gmt":"2021-09-22T15:24:01","guid":{"rendered":"https:\/\/blogs.uninter.edu.mx\/uninterinforma\/?p=1101"},"modified":"2021-09-22T15:24:04","modified_gmt":"2021-09-22T15:24:04","slug":"top-5-lo-mejor-de-la-semana-en-musica","status":"publish","type":"post","link":"https:\/\/blogs.uninter.edu.mx\/uninterinforma\/index.php\/2021\/09\/22\/top-5-lo-mejor-de-la-semana-en-musica\/","title":{"rendered":"Top 5 &#8211; Lo mejor de la semana en M\u00fasica."},"content":{"rendered":"\n<figure class=\"wp-block-image size-large\"><img loading=\"lazy\" decoding=\"async\" width=\"1000\" height=\"1000\" src=\"https:\/\/blogs.uninter.edu.mx\/uninterinforma\/wp-content\/uploads\/2021\/09\/73c25e67dce5f961f0355d5676c57bfb.1000x1000x1.png\" alt=\"\" class=\"wp-image-1102\"\/><\/figure>\n\n\n\n<p><strong><em>Top 5 &#8211; Lo mejor de la semana en M\u00fasica.<\/em><\/strong><\/p>\n\n\n\n<p>Bienvenido al momento musical de Uninter Informa Al Aire, aqu\u00ed podr\u00e1s enterarte de las canciones mas escuchadas en am\u00e9rica Latina para que est\u00e9s al ritmo siempre. <\/p>\n\n\n\n<p>5.  <strong><em>\u2018Pa Que\u2019 Guaye\u2019 \u2013 Alex Rose Featuring CNCO<\/em><\/strong><\/p>\n\n\n\n<p>Nos encontramos frente a una producci\u00f3n urbana que resulta un buen pretexto para pasar un buen rato en compa\u00f1\u00eda de amigos, al inicio de una noche de fiesta. Aunque s\u00ed es r\u00edtmico, es un tema que funciona perfecto para el pre copeo, pero no para cuando la fiesta est\u00e1 en su m\u00e1ximo esplendor. Este single tiene posibilidades de sonar fuertemente en las plataformas digitales.<\/p>\n\n\n\n<figure class=\"wp-block-embed is-type-video is-provider-youtube wp-block-embed-youtube wp-embed-aspect-16-9 wp-has-aspect-ratio\"><div class=\"wp-block-embed__wrapper\">\n<iframe loading=\"lazy\" title=\"Alex Rose, CNCO - Pa&#039; Que Guaye (Letra Oficial)\" width=\"700\" height=\"394\" src=\"https:\/\/www.youtube.com\/embed\/N3mnUjgI9mM?feature=oembed\" frameborder=\"0\" allow=\"accelerometer; autoplay; clipboard-write; encrypted-media; gyroscope; picture-in-picture\" allowfullscreen><\/iframe>\n<\/div><\/figure>\n\n\n\n<p>4. <strong><em>\u2018Contracorriente\u2019 \u2013 Camilo S\u00e9ptimo Featuring Ximena Sari\u00f1ana<\/em><\/strong><\/p>\n\n\n\n<p>Definitivamente \u00e9sta es una de las mejores colaboraciones que se han planeado recientemente en la industria musical, ya que dos artistas que tienen un trip bastante similar dentro de la m\u00fasica alternativa-pop, han conjuntado sus voces para traernos un hit musical. Esta producci\u00f3n es de esas que logran transportarte a diferentes lugares con tan solo escuchar, en un viaje musical que pocas canciones actuales consiguen darle al p\u00fablico.<\/p>\n\n\n\n<figure class=\"wp-block-embed is-type-video is-provider-youtube wp-block-embed-youtube wp-embed-aspect-16-9 wp-has-aspect-ratio\"><div class=\"wp-block-embed__wrapper\">\n<iframe loading=\"lazy\" title=\"Contracorriente - Camilo S\u00e9ptimo y Ximena Sari\u00f1ana\" width=\"700\" height=\"394\" src=\"https:\/\/www.youtube.com\/embed\/610-hnMgsfo?feature=oembed\" frameborder=\"0\" allow=\"accelerometer; autoplay; clipboard-write; encrypted-media; gyroscope; picture-in-picture\" allowfullscreen><\/iframe>\n<\/div><\/figure>\n\n\n\n<h4 class=\"wp-block-heading\">3. <strong><em>Tarde\u2019 \u2013 Sebasti\u00e1n Yatra<\/em><\/strong><\/h4>\n\n\n\n<p>Por segunda ocasi\u00f3n en su carrera, despu\u00e9s de \u2018Adi\u00f3s\u2019, Sebasti\u00e1n Yatra lanz\u00f3 una balada como un single oficial, la cual lleva por nombre \u2018Tarde\u2019. Esta canci\u00f3n es mid-tempo, sin embargo, su fraseo es muy caracter\u00edstico del reggaet\u00f3n, por lo que la propuesta es disruptiva y diferente a lo que est\u00e1 sonando en la radio. Esta producci\u00f3n tiene posibilidades de \u00e9xito debido a lo honesta que es en su sonido y en su letra. El tema nos habla de un hombre que se fue de una relaci\u00f3n, sin importarle los sentimientos de su pareja, sin embargo, al tiempo de haberse alejado, se arrepinti\u00f3, pero cuando volvi\u00f3, la chica ya lo hab\u00eda olvidado. Vale completamente la pena escuchar.<\/p>\n\n\n\n<figure class=\"wp-block-embed is-type-video is-provider-youtube wp-block-embed-youtube wp-embed-aspect-16-9 wp-has-aspect-ratio\"><div class=\"wp-block-embed__wrapper\">\n<iframe loading=\"lazy\" title=\"Sebasti\u00e1n Yatra - Tarde (Official Video)\" width=\"700\" height=\"394\" src=\"https:\/\/www.youtube.com\/embed\/LvpbFuZP-WM?feature=oembed\" frameborder=\"0\" allow=\"accelerometer; autoplay; clipboard-write; encrypted-media; gyroscope; picture-in-picture\" allowfullscreen><\/iframe>\n<\/div><\/figure>\n\n\n\n<p>2. <strong><em>\u2018Los Cachos\u2019 \u2013 Guaynaa Featuring Servando &amp; Florentino<\/em><\/strong><\/p>\n\n\n\n<p>Guaynaa nunca decepciona, y casi todos sus lanzamientos los podr\u00e1s encontrar en esta lista de posibles \u00e9xitos, ya que es un artista que dentro del reggaet\u00f3n, siempre se arriesga e incursiona mezclando nuevos g\u00e9neros musicales, para darnos canciones realmente disruptivas. En esta ocasi\u00f3n \u2018Los Cachos\u2019 es una canci\u00f3n con sonidos de rumba, e incluso en algunos momentos del tema sale a relucir una salsa bastante bailable. La canci\u00f3n es pegadiza y podr\u00eda tener \u00e9xito tanto en las emisoras Top 40, como en las tropicales.<\/p>\n\n\n\n<figure class=\"wp-block-embed is-type-video is-provider-youtube wp-block-embed-youtube wp-embed-aspect-16-9 wp-has-aspect-ratio\"><div class=\"wp-block-embed__wrapper\">\n<iframe loading=\"lazy\" title=\"Guaynaa, Servando &amp; Florentino - Los Cachos (Official Video)\" width=\"700\" height=\"394\" src=\"https:\/\/www.youtube.com\/embed\/eMk-rWizrOo?feature=oembed\" frameborder=\"0\" allow=\"accelerometer; autoplay; clipboard-write; encrypted-media; gyroscope; picture-in-picture\" allowfullscreen><\/iframe>\n<\/div><\/figure>\n\n\n\n<h5 class=\"wp-block-heading\"><strong>1. \u2018S\u00fabele El Volumen\u2019<\/strong>\u00a0de\u00a0<strong>Daddy Yankee Featuring Myke Towers y Jhay Cortez.<\/strong><\/h5>\n\n\n\n<p>Ocupando el\u00a0<strong>#1<\/strong>\u00a0del\u00a0<strong>Top 20 General monitorLATINO M\u00e9xico<\/strong>\u00a0nos encontramos con\u00a0<strong>\u2018S\u00fabele El Volumen\u2019<\/strong>\u00a0de\u00a0<strong>Daddy Yankee Featuring Myke Towers y Jhay Cortez.<\/strong>\u00a0Esta canci\u00f3n es urbana, salvaje e invita a mover el cuerpo cada que los artistas repiten ese t\u00edtulo tan pegadizo. El desempe\u00f1o de este sencillo ha sido muy variado, ya que despu\u00e9s de un tiempo de \u00e9xito, se fue de estas listas, para retornar hoy, justo dos meses despu\u00e9s de su lanzamiento, el cual se llev\u00f3 a cabo el pasado 15 de julio.<\/p>\n\n\n\n<figure class=\"wp-block-embed is-type-video is-provider-youtube wp-block-embed-youtube wp-embed-aspect-16-9 wp-has-aspect-ratio\"><div class=\"wp-block-embed__wrapper\">\n<iframe loading=\"lazy\" title=\"Daddy Yankee, Myke Towers, Jhay Cortez- S\u00fabele el volumen\" width=\"700\" height=\"394\" src=\"https:\/\/www.youtube.com\/embed\/z2F5EFij6mo?start=14&#038;feature=oembed\" frameborder=\"0\" allow=\"accelerometer; autoplay; clipboard-write; encrypted-media; gyroscope; picture-in-picture\" allowfullscreen><\/iframe>\n<\/div><\/figure>\n\n\n\n<figure class=\"wp-block-embed is-type-rich is-provider-spotify wp-block-embed-spotify wp-embed-aspect-21-9 wp-has-aspect-ratio\"><div class=\"wp-block-embed__wrapper\">\n<iframe loading=\"lazy\" title=\"Spotify Embed: Uninter Informa Al Aire \" width=\"100%\" height=\"232\" allowfullscreen allow=\"autoplay; clipboard-write; encrypted-media; fullscreen; picture-in-picture\" src=\"https:\/\/open.spotify.com\/embed\/show\/3vCCpSHMZObF3iPZK1dabx\"><\/iframe>\n<\/div><\/figure>\n\n\n\n<p class=\"has-text-align-center\">Recuerda que tambi\u00e9n puedes escucharnos en Apple Podcast\u00a0<a href=\"https:\/\/podcasts.apple.com\/...\/uninter...\/id1556354012\">https:\/\/podcasts.apple.com\/\u2026\/uninter\u2026\/id1556354012<\/a><br>Conoce mas de nosotros en\u00a0<a href=\"https:\/\/blogs.uninter.edu.mx\/uninterinforma\/\">https:\/\/blogs.uninter.edu.mx\/uninterinforma\/<\/a><\/p>\n","protected":false},"excerpt":{"rendered":"<p>Top 5 &#8211; Lo mejor de la semana en M\u00fasica. Bienvenido al momento musical de Uninter Informa Al Aire, aqu\u00ed podr\u00e1s enterarte de las canciones mas escuchadas en am\u00e9rica Latina para que est\u00e9s al ritmo siempre. 5. \u2018Pa Que\u2019 Guaye\u2019 \u2013 Alex Rose Featuring CNCO Nos encontramos frente a una producci\u00f3n urbana que resulta un&hellip;<\/p>\n","protected":false},"author":4,"featured_media":1102,"comment_status":"open","ping_status":"open","sticky":false,"template":"","format":"standard","meta":{"_jetpack_memberships_contains_paid_content":false,"footnotes":"","jetpack_publicize_message":"En #UninterInformaAlAire les presentamos el Top 5 - Lo mejor de la semana en M\u00fasica. \n\u00a1No te pierdas la nota aqu\u00ed! ","jetpack_publicize_feature_enabled":true,"jetpack_social_post_already_shared":true,"jetpack_social_options":{"image_generator_settings":{"template":"highway","default_image_id":0,"font":"","enabled":false},"version":2}},"categories":[20,10],"tags":[627,632,633,629,32,630,628,116,626,631],"class_list":["post-1101","post","type-post","status-publish","format-standard","has-post-thumbnail","hentry","category-musica-uninterinforma","category-notas-del-dia","tag-canciones","tag-daddy-yanke","tag-guaynaa","tag-latino-america","tag-musica","tag-sebastian-yatra","tag-semanales","tag-top","tag-top-5","tag-ximena-sarinana"],"yoast_head":"<!-- This site is optimized with the Yoast SEO plugin v26.0 - https:\/\/yoast.com\/wordpress\/plugins\/seo\/ -->\r\n<title>Top 5 - Lo mejor de la semana en M\u00fasica. - Uninter Informa Al Aire<\/title>\r\n<meta name=\"description\" content=\"Bienvenido al Top 5 musical de Uninter Informa Al Aire, aqu\u00ed podr\u00e1s enterarte de las canciones mas escuchadas en am\u00e9rica Latina para que est\u00e9s al ritmo siempre.\" \/>\r\n<meta name=\"robots\" content=\"index, follow, max-snippet:-1, max-image-preview:large, max-video-preview:-1\" \/>\r\n<link rel=\"canonical\" href=\"https:\/\/blogs.uninter.edu.mx\/uninterinforma\/index.php\/2021\/09\/22\/top-5-lo-mejor-de-la-semana-en-musica\/\" \/>\r\n<meta property=\"og:locale\" content=\"es_MX\" \/>\r\n<meta property=\"og:type\" content=\"article\" \/>\r\n<meta property=\"og:title\" content=\"Top 5 - Lo mejor de la semana en M\u00fasica. - Uninter Informa Al Aire\" \/>\r\n<meta property=\"og:description\" content=\"Bienvenido al Top 5 musical de Uninter Informa Al Aire, aqu\u00ed podr\u00e1s enterarte de las canciones mas escuchadas en am\u00e9rica Latina para que est\u00e9s al ritmo siempre.\" \/>\r\n<meta property=\"og:url\" content=\"https:\/\/blogs.uninter.edu.mx\/uninterinforma\/index.php\/2021\/09\/22\/top-5-lo-mejor-de-la-semana-en-musica\/\" \/>\r\n<meta property=\"og:site_name\" content=\"Uninter Informa Al Aire\" \/>\r\n<meta property=\"article:published_time\" content=\"2021-09-22T15:24:01+00:00\" \/>\r\n<meta property=\"article:modified_time\" content=\"2021-09-22T15:24:04+00:00\" \/>\r\n<meta property=\"og:image\" content=\"https:\/\/blogs.uninter.edu.mx\/uninterinforma\/wp-content\/uploads\/2021\/09\/73c25e67dce5f961f0355d5676c57bfb.1000x1000x1.png\" \/>\r\n\t<meta property=\"og:image:width\" content=\"1000\" \/>\r\n\t<meta property=\"og:image:height\" content=\"1000\" \/>\r\n\t<meta property=\"og:image:type\" content=\"image\/png\" \/>\r\n<meta name=\"author\" content=\"Relaciones Publicas\" \/>\r\n<meta name=\"twitter:card\" content=\"summary_large_image\" \/>\r\n<meta name=\"twitter:label1\" content=\"Escrito por\" \/>\n\t<meta name=\"twitter:data1\" content=\"Relaciones Publicas\" \/>\n\t<meta name=\"twitter:label2\" content=\"Tiempo de lectura\" \/>\n\t<meta name=\"twitter:data2\" content=\"3 minutos\" \/>\r\n<script type=\"application\/ld+json\" class=\"yoast-schema-graph\">{\"@context\":\"https:\/\/schema.org\",\"@graph\":[{\"@type\":\"WebPage\",\"@id\":\"https:\/\/blogs.uninter.edu.mx\/uninterinforma\/index.php\/2021\/09\/22\/top-5-lo-mejor-de-la-semana-en-musica\/\",\"url\":\"https:\/\/blogs.uninter.edu.mx\/uninterinforma\/index.php\/2021\/09\/22\/top-5-lo-mejor-de-la-semana-en-musica\/\",\"name\":\"Top 5 - Lo mejor de la semana en M\u00fasica. - Uninter Informa Al Aire\",\"isPartOf\":{\"@id\":\"https:\/\/blogs.uninter.edu.mx\/uninterinforma\/#website\"},\"primaryImageOfPage\":{\"@id\":\"https:\/\/blogs.uninter.edu.mx\/uninterinforma\/index.php\/2021\/09\/22\/top-5-lo-mejor-de-la-semana-en-musica\/#primaryimage\"},\"image\":{\"@id\":\"https:\/\/blogs.uninter.edu.mx\/uninterinforma\/index.php\/2021\/09\/22\/top-5-lo-mejor-de-la-semana-en-musica\/#primaryimage\"},\"thumbnailUrl\":\"https:\/\/blogs.uninter.edu.mx\/uninterinforma\/wp-content\/uploads\/2021\/09\/73c25e67dce5f961f0355d5676c57bfb.1000x1000x1.png\",\"datePublished\":\"2021-09-22T15:24:01+00:00\",\"dateModified\":\"2021-09-22T15:24:04+00:00\",\"author\":{\"@id\":\"https:\/\/blogs.uninter.edu.mx\/uninterinforma\/#\/schema\/person\/1a37438c5655bd11c00d94ae994493a6\"},\"description\":\"Bienvenido al Top 5 musical de Uninter Informa Al Aire, aqu\u00ed podr\u00e1s enterarte de las canciones mas escuchadas en am\u00e9rica Latina para que est\u00e9s al ritmo siempre.\",\"breadcrumb\":{\"@id\":\"https:\/\/blogs.uninter.edu.mx\/uninterinforma\/index.php\/2021\/09\/22\/top-5-lo-mejor-de-la-semana-en-musica\/#breadcrumb\"},\"inLanguage\":\"es\",\"potentialAction\":[{\"@type\":\"ReadAction\",\"target\":[\"https:\/\/blogs.uninter.edu.mx\/uninterinforma\/index.php\/2021\/09\/22\/top-5-lo-mejor-de-la-semana-en-musica\/\"]}]},{\"@type\":\"ImageObject\",\"inLanguage\":\"es\",\"@id\":\"https:\/\/blogs.uninter.edu.mx\/uninterinforma\/index.php\/2021\/09\/22\/top-5-lo-mejor-de-la-semana-en-musica\/#primaryimage\",\"url\":\"https:\/\/blogs.uninter.edu.mx\/uninterinforma\/wp-content\/uploads\/2021\/09\/73c25e67dce5f961f0355d5676c57bfb.1000x1000x1.png\",\"contentUrl\":\"https:\/\/blogs.uninter.edu.mx\/uninterinforma\/wp-content\/uploads\/2021\/09\/73c25e67dce5f961f0355d5676c57bfb.1000x1000x1.png\",\"width\":1000,\"height\":1000},{\"@type\":\"BreadcrumbList\",\"@id\":\"https:\/\/blogs.uninter.edu.mx\/uninterinforma\/index.php\/2021\/09\/22\/top-5-lo-mejor-de-la-semana-en-musica\/#breadcrumb\",\"itemListElement\":[{\"@type\":\"ListItem\",\"position\":1,\"name\":\"Inicio\",\"item\":\"https:\/\/blogs.uninter.edu.mx\/uninterinforma\/\"},{\"@type\":\"ListItem\",\"position\":2,\"name\":\"Top 5 &#8211; Lo mejor de la semana en M\u00fasica.\"}]},{\"@type\":\"WebSite\",\"@id\":\"https:\/\/blogs.uninter.edu.mx\/uninterinforma\/#website\",\"url\":\"https:\/\/blogs.uninter.edu.mx\/uninterinforma\/\",\"name\":\"Uninter Informa Al Aire\",\"description\":\"\u00a1Bienvenidos al sitio de Uninter Informa Al Aire, el programa de radio de la Universidad Internacional Uninter! Cine, M\u00fasica, Bienestar y mucho m\u00e1s solo para ti, \u00a1Bienvenido!   \",\"potentialAction\":[{\"@type\":\"SearchAction\",\"target\":{\"@type\":\"EntryPoint\",\"urlTemplate\":\"https:\/\/blogs.uninter.edu.mx\/uninterinforma\/?s={search_term_string}\"},\"query-input\":{\"@type\":\"PropertyValueSpecification\",\"valueRequired\":true,\"valueName\":\"search_term_string\"}}],\"inLanguage\":\"es\"},{\"@type\":\"Person\",\"@id\":\"https:\/\/blogs.uninter.edu.mx\/uninterinforma\/#\/schema\/person\/1a37438c5655bd11c00d94ae994493a6\",\"name\":\"Relaciones Publicas\",\"image\":{\"@type\":\"ImageObject\",\"inLanguage\":\"es\",\"@id\":\"https:\/\/blogs.uninter.edu.mx\/uninterinforma\/#\/schema\/person\/image\/\",\"url\":\"https:\/\/secure.gravatar.com\/avatar\/ab0f0f6bf72d19f075c311c1cd32f330dfc942713547802960188066790d5ebf?s=96&d=mm&r=g\",\"contentUrl\":\"https:\/\/secure.gravatar.com\/avatar\/ab0f0f6bf72d19f075c311c1cd32f330dfc942713547802960188066790d5ebf?s=96&d=mm&r=g\",\"caption\":\"Relaciones Publicas\"},\"url\":\"https:\/\/blogs.uninter.edu.mx\/uninterinforma\/index.php\/author\/relaciones-publicas\/\"}]}<\/script>\r\n<!-- \/ Yoast SEO plugin. -->","yoast_head_json":{"title":"Top 5 - Lo mejor de la semana en M\u00fasica. - Uninter Informa Al Aire","description":"Bienvenido al Top 5 musical de Uninter Informa Al Aire, aqu\u00ed podr\u00e1s enterarte de las canciones mas escuchadas en am\u00e9rica Latina para que est\u00e9s al ritmo siempre.","robots":{"index":"index","follow":"follow","max-snippet":"max-snippet:-1","max-image-preview":"max-image-preview:large","max-video-preview":"max-video-preview:-1"},"canonical":"https:\/\/blogs.uninter.edu.mx\/uninterinforma\/index.php\/2021\/09\/22\/top-5-lo-mejor-de-la-semana-en-musica\/","og_locale":"es_MX","og_type":"article","og_title":"Top 5 - Lo mejor de la semana en M\u00fasica. - Uninter Informa Al Aire","og_description":"Bienvenido al Top 5 musical de Uninter Informa Al Aire, aqu\u00ed podr\u00e1s enterarte de las canciones mas escuchadas en am\u00e9rica Latina para que est\u00e9s al ritmo siempre.","og_url":"https:\/\/blogs.uninter.edu.mx\/uninterinforma\/index.php\/2021\/09\/22\/top-5-lo-mejor-de-la-semana-en-musica\/","og_site_name":"Uninter Informa Al Aire","article_published_time":"2021-09-22T15:24:01+00:00","article_modified_time":"2021-09-22T15:24:04+00:00","og_image":[{"width":1000,"height":1000,"url":"https:\/\/blogs.uninter.edu.mx\/uninterinforma\/wp-content\/uploads\/2021\/09\/73c25e67dce5f961f0355d5676c57bfb.1000x1000x1.png","type":"image\/png"}],"author":"Relaciones Publicas","twitter_card":"summary_large_image","twitter_misc":{"Escrito por":"Relaciones Publicas","Tiempo de lectura":"3 minutos"},"schema":{"@context":"https:\/\/schema.org","@graph":[{"@type":"WebPage","@id":"https:\/\/blogs.uninter.edu.mx\/uninterinforma\/index.php\/2021\/09\/22\/top-5-lo-mejor-de-la-semana-en-musica\/","url":"https:\/\/blogs.uninter.edu.mx\/uninterinforma\/index.php\/2021\/09\/22\/top-5-lo-mejor-de-la-semana-en-musica\/","name":"Top 5 - Lo mejor de la semana en M\u00fasica. - Uninter Informa Al Aire","isPartOf":{"@id":"https:\/\/blogs.uninter.edu.mx\/uninterinforma\/#website"},"primaryImageOfPage":{"@id":"https:\/\/blogs.uninter.edu.mx\/uninterinforma\/index.php\/2021\/09\/22\/top-5-lo-mejor-de-la-semana-en-musica\/#primaryimage"},"image":{"@id":"https:\/\/blogs.uninter.edu.mx\/uninterinforma\/index.php\/2021\/09\/22\/top-5-lo-mejor-de-la-semana-en-musica\/#primaryimage"},"thumbnailUrl":"https:\/\/blogs.uninter.edu.mx\/uninterinforma\/wp-content\/uploads\/2021\/09\/73c25e67dce5f961f0355d5676c57bfb.1000x1000x1.png","datePublished":"2021-09-22T15:24:01+00:00","dateModified":"2021-09-22T15:24:04+00:00","author":{"@id":"https:\/\/blogs.uninter.edu.mx\/uninterinforma\/#\/schema\/person\/1a37438c5655bd11c00d94ae994493a6"},"description":"Bienvenido al Top 5 musical de Uninter Informa Al Aire, aqu\u00ed podr\u00e1s enterarte de las canciones mas escuchadas en am\u00e9rica Latina para que est\u00e9s al ritmo siempre.","breadcrumb":{"@id":"https:\/\/blogs.uninter.edu.mx\/uninterinforma\/index.php\/2021\/09\/22\/top-5-lo-mejor-de-la-semana-en-musica\/#breadcrumb"},"inLanguage":"es","potentialAction":[{"@type":"ReadAction","target":["https:\/\/blogs.uninter.edu.mx\/uninterinforma\/index.php\/2021\/09\/22\/top-5-lo-mejor-de-la-semana-en-musica\/"]}]},{"@type":"ImageObject","inLanguage":"es","@id":"https:\/\/blogs.uninter.edu.mx\/uninterinforma\/index.php\/2021\/09\/22\/top-5-lo-mejor-de-la-semana-en-musica\/#primaryimage","url":"https:\/\/blogs.uninter.edu.mx\/uninterinforma\/wp-content\/uploads\/2021\/09\/73c25e67dce5f961f0355d5676c57bfb.1000x1000x1.png","contentUrl":"https:\/\/blogs.uninter.edu.mx\/uninterinforma\/wp-content\/uploads\/2021\/09\/73c25e67dce5f961f0355d5676c57bfb.1000x1000x1.png","width":1000,"height":1000},{"@type":"BreadcrumbList","@id":"https:\/\/blogs.uninter.edu.mx\/uninterinforma\/index.php\/2021\/09\/22\/top-5-lo-mejor-de-la-semana-en-musica\/#breadcrumb","itemListElement":[{"@type":"ListItem","position":1,"name":"Inicio","item":"https:\/\/blogs.uninter.edu.mx\/uninterinforma\/"},{"@type":"ListItem","position":2,"name":"Top 5 &#8211; Lo mejor de la semana en M\u00fasica."}]},{"@type":"WebSite","@id":"https:\/\/blogs.uninter.edu.mx\/uninterinforma\/#website","url":"https:\/\/blogs.uninter.edu.mx\/uninterinforma\/","name":"Uninter Informa Al Aire","description":"\u00a1Bienvenidos al sitio de Uninter Informa Al Aire, el programa de radio de la Universidad Internacional Uninter! Cine, M\u00fasica, Bienestar y mucho m\u00e1s solo para ti, \u00a1Bienvenido!   ","potentialAction":[{"@type":"SearchAction","target":{"@type":"EntryPoint","urlTemplate":"https:\/\/blogs.uninter.edu.mx\/uninterinforma\/?s={search_term_string}"},"query-input":{"@type":"PropertyValueSpecification","valueRequired":true,"valueName":"search_term_string"}}],"inLanguage":"es"},{"@type":"Person","@id":"https:\/\/blogs.uninter.edu.mx\/uninterinforma\/#\/schema\/person\/1a37438c5655bd11c00d94ae994493a6","name":"Relaciones Publicas","image":{"@type":"ImageObject","inLanguage":"es","@id":"https:\/\/blogs.uninter.edu.mx\/uninterinforma\/#\/schema\/person\/image\/","url":"https:\/\/secure.gravatar.com\/avatar\/ab0f0f6bf72d19f075c311c1cd32f330dfc942713547802960188066790d5ebf?s=96&d=mm&r=g","contentUrl":"https:\/\/secure.gravatar.com\/avatar\/ab0f0f6bf72d19f075c311c1cd32f330dfc942713547802960188066790d5ebf?s=96&d=mm&r=g","caption":"Relaciones Publicas"},"url":"https:\/\/blogs.uninter.edu.mx\/uninterinforma\/index.php\/author\/relaciones-publicas\/"}]}},"jetpack_publicize_connections":[],"jetpack_featured_media_url":"https:\/\/blogs.uninter.edu.mx\/uninterinforma\/wp-content\/uploads\/2021\/09\/73c25e67dce5f961f0355d5676c57bfb.1000x1000x1.png","jetpack_sharing_enabled":true,"_links":{"self":[{"href":"https:\/\/blogs.uninter.edu.mx\/uninterinforma\/index.php\/wp-json\/wp\/v2\/posts\/1101","targetHints":{"allow":["GET"]}}],"collection":[{"href":"https:\/\/blogs.uninter.edu.mx\/uninterinforma\/index.php\/wp-json\/wp\/v2\/posts"}],"about":[{"href":"https:\/\/blogs.uninter.edu.mx\/uninterinforma\/index.php\/wp-json\/wp\/v2\/types\/post"}],"author":[{"embeddable":true,"href":"https:\/\/blogs.uninter.edu.mx\/uninterinforma\/index.php\/wp-json\/wp\/v2\/users\/4"}],"replies":[{"embeddable":true,"href":"https:\/\/blogs.uninter.edu.mx\/uninterinforma\/index.php\/wp-json\/wp\/v2\/comments?post=1101"}],"version-history":[{"count":1,"href":"https:\/\/blogs.uninter.edu.mx\/uninterinforma\/index.php\/wp-json\/wp\/v2\/posts\/1101\/revisions"}],"predecessor-version":[{"id":1103,"href":"https:\/\/blogs.uninter.edu.mx\/uninterinforma\/index.php\/wp-json\/wp\/v2\/posts\/1101\/revisions\/1103"}],"wp:featuredmedia":[{"embeddable":true,"href":"https:\/\/blogs.uninter.edu.mx\/uninterinforma\/index.php\/wp-json\/wp\/v2\/media\/1102"}],"wp:attachment":[{"href":"https:\/\/blogs.uninter.edu.mx\/uninterinforma\/index.php\/wp-json\/wp\/v2\/media?parent=1101"}],"wp:term":[{"taxonomy":"category","embeddable":true,"href":"https:\/\/blogs.uninter.edu.mx\/uninterinforma\/index.php\/wp-json\/wp\/v2\/categories?post=1101"},{"taxonomy":"post_tag","embeddable":true,"href":"https:\/\/blogs.uninter.edu.mx\/uninterinforma\/index.php\/wp-json\/wp\/v2\/tags?post=1101"}],"curies":[{"name":"wp","href":"https:\/\/api.w.org\/{rel}","templated":true}]}}