{"id":1134,"date":"2021-09-29T18:22:45","date_gmt":"2021-09-29T18:22:45","guid":{"rendered":"https:\/\/blogs.uninter.edu.mx\/uninterinforma\/?p=1134"},"modified":"2021-09-29T18:22:48","modified_gmt":"2021-09-29T18:22:48","slug":"volver-al-futuro-el-musical-llego-a-broadway","status":"publish","type":"post","link":"https:\/\/blogs.uninter.edu.mx\/uninterinforma\/index.php\/2021\/09\/29\/volver-al-futuro-el-musical-llego-a-broadway\/","title":{"rendered":"Volver al Futuro el Musical lleg\u00f3 a Broadway."},"content":{"rendered":"\n<figure class=\"wp-block-image size-large\"><img loading=\"lazy\" decoding=\"async\" width=\"980\" height=\"551\" src=\"https:\/\/blogs.uninter.edu.mx\/uninterinforma\/wp-content\/uploads\/2021\/09\/BTTF_title_1920x1080-e1580150388585.jpg\" alt=\"\" class=\"wp-image-1135\"\/><\/figure>\n\n\n\n<p><strong><em>Volver al Futuro el Musical lleg\u00f3 a Broadway.<\/em><\/strong><\/p>\n\n\n\n<p id=\"vujCGx\">Doc Brown est\u00e1 de nuevo, esta vez en el distrito del West End de Londres conVolver al Futuro el Musical, s\u00ed, lo has le\u00eddo bien.\u00a0S\u00ed, las aventuras de Marty McFly y su viaje en el tiempo DeLorean finalmente est\u00e1n en el escenario.\u00a0Y se est\u00e1\u00a0ejecutando ahora en el Adelphi Theatre.<\/p>\n\n\n\n<p id=\"uyLFgI\">Un nuevo tr\u00e1iler del musical muestra una variedad de canciones y efectos del musical esc\u00e9nico.&nbsp;<em>Power of Love<\/em>&nbsp;hace acto de presencia, como era de esperar, al igual que lo que parece un DeLorean de tama\u00f1o completo.&nbsp;El video muestra varias escenas ic\u00f3nicas del cl\u00e1sico de 1985, incluido el final rel\u00e1mpago.<\/p>\n\n\n\n<p id=\"VjZzDP\">La adaptaci\u00f3n est\u00e1 protagonizada por Olly Dobson como Marty McFly, mejor conocido por\u00a0<em>Bat Out of Hell<\/em>\u00a0y\u00a0<em>Carrie<\/em>\u00a0, y Roger Bart como Doc Brown.\u00a0Bart tiene una carrera hist\u00f3rica en Broadway, originando el papel de Carmen Ghia en el\u00a0musical\u00a0<em>The Producers de<\/em>\u00a0Mel Brooks\u00a0y repitiendo el papel en la pel\u00edcula.\u00a0Bart tambi\u00e9n ha originado el papel del Dr. Frankenstein en la adaptaci\u00f3n musical de\u00a0<em>Young Frankenstein<\/em>\u00a0de Brooks\u00a0y es la voz cantante de H\u00e9rcules en la pel\u00edcula animada de Disney, mejor conocida por la canci\u00f3n &#8220;Go the Distance&#8221;.<\/p>\n\n\n\n<figure class=\"wp-block-embed is-type-video is-provider-youtube wp-block-embed-youtube wp-embed-aspect-16-9 wp-has-aspect-ratio\"><div class=\"wp-block-embed__wrapper\">\n<iframe loading=\"lazy\" title=\"Back To The Future: The Musical OFFICIAL TRAILER\" width=\"700\" height=\"394\" src=\"https:\/\/www.youtube.com\/embed\/rwU_HLUKv98?feature=oembed\" frameborder=\"0\" allow=\"accelerometer; autoplay; clipboard-write; encrypted-media; gyroscope; picture-in-picture\" allowfullscreen><\/iframe>\n<\/div><\/figure>\n\n\n\n<p>Como muchos musicales durante la pandemia de COVID-19,\u00a0<em>Back to the Future<\/em>\u00a0finalmente est\u00e1 llegando al escenario despu\u00e9s de una larga lucha.\u00a0El musical originalmente estaba programado para debutar en 2015, pero no se estren\u00f3 hasta 2020, en la \u00d3pera de Manchester.\u00a0Despu\u00e9s de cerrar esa exitosa producci\u00f3n debido a la pandemia de COVID-19, el espect\u00e1culo finalmente se traslad\u00f3 al Adelphi Theatre en West End y ahora se presenta ocho veces por semana.\u00a0El Teatro Adelphi requiere prueba de una vacuna COVID-19 o una prueba negativa reciente para asistir a la producci\u00f3n.<\/p>\n\n\n\n<figure class=\"wp-block-embed is-type-rich is-provider-spotify wp-block-embed-spotify wp-embed-aspect-21-9 wp-has-aspect-ratio\"><div class=\"wp-block-embed__wrapper\">\n<iframe loading=\"lazy\" title=\"Spotify Embed: Uninter Informa Al Aire \" width=\"100%\" height=\"152\" frameborder=\"0\" allowfullscreen allow=\"autoplay; clipboard-write; encrypted-media; fullscreen; picture-in-picture\" src=\"https:\/\/open.spotify.com\/embed\/show\/3vCCpSHMZObF3iPZK1dabx\"><\/iframe>\n<\/div><\/figure>\n\n\n\n<p class=\"has-text-align-center\">Recuerda que tambi\u00e9n puedes escucharnos en Apple Podcast\u00a0<a href=\"https:\/\/podcasts.apple.com\/...\/uninter...\/id1556354012\">https:\/\/podcasts.apple.com\/\u2026\/uninter\u2026\/id1556354012<\/a><br>Conoce mas de nosotros en\u00a0<a href=\"https:\/\/blogs.uninter.edu.mx\/uninterinforma\/\">https:\/\/blogs.uninter.edu.mx\/uninterinforma\/<\/a><\/p>\n","protected":false},"excerpt":{"rendered":"<p>Volver al Futuro el Musical lleg\u00f3 a Broadway. Doc Brown est\u00e1 de nuevo, esta vez en el distrito del West End de Londres conVolver al Futuro el Musical, s\u00ed, lo has le\u00eddo bien.\u00a0S\u00ed, las aventuras de Marty McFly y su viaje en el tiempo DeLorean finalmente est\u00e1n en el escenario.\u00a0Y se est\u00e1\u00a0ejecutando ahora en el&hellip;<\/p>\n","protected":false},"author":4,"featured_media":1135,"comment_status":"open","ping_status":"open","sticky":false,"template":"","format":"standard","meta":{"_jetpack_memberships_contains_paid_content":false,"footnotes":"","jetpack_publicize_message":"En #UninterInformaAlAire les contamos que  Volver al Futuro el Musical lleg\u00f3 a Broadway.\n\u00a1No te pierdas la nota aqu\u00ed! ","jetpack_publicize_feature_enabled":true,"jetpack_social_post_already_shared":true,"jetpack_social_options":{"image_generator_settings":{"template":"highway","default_image_id":0,"font":"","enabled":false},"version":2}},"categories":[585,10],"tags":[601,666,604,665],"class_list":["post-1134","post","type-post","status-publish","format-standard","has-post-thumbnail","hentry","category-espectaculos","category-notas-del-dia","tag-broadway","tag-musical","tag-ny","tag-volver-al-futuro"],"yoast_head":"<!-- This site is optimized with the Yoast SEO plugin v26.0 - https:\/\/yoast.com\/wordpress\/plugins\/seo\/ -->\r\n<title>Volver al Futuro el Musical lleg\u00f3 a Broadway. - Uninter Informa Al Aire<\/title>\r\n<meta name=\"description\" content=\"Doc Brown est\u00e1 de nuevo, esta vez en el distrito del West End de Londres con Volver al Futuro el Musical, s\u00ed, lo has le\u00eddo bien.\" \/>\r\n<meta name=\"robots\" content=\"index, follow, max-snippet:-1, max-image-preview:large, max-video-preview:-1\" \/>\r\n<link rel=\"canonical\" href=\"https:\/\/blogs.uninter.edu.mx\/uninterinforma\/index.php\/2021\/09\/29\/volver-al-futuro-el-musical-llego-a-broadway\/\" \/>\r\n<meta property=\"og:locale\" content=\"es_MX\" \/>\r\n<meta property=\"og:type\" content=\"article\" \/>\r\n<meta property=\"og:title\" content=\"Volver al Futuro el Musical lleg\u00f3 a Broadway. - Uninter Informa Al Aire\" \/>\r\n<meta property=\"og:description\" content=\"Doc Brown est\u00e1 de nuevo, esta vez en el distrito del West End de Londres con Volver al Futuro el Musical, s\u00ed, lo has le\u00eddo bien.\" \/>\r\n<meta property=\"og:url\" content=\"https:\/\/blogs.uninter.edu.mx\/uninterinforma\/index.php\/2021\/09\/29\/volver-al-futuro-el-musical-llego-a-broadway\/\" \/>\r\n<meta property=\"og:site_name\" content=\"Uninter Informa Al Aire\" \/>\r\n<meta property=\"article:published_time\" content=\"2021-09-29T18:22:45+00:00\" \/>\r\n<meta property=\"article:modified_time\" content=\"2021-09-29T18:22:48+00:00\" \/>\r\n<meta property=\"og:image\" content=\"https:\/\/blogs.uninter.edu.mx\/uninterinforma\/wp-content\/uploads\/2021\/09\/BTTF_title_1920x1080-e1580150388585.jpg\" \/>\r\n\t<meta property=\"og:image:width\" content=\"980\" \/>\r\n\t<meta property=\"og:image:height\" content=\"551\" \/>\r\n\t<meta property=\"og:image:type\" content=\"image\/jpeg\" \/>\r\n<meta name=\"author\" content=\"Relaciones Publicas\" \/>\r\n<meta name=\"twitter:card\" content=\"summary_large_image\" \/>\r\n<meta name=\"twitter:label1\" content=\"Escrito por\" \/>\n\t<meta name=\"twitter:data1\" content=\"Relaciones Publicas\" \/>\n\t<meta name=\"twitter:label2\" content=\"Tiempo de lectura\" \/>\n\t<meta name=\"twitter:data2\" content=\"2 minutos\" \/>\r\n<script type=\"application\/ld+json\" class=\"yoast-schema-graph\">{\"@context\":\"https:\/\/schema.org\",\"@graph\":[{\"@type\":\"WebPage\",\"@id\":\"https:\/\/blogs.uninter.edu.mx\/uninterinforma\/index.php\/2021\/09\/29\/volver-al-futuro-el-musical-llego-a-broadway\/\",\"url\":\"https:\/\/blogs.uninter.edu.mx\/uninterinforma\/index.php\/2021\/09\/29\/volver-al-futuro-el-musical-llego-a-broadway\/\",\"name\":\"Volver al Futuro el Musical lleg\u00f3 a Broadway. - Uninter Informa Al Aire\",\"isPartOf\":{\"@id\":\"https:\/\/blogs.uninter.edu.mx\/uninterinforma\/#website\"},\"primaryImageOfPage\":{\"@id\":\"https:\/\/blogs.uninter.edu.mx\/uninterinforma\/index.php\/2021\/09\/29\/volver-al-futuro-el-musical-llego-a-broadway\/#primaryimage\"},\"image\":{\"@id\":\"https:\/\/blogs.uninter.edu.mx\/uninterinforma\/index.php\/2021\/09\/29\/volver-al-futuro-el-musical-llego-a-broadway\/#primaryimage\"},\"thumbnailUrl\":\"https:\/\/blogs.uninter.edu.mx\/uninterinforma\/wp-content\/uploads\/2021\/09\/BTTF_title_1920x1080-e1580150388585.jpg\",\"datePublished\":\"2021-09-29T18:22:45+00:00\",\"dateModified\":\"2021-09-29T18:22:48+00:00\",\"author\":{\"@id\":\"https:\/\/blogs.uninter.edu.mx\/uninterinforma\/#\/schema\/person\/1a37438c5655bd11c00d94ae994493a6\"},\"description\":\"Doc Brown est\u00e1 de nuevo, esta vez en el distrito del West End de Londres con Volver al Futuro el Musical, s\u00ed, lo has le\u00eddo bien.\",\"breadcrumb\":{\"@id\":\"https:\/\/blogs.uninter.edu.mx\/uninterinforma\/index.php\/2021\/09\/29\/volver-al-futuro-el-musical-llego-a-broadway\/#breadcrumb\"},\"inLanguage\":\"es\",\"potentialAction\":[{\"@type\":\"ReadAction\",\"target\":[\"https:\/\/blogs.uninter.edu.mx\/uninterinforma\/index.php\/2021\/09\/29\/volver-al-futuro-el-musical-llego-a-broadway\/\"]}]},{\"@type\":\"ImageObject\",\"inLanguage\":\"es\",\"@id\":\"https:\/\/blogs.uninter.edu.mx\/uninterinforma\/index.php\/2021\/09\/29\/volver-al-futuro-el-musical-llego-a-broadway\/#primaryimage\",\"url\":\"https:\/\/blogs.uninter.edu.mx\/uninterinforma\/wp-content\/uploads\/2021\/09\/BTTF_title_1920x1080-e1580150388585.jpg\",\"contentUrl\":\"https:\/\/blogs.uninter.edu.mx\/uninterinforma\/wp-content\/uploads\/2021\/09\/BTTF_title_1920x1080-e1580150388585.jpg\",\"width\":980,\"height\":551},{\"@type\":\"BreadcrumbList\",\"@id\":\"https:\/\/blogs.uninter.edu.mx\/uninterinforma\/index.php\/2021\/09\/29\/volver-al-futuro-el-musical-llego-a-broadway\/#breadcrumb\",\"itemListElement\":[{\"@type\":\"ListItem\",\"position\":1,\"name\":\"Inicio\",\"item\":\"https:\/\/blogs.uninter.edu.mx\/uninterinforma\/\"},{\"@type\":\"ListItem\",\"position\":2,\"name\":\"Volver al Futuro el Musical lleg\u00f3 a Broadway.\"}]},{\"@type\":\"WebSite\",\"@id\":\"https:\/\/blogs.uninter.edu.mx\/uninterinforma\/#website\",\"url\":\"https:\/\/blogs.uninter.edu.mx\/uninterinforma\/\",\"name\":\"Uninter Informa Al Aire\",\"description\":\"\u00a1Bienvenidos al sitio de Uninter Informa Al Aire, el programa de radio de la Universidad Internacional Uninter! Cine, M\u00fasica, Bienestar y mucho m\u00e1s solo para ti, \u00a1Bienvenido!   \",\"potentialAction\":[{\"@type\":\"SearchAction\",\"target\":{\"@type\":\"EntryPoint\",\"urlTemplate\":\"https:\/\/blogs.uninter.edu.mx\/uninterinforma\/?s={search_term_string}\"},\"query-input\":{\"@type\":\"PropertyValueSpecification\",\"valueRequired\":true,\"valueName\":\"search_term_string\"}}],\"inLanguage\":\"es\"},{\"@type\":\"Person\",\"@id\":\"https:\/\/blogs.uninter.edu.mx\/uninterinforma\/#\/schema\/person\/1a37438c5655bd11c00d94ae994493a6\",\"name\":\"Relaciones Publicas\",\"image\":{\"@type\":\"ImageObject\",\"inLanguage\":\"es\",\"@id\":\"https:\/\/blogs.uninter.edu.mx\/uninterinforma\/#\/schema\/person\/image\/\",\"url\":\"https:\/\/secure.gravatar.com\/avatar\/ab0f0f6bf72d19f075c311c1cd32f330dfc942713547802960188066790d5ebf?s=96&d=mm&r=g\",\"contentUrl\":\"https:\/\/secure.gravatar.com\/avatar\/ab0f0f6bf72d19f075c311c1cd32f330dfc942713547802960188066790d5ebf?s=96&d=mm&r=g\",\"caption\":\"Relaciones Publicas\"},\"url\":\"https:\/\/blogs.uninter.edu.mx\/uninterinforma\/index.php\/author\/relaciones-publicas\/\"}]}<\/script>\r\n<!-- \/ Yoast SEO plugin. -->","yoast_head_json":{"title":"Volver al Futuro el Musical lleg\u00f3 a Broadway. - Uninter Informa Al Aire","description":"Doc Brown est\u00e1 de nuevo, esta vez en el distrito del West End de Londres con Volver al Futuro el Musical, s\u00ed, lo has le\u00eddo bien.","robots":{"index":"index","follow":"follow","max-snippet":"max-snippet:-1","max-image-preview":"max-image-preview:large","max-video-preview":"max-video-preview:-1"},"canonical":"https:\/\/blogs.uninter.edu.mx\/uninterinforma\/index.php\/2021\/09\/29\/volver-al-futuro-el-musical-llego-a-broadway\/","og_locale":"es_MX","og_type":"article","og_title":"Volver al Futuro el Musical lleg\u00f3 a Broadway. - Uninter Informa Al Aire","og_description":"Doc Brown est\u00e1 de nuevo, esta vez en el distrito del West End de Londres con Volver al Futuro el Musical, s\u00ed, lo has le\u00eddo bien.","og_url":"https:\/\/blogs.uninter.edu.mx\/uninterinforma\/index.php\/2021\/09\/29\/volver-al-futuro-el-musical-llego-a-broadway\/","og_site_name":"Uninter Informa Al Aire","article_published_time":"2021-09-29T18:22:45+00:00","article_modified_time":"2021-09-29T18:22:48+00:00","og_image":[{"width":980,"height":551,"url":"https:\/\/blogs.uninter.edu.mx\/uninterinforma\/wp-content\/uploads\/2021\/09\/BTTF_title_1920x1080-e1580150388585.jpg","type":"image\/jpeg"}],"author":"Relaciones Publicas","twitter_card":"summary_large_image","twitter_misc":{"Escrito por":"Relaciones Publicas","Tiempo de lectura":"2 minutos"},"schema":{"@context":"https:\/\/schema.org","@graph":[{"@type":"WebPage","@id":"https:\/\/blogs.uninter.edu.mx\/uninterinforma\/index.php\/2021\/09\/29\/volver-al-futuro-el-musical-llego-a-broadway\/","url":"https:\/\/blogs.uninter.edu.mx\/uninterinforma\/index.php\/2021\/09\/29\/volver-al-futuro-el-musical-llego-a-broadway\/","name":"Volver al Futuro el Musical lleg\u00f3 a Broadway. - Uninter Informa Al Aire","isPartOf":{"@id":"https:\/\/blogs.uninter.edu.mx\/uninterinforma\/#website"},"primaryImageOfPage":{"@id":"https:\/\/blogs.uninter.edu.mx\/uninterinforma\/index.php\/2021\/09\/29\/volver-al-futuro-el-musical-llego-a-broadway\/#primaryimage"},"image":{"@id":"https:\/\/blogs.uninter.edu.mx\/uninterinforma\/index.php\/2021\/09\/29\/volver-al-futuro-el-musical-llego-a-broadway\/#primaryimage"},"thumbnailUrl":"https:\/\/blogs.uninter.edu.mx\/uninterinforma\/wp-content\/uploads\/2021\/09\/BTTF_title_1920x1080-e1580150388585.jpg","datePublished":"2021-09-29T18:22:45+00:00","dateModified":"2021-09-29T18:22:48+00:00","author":{"@id":"https:\/\/blogs.uninter.edu.mx\/uninterinforma\/#\/schema\/person\/1a37438c5655bd11c00d94ae994493a6"},"description":"Doc Brown est\u00e1 de nuevo, esta vez en el distrito del West End de Londres con Volver al Futuro el Musical, s\u00ed, lo has le\u00eddo bien.","breadcrumb":{"@id":"https:\/\/blogs.uninter.edu.mx\/uninterinforma\/index.php\/2021\/09\/29\/volver-al-futuro-el-musical-llego-a-broadway\/#breadcrumb"},"inLanguage":"es","potentialAction":[{"@type":"ReadAction","target":["https:\/\/blogs.uninter.edu.mx\/uninterinforma\/index.php\/2021\/09\/29\/volver-al-futuro-el-musical-llego-a-broadway\/"]}]},{"@type":"ImageObject","inLanguage":"es","@id":"https:\/\/blogs.uninter.edu.mx\/uninterinforma\/index.php\/2021\/09\/29\/volver-al-futuro-el-musical-llego-a-broadway\/#primaryimage","url":"https:\/\/blogs.uninter.edu.mx\/uninterinforma\/wp-content\/uploads\/2021\/09\/BTTF_title_1920x1080-e1580150388585.jpg","contentUrl":"https:\/\/blogs.uninter.edu.mx\/uninterinforma\/wp-content\/uploads\/2021\/09\/BTTF_title_1920x1080-e1580150388585.jpg","width":980,"height":551},{"@type":"BreadcrumbList","@id":"https:\/\/blogs.uninter.edu.mx\/uninterinforma\/index.php\/2021\/09\/29\/volver-al-futuro-el-musical-llego-a-broadway\/#breadcrumb","itemListElement":[{"@type":"ListItem","position":1,"name":"Inicio","item":"https:\/\/blogs.uninter.edu.mx\/uninterinforma\/"},{"@type":"ListItem","position":2,"name":"Volver al Futuro el Musical lleg\u00f3 a Broadway."}]},{"@type":"WebSite","@id":"https:\/\/blogs.uninter.edu.mx\/uninterinforma\/#website","url":"https:\/\/blogs.uninter.edu.mx\/uninterinforma\/","name":"Uninter Informa Al Aire","description":"\u00a1Bienvenidos al sitio de Uninter Informa Al Aire, el programa de radio de la Universidad Internacional Uninter! Cine, M\u00fasica, Bienestar y mucho m\u00e1s solo para ti, \u00a1Bienvenido!   ","potentialAction":[{"@type":"SearchAction","target":{"@type":"EntryPoint","urlTemplate":"https:\/\/blogs.uninter.edu.mx\/uninterinforma\/?s={search_term_string}"},"query-input":{"@type":"PropertyValueSpecification","valueRequired":true,"valueName":"search_term_string"}}],"inLanguage":"es"},{"@type":"Person","@id":"https:\/\/blogs.uninter.edu.mx\/uninterinforma\/#\/schema\/person\/1a37438c5655bd11c00d94ae994493a6","name":"Relaciones Publicas","image":{"@type":"ImageObject","inLanguage":"es","@id":"https:\/\/blogs.uninter.edu.mx\/uninterinforma\/#\/schema\/person\/image\/","url":"https:\/\/secure.gravatar.com\/avatar\/ab0f0f6bf72d19f075c311c1cd32f330dfc942713547802960188066790d5ebf?s=96&d=mm&r=g","contentUrl":"https:\/\/secure.gravatar.com\/avatar\/ab0f0f6bf72d19f075c311c1cd32f330dfc942713547802960188066790d5ebf?s=96&d=mm&r=g","caption":"Relaciones Publicas"},"url":"https:\/\/blogs.uninter.edu.mx\/uninterinforma\/index.php\/author\/relaciones-publicas\/"}]}},"jetpack_publicize_connections":[],"jetpack_featured_media_url":"https:\/\/blogs.uninter.edu.mx\/uninterinforma\/wp-content\/uploads\/2021\/09\/BTTF_title_1920x1080-e1580150388585.jpg","jetpack_sharing_enabled":true,"_links":{"self":[{"href":"https:\/\/blogs.uninter.edu.mx\/uninterinforma\/index.php\/wp-json\/wp\/v2\/posts\/1134","targetHints":{"allow":["GET"]}}],"collection":[{"href":"https:\/\/blogs.uninter.edu.mx\/uninterinforma\/index.php\/wp-json\/wp\/v2\/posts"}],"about":[{"href":"https:\/\/blogs.uninter.edu.mx\/uninterinforma\/index.php\/wp-json\/wp\/v2\/types\/post"}],"author":[{"embeddable":true,"href":"https:\/\/blogs.uninter.edu.mx\/uninterinforma\/index.php\/wp-json\/wp\/v2\/users\/4"}],"replies":[{"embeddable":true,"href":"https:\/\/blogs.uninter.edu.mx\/uninterinforma\/index.php\/wp-json\/wp\/v2\/comments?post=1134"}],"version-history":[{"count":1,"href":"https:\/\/blogs.uninter.edu.mx\/uninterinforma\/index.php\/wp-json\/wp\/v2\/posts\/1134\/revisions"}],"predecessor-version":[{"id":1136,"href":"https:\/\/blogs.uninter.edu.mx\/uninterinforma\/index.php\/wp-json\/wp\/v2\/posts\/1134\/revisions\/1136"}],"wp:featuredmedia":[{"embeddable":true,"href":"https:\/\/blogs.uninter.edu.mx\/uninterinforma\/index.php\/wp-json\/wp\/v2\/media\/1135"}],"wp:attachment":[{"href":"https:\/\/blogs.uninter.edu.mx\/uninterinforma\/index.php\/wp-json\/wp\/v2\/media?parent=1134"}],"wp:term":[{"taxonomy":"category","embeddable":true,"href":"https:\/\/blogs.uninter.edu.mx\/uninterinforma\/index.php\/wp-json\/wp\/v2\/categories?post=1134"},{"taxonomy":"post_tag","embeddable":true,"href":"https:\/\/blogs.uninter.edu.mx\/uninterinforma\/index.php\/wp-json\/wp\/v2\/tags?post=1134"}],"curies":[{"name":"wp","href":"https:\/\/api.w.org\/{rel}","templated":true}]}}