{"id":1726,"date":"2022-04-28T01:32:26","date_gmt":"2022-04-28T01:32:26","guid":{"rendered":"https:\/\/blogs.uninter.edu.mx\/uninterinforma\/?p=1726"},"modified":"2022-04-28T14:04:03","modified_gmt":"2022-04-28T14:04:03","slug":"las-hermanas-ha-ash-la-rompen-en-jardines-de-mexico","status":"publish","type":"post","link":"https:\/\/blogs.uninter.edu.mx\/uninterinforma\/index.php\/2022\/04\/28\/las-hermanas-ha-ash-la-rompen-en-jardines-de-mexico\/","title":{"rendered":"Las hermanas Ha-Ash la rompen en Jardines de M\u00e9xico."},"content":{"rendered":"\n<p>Las hermanas Ha-Ash la rompen en Jardines de M\u00e9xico, y el equipo de Uninter Informa al aire hizo la cobertura especial, aqu\u00ed los detalles.<\/p>\n\n\n\n<p>El pasado 23 de abril, las hermanas Hanna y Ashley encendieron el escenario de Jardines de M\u00e9xico con una incre\u00edble presentaci\u00f3n.<\/p>\n\n\n\n<figure class=\"wp-block-image size-full is-style-rounded\"><img loading=\"lazy\" decoding=\"async\" width=\"1280\" height=\"960\" src=\"https:\/\/blogs.uninter.edu.mx\/uninterinforma\/wp-content\/uploads\/2022\/04\/279060891_4986478974803893_7399556573970014333_n.jpg\" alt=\"Las hermanas Ha-Ash la rompen en Jardines de M\u00e9xico, y el equipo de Uninter Informa al aire hizo la cobertura especial, aqu\u00ed los detalles.\" class=\"wp-image-1744\"\/><figcaption>Concierto de Ha-Ash. En Vivo.<\/figcaption><\/figure>\n\n\n\n<p>Adem\u00e1s de la presentaci\u00f3n ante el p\u00fablico de su sencillo &#8220;Lo que un hombre deber\u00eda saber&#8221;. Sencillo compuesto en conjunto con Pablo Preciado, integrante de Matisse.<\/p>\n\n\n\n<p>Lo que un hombre deber\u00eda saber forma parte de su \u00e1lbum m\u00e1s personal seg\u00fan comentan para el Diario &#8220;El Universo&#8221;.<\/p>\n\n\n\n<blockquote class=\"wp-block-quote is-layout-flow wp-block-quote-is-layout-flow\"><p><em>\u201cHicimos un estudio de grabaci\u00f3n en la casa, en donde hicimos un disco m\u00e1s&nbsp;country, con toques g\u00f3spel, m\u00e1s parecido a nuestros inicios, a nuestras ra\u00edces. Fue la primera vez que no pusimos atenci\u00f3n en tener un g\u00e9nero en especial. Incluso podemos comentar que hay hasta mariachi, hasta las risas de Matilda, la hija de Hanna\u201d<\/em><\/p><cite>Ashley para el diario &#8220;El Universo&#8221;.<\/cite><\/blockquote>\n\n\n\n<figure class=\"wp-block-image size-full is-style-rounded\"><img loading=\"lazy\" decoding=\"async\" width=\"1280\" height=\"960\" src=\"https:\/\/blogs.uninter.edu.mx\/uninterinforma\/wp-content\/uploads\/2022\/04\/279077779_4986479008137223_5754049661286390017_n.jpg\" alt=\"Las hermanas Ha-Ash la rompen en Jardines de M\u00e9xico, y el equipo de Uninter Informa al aire hizo la cobertura especial, aqu\u00ed los detalles.\" class=\"wp-image-1747\"\/><\/figure>\n\n\n\n<p>Dos d\u00e9cadas han pasado desde el debut musical de este incre\u00edble d\u00fao y su \u00e9xito es innegable. Logrando que la noche del 23 de Abril en Jardines de M\u00e9xico se volviera inolvidable.<\/p>\n\n\n\n<p>Cantando sus mejores \u00e9xitos que van desde &#8220;Perd\u00f3n, perd\u00f3n\u201d, \u201cLo aprend\u00ed de ti\u201d y \u201cTe dejo en libertad\u201d.<\/p>\n\n\n\n<h2 class=\"wp-block-heading\">Las hermanas Ha-Ash la rompen en Jardines de M\u00e9xico y Uninter estuvo presente.<\/h2>\n\n\n\n<p>El equipo de Uninter Informa no fue el \u00fanico con el privilegio de escuchar a Ha-Ash en vivo.<\/p>\n\n\n\n<p>Pues por parte de la Universidad, los alumnos que cursan vinculaci\u00f3n, disfrutaron de una experiencia inolvidable.<\/p>\n\n\n\n<figure class=\"wp-block-image size-full is-style-rounded\"><img loading=\"lazy\" decoding=\"async\" width=\"1280\" height=\"960\" src=\"https:\/\/blogs.uninter.edu.mx\/uninterinforma\/wp-content\/uploads\/2022\/04\/thumbnail_Image.jpg\" alt=\"Las hermanas Ha-Ash la rompen en Jardines de M\u00e9xico, y el equipo de Uninter Informa al aire hizo la cobertura especial, aqu\u00ed los detalles.\" class=\"wp-image-1745\"\/><\/figure>\n\n\n\n<p>La Universidad Internacional a trav\u00e9s del departamento de vinculaci\u00f3n y en colaboraci\u00f3n con el equipo de Jardines de M\u00e9xico. Logr\u00f3 que los estudiantes de la Universidad liberen su vinculaci\u00f3n laboral, haciendo su servicio en este tipo de eventos.<\/p>\n\n\n\n<p>No cabe duda, que fue una experiencia inolvidable para los alumnos de Uninter y el equipo de UninterInforma al aire.<\/p>\n\n\n\n<figure class=\"wp-block-image size-full is-style-rounded\"><img loading=\"lazy\" decoding=\"async\" width=\"960\" height=\"1280\" src=\"https:\/\/blogs.uninter.edu.mx\/uninterinforma\/wp-content\/uploads\/2022\/04\/thumbnail_Image-1.jpg\" alt=\"Las hermanas Ha-Ash la rompen en Jardines de M\u00e9xico, y el equipo de Uninter Informa al aire hizo la cobertura especial, aqu\u00ed los detalles.\" class=\"wp-image-1746\"\/><\/figure>\n\n\n\n<p>Si quieres conocer nuestras din\u00e1micas, ganar premios y disfrutar de contenido exclusivo, recuerda que puedes escucharnos martes y jueves de 3:00pm-4:00pm a trav\u00e9s de Super 98.1.<\/p>\n\n\n\n<p><\/p>\n\n\n\n<p><\/p>\n","protected":false},"excerpt":{"rendered":"<p>Las hermanas Ha-Ash la rompen en Jardines de M\u00e9xico, y el equipo de Uninter Informa al aire hizo la cobertura especial, aqu\u00ed los detalles.<\/p>\n","protected":false},"author":4,"featured_media":1747,"comment_status":"open","ping_status":"open","sticky":false,"template":"","format":"standard","meta":{"_jetpack_memberships_contains_paid_content":false,"footnotes":"","jetpack_publicize_message":"Las hermanas Ha-Ash la rompen en Jardines de M\u00e9xico, y el equipo de Uninter Informa al aire hizo la cobertura especial, aqu\u00ed los detalles.","jetpack_publicize_feature_enabled":true,"jetpack_social_post_already_shared":true,"jetpack_social_options":{"image_generator_settings":{"template":"highway","default_image_id":0,"font":"","enabled":false},"version":2}},"categories":[1,585,20],"tags":[152,910,911,912],"class_list":["post-1726","post","type-post","status-publish","format-standard","has-post-thumbnail","hentry","category-bienestar-uninter-informa","category-espectaculos","category-musica-uninterinforma","tag-concierto","tag-ha-ash","tag-jardines-de-mexico","tag-vinculacion"],"yoast_head":"<!-- This site is optimized with the Yoast SEO plugin v26.0 - https:\/\/yoast.com\/wordpress\/plugins\/seo\/ -->\r\n<title>Las hermanas Ha-Ash la rompen en Jardines de M\u00e9xico. -<\/title>\r\n<meta name=\"description\" content=\"Las hermanas Ha-Ash la rompen en Jardines de M\u00e9xico, y el equipo de Uninter Informa al aire hizo la cobertura especial, aqu\u00ed los detalles\" \/>\r\n<meta name=\"robots\" content=\"index, follow, max-snippet:-1, max-image-preview:large, max-video-preview:-1\" \/>\r\n<link rel=\"canonical\" href=\"https:\/\/blogs.uninter.edu.mx\/uninterinforma\/index.php\/2022\/04\/28\/las-hermanas-ha-ash-la-rompen-en-jardines-de-mexico\/\" \/>\r\n<meta property=\"og:locale\" content=\"es_MX\" \/>\r\n<meta property=\"og:type\" content=\"article\" \/>\r\n<meta property=\"og:title\" content=\"Las hermanas Ha-Ash la rompen en Jardines de M\u00e9xico.\" \/>\r\n<meta property=\"og:description\" content=\"Las hermanas Ha-Ash la rompen en Jardines de M\u00e9xico, y el equipo de Uninter Informa al aire hizo la cobertura especial, aqu\u00ed los detalles.\" \/>\r\n<meta property=\"og:url\" content=\"https:\/\/blogs.uninter.edu.mx\/uninterinforma\/index.php\/2022\/04\/28\/las-hermanas-ha-ash-la-rompen-en-jardines-de-mexico\/\" \/>\r\n<meta property=\"og:site_name\" content=\"Uninter Informa Al Aire\" \/>\r\n<meta property=\"article:published_time\" content=\"2022-04-28T01:32:26+00:00\" \/>\r\n<meta property=\"article:modified_time\" content=\"2022-04-28T14:04:03+00:00\" \/>\r\n<meta property=\"og:image\" content=\"https:\/\/blogs.uninter.edu.mx\/uninterinforma\/wp-content\/uploads\/2022\/04\/279060891_4986478974803893_7399556573970014333_n.jpg\" \/>\r\n\t<meta property=\"og:image:width\" content=\"1280\" \/>\r\n\t<meta property=\"og:image:height\" content=\"960\" \/>\r\n\t<meta property=\"og:image:type\" content=\"image\/jpeg\" \/>\r\n<meta name=\"author\" content=\"Relaciones Publicas\" \/>\r\n<meta name=\"twitter:card\" content=\"summary_large_image\" \/>\r\n<meta name=\"twitter:label1\" content=\"Escrito por\" \/>\n\t<meta name=\"twitter:data1\" content=\"Relaciones Publicas\" \/>\n\t<meta name=\"twitter:label2\" content=\"Tiempo de lectura\" \/>\n\t<meta name=\"twitter:data2\" content=\"3 minutos\" \/>\r\n<script type=\"application\/ld+json\" class=\"yoast-schema-graph\">{\"@context\":\"https:\/\/schema.org\",\"@graph\":[{\"@type\":\"WebPage\",\"@id\":\"https:\/\/blogs.uninter.edu.mx\/uninterinforma\/index.php\/2022\/04\/28\/las-hermanas-ha-ash-la-rompen-en-jardines-de-mexico\/\",\"url\":\"https:\/\/blogs.uninter.edu.mx\/uninterinforma\/index.php\/2022\/04\/28\/las-hermanas-ha-ash-la-rompen-en-jardines-de-mexico\/\",\"name\":\"Las hermanas Ha-Ash la rompen en Jardines de M\u00e9xico. -\",\"isPartOf\":{\"@id\":\"https:\/\/blogs.uninter.edu.mx\/uninterinforma\/#website\"},\"primaryImageOfPage\":{\"@id\":\"https:\/\/blogs.uninter.edu.mx\/uninterinforma\/index.php\/2022\/04\/28\/las-hermanas-ha-ash-la-rompen-en-jardines-de-mexico\/#primaryimage\"},\"image\":{\"@id\":\"https:\/\/blogs.uninter.edu.mx\/uninterinforma\/index.php\/2022\/04\/28\/las-hermanas-ha-ash-la-rompen-en-jardines-de-mexico\/#primaryimage\"},\"thumbnailUrl\":\"https:\/\/blogs.uninter.edu.mx\/uninterinforma\/wp-content\/uploads\/2022\/04\/279077779_4986479008137223_5754049661286390017_n.jpg\",\"datePublished\":\"2022-04-28T01:32:26+00:00\",\"dateModified\":\"2022-04-28T14:04:03+00:00\",\"author\":{\"@id\":\"https:\/\/blogs.uninter.edu.mx\/uninterinforma\/#\/schema\/person\/1a37438c5655bd11c00d94ae994493a6\"},\"description\":\"Las hermanas Ha-Ash la rompen en Jardines de M\u00e9xico, y el equipo de Uninter Informa al aire hizo la cobertura especial, aqu\u00ed los detalles\",\"breadcrumb\":{\"@id\":\"https:\/\/blogs.uninter.edu.mx\/uninterinforma\/index.php\/2022\/04\/28\/las-hermanas-ha-ash-la-rompen-en-jardines-de-mexico\/#breadcrumb\"},\"inLanguage\":\"es\",\"potentialAction\":[{\"@type\":\"ReadAction\",\"target\":[\"https:\/\/blogs.uninter.edu.mx\/uninterinforma\/index.php\/2022\/04\/28\/las-hermanas-ha-ash-la-rompen-en-jardines-de-mexico\/\"]}]},{\"@type\":\"ImageObject\",\"inLanguage\":\"es\",\"@id\":\"https:\/\/blogs.uninter.edu.mx\/uninterinforma\/index.php\/2022\/04\/28\/las-hermanas-ha-ash-la-rompen-en-jardines-de-mexico\/#primaryimage\",\"url\":\"https:\/\/blogs.uninter.edu.mx\/uninterinforma\/wp-content\/uploads\/2022\/04\/279077779_4986479008137223_5754049661286390017_n.jpg\",\"contentUrl\":\"https:\/\/blogs.uninter.edu.mx\/uninterinforma\/wp-content\/uploads\/2022\/04\/279077779_4986479008137223_5754049661286390017_n.jpg\",\"width\":1280,\"height\":960,\"caption\":\"Las hermanas Ha-Ash la rompen en Jardines de M\u00e9xico, y el equipo de Uninter Informa al aire hizo la cobertura especial, aqu\u00ed los detalles.\"},{\"@type\":\"BreadcrumbList\",\"@id\":\"https:\/\/blogs.uninter.edu.mx\/uninterinforma\/index.php\/2022\/04\/28\/las-hermanas-ha-ash-la-rompen-en-jardines-de-mexico\/#breadcrumb\",\"itemListElement\":[{\"@type\":\"ListItem\",\"position\":1,\"name\":\"Inicio\",\"item\":\"https:\/\/blogs.uninter.edu.mx\/uninterinforma\/\"},{\"@type\":\"ListItem\",\"position\":2,\"name\":\"Las hermanas Ha-Ash la rompen en Jardines de M\u00e9xico.\"}]},{\"@type\":\"WebSite\",\"@id\":\"https:\/\/blogs.uninter.edu.mx\/uninterinforma\/#website\",\"url\":\"https:\/\/blogs.uninter.edu.mx\/uninterinforma\/\",\"name\":\"Uninter Informa Al Aire\",\"description\":\"\u00a1Bienvenidos al sitio de Uninter Informa Al Aire, el programa de radio de la Universidad Internacional Uninter! Cine, M\u00fasica, Bienestar y mucho m\u00e1s solo para ti, \u00a1Bienvenido!   \",\"potentialAction\":[{\"@type\":\"SearchAction\",\"target\":{\"@type\":\"EntryPoint\",\"urlTemplate\":\"https:\/\/blogs.uninter.edu.mx\/uninterinforma\/?s={search_term_string}\"},\"query-input\":{\"@type\":\"PropertyValueSpecification\",\"valueRequired\":true,\"valueName\":\"search_term_string\"}}],\"inLanguage\":\"es\"},{\"@type\":\"Person\",\"@id\":\"https:\/\/blogs.uninter.edu.mx\/uninterinforma\/#\/schema\/person\/1a37438c5655bd11c00d94ae994493a6\",\"name\":\"Relaciones Publicas\",\"image\":{\"@type\":\"ImageObject\",\"inLanguage\":\"es\",\"@id\":\"https:\/\/blogs.uninter.edu.mx\/uninterinforma\/#\/schema\/person\/image\/\",\"url\":\"https:\/\/secure.gravatar.com\/avatar\/ab0f0f6bf72d19f075c311c1cd32f330dfc942713547802960188066790d5ebf?s=96&d=mm&r=g\",\"contentUrl\":\"https:\/\/secure.gravatar.com\/avatar\/ab0f0f6bf72d19f075c311c1cd32f330dfc942713547802960188066790d5ebf?s=96&d=mm&r=g\",\"caption\":\"Relaciones Publicas\"},\"url\":\"https:\/\/blogs.uninter.edu.mx\/uninterinforma\/index.php\/author\/relaciones-publicas\/\"}]}<\/script>\r\n<!-- \/ Yoast SEO plugin. -->","yoast_head_json":{"title":"Las hermanas Ha-Ash la rompen en Jardines de M\u00e9xico. -","description":"Las hermanas Ha-Ash la rompen en Jardines de M\u00e9xico, y el equipo de Uninter Informa al aire hizo la cobertura especial, aqu\u00ed los detalles","robots":{"index":"index","follow":"follow","max-snippet":"max-snippet:-1","max-image-preview":"max-image-preview:large","max-video-preview":"max-video-preview:-1"},"canonical":"https:\/\/blogs.uninter.edu.mx\/uninterinforma\/index.php\/2022\/04\/28\/las-hermanas-ha-ash-la-rompen-en-jardines-de-mexico\/","og_locale":"es_MX","og_type":"article","og_title":"Las hermanas Ha-Ash la rompen en Jardines de M\u00e9xico.","og_description":"Las hermanas Ha-Ash la rompen en Jardines de M\u00e9xico, y el equipo de Uninter Informa al aire hizo la cobertura especial, aqu\u00ed los detalles.","og_url":"https:\/\/blogs.uninter.edu.mx\/uninterinforma\/index.php\/2022\/04\/28\/las-hermanas-ha-ash-la-rompen-en-jardines-de-mexico\/","og_site_name":"Uninter Informa Al Aire","article_published_time":"2022-04-28T01:32:26+00:00","article_modified_time":"2022-04-28T14:04:03+00:00","og_image":[{"width":1280,"height":960,"url":"https:\/\/blogs.uninter.edu.mx\/uninterinforma\/wp-content\/uploads\/2022\/04\/279060891_4986478974803893_7399556573970014333_n.jpg","type":"image\/jpeg"}],"author":"Relaciones Publicas","twitter_card":"summary_large_image","twitter_misc":{"Escrito por":"Relaciones Publicas","Tiempo de lectura":"3 minutos"},"schema":{"@context":"https:\/\/schema.org","@graph":[{"@type":"WebPage","@id":"https:\/\/blogs.uninter.edu.mx\/uninterinforma\/index.php\/2022\/04\/28\/las-hermanas-ha-ash-la-rompen-en-jardines-de-mexico\/","url":"https:\/\/blogs.uninter.edu.mx\/uninterinforma\/index.php\/2022\/04\/28\/las-hermanas-ha-ash-la-rompen-en-jardines-de-mexico\/","name":"Las hermanas Ha-Ash la rompen en Jardines de M\u00e9xico. -","isPartOf":{"@id":"https:\/\/blogs.uninter.edu.mx\/uninterinforma\/#website"},"primaryImageOfPage":{"@id":"https:\/\/blogs.uninter.edu.mx\/uninterinforma\/index.php\/2022\/04\/28\/las-hermanas-ha-ash-la-rompen-en-jardines-de-mexico\/#primaryimage"},"image":{"@id":"https:\/\/blogs.uninter.edu.mx\/uninterinforma\/index.php\/2022\/04\/28\/las-hermanas-ha-ash-la-rompen-en-jardines-de-mexico\/#primaryimage"},"thumbnailUrl":"https:\/\/blogs.uninter.edu.mx\/uninterinforma\/wp-content\/uploads\/2022\/04\/279077779_4986479008137223_5754049661286390017_n.jpg","datePublished":"2022-04-28T01:32:26+00:00","dateModified":"2022-04-28T14:04:03+00:00","author":{"@id":"https:\/\/blogs.uninter.edu.mx\/uninterinforma\/#\/schema\/person\/1a37438c5655bd11c00d94ae994493a6"},"description":"Las hermanas Ha-Ash la rompen en Jardines de M\u00e9xico, y el equipo de Uninter Informa al aire hizo la cobertura especial, aqu\u00ed los detalles","breadcrumb":{"@id":"https:\/\/blogs.uninter.edu.mx\/uninterinforma\/index.php\/2022\/04\/28\/las-hermanas-ha-ash-la-rompen-en-jardines-de-mexico\/#breadcrumb"},"inLanguage":"es","potentialAction":[{"@type":"ReadAction","target":["https:\/\/blogs.uninter.edu.mx\/uninterinforma\/index.php\/2022\/04\/28\/las-hermanas-ha-ash-la-rompen-en-jardines-de-mexico\/"]}]},{"@type":"ImageObject","inLanguage":"es","@id":"https:\/\/blogs.uninter.edu.mx\/uninterinforma\/index.php\/2022\/04\/28\/las-hermanas-ha-ash-la-rompen-en-jardines-de-mexico\/#primaryimage","url":"https:\/\/blogs.uninter.edu.mx\/uninterinforma\/wp-content\/uploads\/2022\/04\/279077779_4986479008137223_5754049661286390017_n.jpg","contentUrl":"https:\/\/blogs.uninter.edu.mx\/uninterinforma\/wp-content\/uploads\/2022\/04\/279077779_4986479008137223_5754049661286390017_n.jpg","width":1280,"height":960,"caption":"Las hermanas Ha-Ash la rompen en Jardines de M\u00e9xico, y el equipo de Uninter Informa al aire hizo la cobertura especial, aqu\u00ed los detalles."},{"@type":"BreadcrumbList","@id":"https:\/\/blogs.uninter.edu.mx\/uninterinforma\/index.php\/2022\/04\/28\/las-hermanas-ha-ash-la-rompen-en-jardines-de-mexico\/#breadcrumb","itemListElement":[{"@type":"ListItem","position":1,"name":"Inicio","item":"https:\/\/blogs.uninter.edu.mx\/uninterinforma\/"},{"@type":"ListItem","position":2,"name":"Las hermanas Ha-Ash la rompen en Jardines de M\u00e9xico."}]},{"@type":"WebSite","@id":"https:\/\/blogs.uninter.edu.mx\/uninterinforma\/#website","url":"https:\/\/blogs.uninter.edu.mx\/uninterinforma\/","name":"Uninter Informa Al Aire","description":"\u00a1Bienvenidos al sitio de Uninter Informa Al Aire, el programa de radio de la Universidad Internacional Uninter! Cine, M\u00fasica, Bienestar y mucho m\u00e1s solo para ti, \u00a1Bienvenido!   ","potentialAction":[{"@type":"SearchAction","target":{"@type":"EntryPoint","urlTemplate":"https:\/\/blogs.uninter.edu.mx\/uninterinforma\/?s={search_term_string}"},"query-input":{"@type":"PropertyValueSpecification","valueRequired":true,"valueName":"search_term_string"}}],"inLanguage":"es"},{"@type":"Person","@id":"https:\/\/blogs.uninter.edu.mx\/uninterinforma\/#\/schema\/person\/1a37438c5655bd11c00d94ae994493a6","name":"Relaciones Publicas","image":{"@type":"ImageObject","inLanguage":"es","@id":"https:\/\/blogs.uninter.edu.mx\/uninterinforma\/#\/schema\/person\/image\/","url":"https:\/\/secure.gravatar.com\/avatar\/ab0f0f6bf72d19f075c311c1cd32f330dfc942713547802960188066790d5ebf?s=96&d=mm&r=g","contentUrl":"https:\/\/secure.gravatar.com\/avatar\/ab0f0f6bf72d19f075c311c1cd32f330dfc942713547802960188066790d5ebf?s=96&d=mm&r=g","caption":"Relaciones Publicas"},"url":"https:\/\/blogs.uninter.edu.mx\/uninterinforma\/index.php\/author\/relaciones-publicas\/"}]}},"jetpack_publicize_connections":[],"jetpack_featured_media_url":"https:\/\/blogs.uninter.edu.mx\/uninterinforma\/wp-content\/uploads\/2022\/04\/279077779_4986479008137223_5754049661286390017_n.jpg","jetpack_sharing_enabled":true,"_links":{"self":[{"href":"https:\/\/blogs.uninter.edu.mx\/uninterinforma\/index.php\/wp-json\/wp\/v2\/posts\/1726","targetHints":{"allow":["GET"]}}],"collection":[{"href":"https:\/\/blogs.uninter.edu.mx\/uninterinforma\/index.php\/wp-json\/wp\/v2\/posts"}],"about":[{"href":"https:\/\/blogs.uninter.edu.mx\/uninterinforma\/index.php\/wp-json\/wp\/v2\/types\/post"}],"author":[{"embeddable":true,"href":"https:\/\/blogs.uninter.edu.mx\/uninterinforma\/index.php\/wp-json\/wp\/v2\/users\/4"}],"replies":[{"embeddable":true,"href":"https:\/\/blogs.uninter.edu.mx\/uninterinforma\/index.php\/wp-json\/wp\/v2\/comments?post=1726"}],"version-history":[{"count":5,"href":"https:\/\/blogs.uninter.edu.mx\/uninterinforma\/index.php\/wp-json\/wp\/v2\/posts\/1726\/revisions"}],"predecessor-version":[{"id":1755,"href":"https:\/\/blogs.uninter.edu.mx\/uninterinforma\/index.php\/wp-json\/wp\/v2\/posts\/1726\/revisions\/1755"}],"wp:featuredmedia":[{"embeddable":true,"href":"https:\/\/blogs.uninter.edu.mx\/uninterinforma\/index.php\/wp-json\/wp\/v2\/media\/1747"}],"wp:attachment":[{"href":"https:\/\/blogs.uninter.edu.mx\/uninterinforma\/index.php\/wp-json\/wp\/v2\/media?parent=1726"}],"wp:term":[{"taxonomy":"category","embeddable":true,"href":"https:\/\/blogs.uninter.edu.mx\/uninterinforma\/index.php\/wp-json\/wp\/v2\/categories?post=1726"},{"taxonomy":"post_tag","embeddable":true,"href":"https:\/\/blogs.uninter.edu.mx\/uninterinforma\/index.php\/wp-json\/wp\/v2\/tags?post=1726"}],"curies":[{"name":"wp","href":"https:\/\/api.w.org\/{rel}","templated":true}]}}