{"id":2089,"date":"2023-02-13T19:39:33","date_gmt":"2023-02-13T19:39:33","guid":{"rendered":"https:\/\/blogs.uninter.edu.mx\/uninterinforma\/?p=2089"},"modified":"2023-02-13T19:39:38","modified_gmt":"2023-02-13T19:39:38","slug":"maquillame-otra-vez-la-alfombra-rosa","status":"publish","type":"post","link":"https:\/\/blogs.uninter.edu.mx\/uninterinforma\/index.php\/2023\/02\/13\/maquillame-otra-vez-la-alfombra-rosa\/","title":{"rendered":"Maqu\u00edllame otra vez la alfombra rosa."},"content":{"rendered":"\n<p>Despu\u00e9s de meses de espera, Maqu\u00edllame otra vez tuvo su alfombra rosa y Premier, en el que el elenco nos revel\u00f3 detalles de esta producci\u00f3n.<\/p>\n\n\n\n<p>Previamente hablamos de las ans\u00edas que ten\u00edamos de ver culminada esta producci\u00f3n, pues desde su claquetazo de salida, nos dejaron ver que tienen la f\u00f3rmula para crear la comedia perfecta.<\/p>\n\n\n\n<figure class=\"wp-block-embed aligncenter is-type-video is-provider-youtube wp-block-embed-youtube wp-embed-aspect-16-9 wp-has-aspect-ratio\"><div class=\"wp-block-embed__wrapper\">\n<iframe loading=\"lazy\" title=\"Regina Bland\u00f3n, Paulina Gayt\u00e1n, Ilse salas y Eliza Sonrisas en&quot;Maqu\u00edllame otra vez&quot;I Uninter informa\" width=\"700\" height=\"394\" src=\"https:\/\/www.youtube.com\/embed\/J-c4sCwAGM8?feature=oembed\" frameborder=\"0\" allow=\"accelerometer; autoplay; clipboard-write; encrypted-media; gyroscope; picture-in-picture; web-share\" allowfullscreen><\/iframe>\n<\/div><figcaption class=\"wp-element-caption\">Checa nuestro reportaje desde el Claquetazo de Salida de &#8220;Maqu\u00edllame otra vez&#8221;<\/figcaption><\/figure>\n\n\n\n<h2 class=\"wp-block-heading\">Maqu\u00edllame otra vez una alfombra rosa llena de sorpresas.<\/h2>\n\n\n\n<p>Por la alfombra rosa desfilaron todo tipo de personalidades, desde creadores de contenido, actores y actrices de doblaje, cantantes, maquillistas y el elenco.<\/p>\n\n\n\n<p>La primera en desfilar fue Martha Claudia Moreno, que adem\u00e1s de llegar con un look incre\u00edble donde sus sombras en los ojos, nos revel\u00f3 que su personaje es el m\u00e1s relajado del cast. Seguida de Eliza Sonrisas qui\u00e9n nos coment\u00f3 que la cancelaci\u00f3n es un proceso in\u00fatil si no hay deconstrucci\u00f3n, esto respecto a los comentarios transf\u00f3bicos de Manelyk y un maquillista en un podcast.<\/p>\n\n\n<div class=\"wp-block-image\">\n<figure class=\"alignleft size-full is-resized\"><img loading=\"lazy\" decoding=\"async\" src=\"https:\/\/blogs.uninter.edu.mx\/uninterinforma\/wp-content\/uploads\/2023\/02\/IMG_5453.jpg\" alt=\"\" class=\"wp-image-2093\" width=\"226\" height=\"339\"\/><\/figure>\n<\/div>\n\n<div class=\"wp-block-image\">\n<figure class=\"alignright size-full is-resized\"><img loading=\"lazy\" decoding=\"async\" src=\"https:\/\/blogs.uninter.edu.mx\/uninterinforma\/wp-content\/uploads\/2023\/02\/IMG_5456.jpg\" alt=\"\" class=\"wp-image-2094\" width=\"233\" height=\"348\"\/><\/figure>\n<\/div>\n\n\n<p><\/p>\n\n\n\n<p>Lleg\u00f3 junto con ellas el director de la cinta que adem\u00e1s es su obra prima como cineasta en M\u00e9xico, el chileno Guillermo Calder\u00f3n. Qui\u00e9n nos revel\u00f3 que para esta producci\u00f3n le ayud\u00f3 mucho recordar sus inicios como actor.<\/p>\n\n\n\n<p><\/p>\n\n\n\n<p>Como invitados sorpresa acudieron &#8220;LETAL&#8221; de  &#8220;La m\u00e1s Draga&#8221; y la vedette Alejandra Vogue que lleg\u00f3 con &#8220;Esc\u00e1ndala&#8221;, ambas nos hablaron de la representaci\u00f3n del maquillaje como medio de expresi\u00f3n adem\u00e1s de darnos su opini\u00f3n sobre los comentarios transf\u00f3bicos de Mane en un podcast.<\/p>\n\n\n\n<p>Casi cerrando la alfombra rosa llegaron Regina Bland\u00f3n y Paulina Gayt\u00e1n y nos revelaron que lo mejor de trabajar en esta producci\u00f3n fue hacer el trabajo con amigos, haciendo que el resultado fuera m\u00e1s natural.<\/p>\n\n\n\n<p><\/p>\n\n\n\n<p><\/p>\n\n\n\n<figure class=\"wp-block-image size-full\"><img loading=\"lazy\" decoding=\"async\" width=\"960\" height=\"1280\" src=\"https:\/\/blogs.uninter.edu.mx\/uninterinforma\/wp-content\/uploads\/2023\/02\/photo1675888632.jpeg\" alt=\"Despu\u00e9s de meses de espera, Maqu\u00edllame otra vez tuvo su alfombra rosa y Premier, en el que el elenco nos revel\u00f3 detalles de esta producci\u00f3n.\" class=\"wp-image-2099\"\/><\/figure>\n","protected":false},"excerpt":{"rendered":"<p>Despu\u00e9s de meses de espera, Maqu\u00edllame otra vez tuvo su alfombra rosa y Premier, en el que el elenco nos revel\u00f3 detalles de esta producci\u00f3n.<\/p>\n","protected":false},"author":4,"featured_media":2099,"comment_status":"open","ping_status":"open","sticky":true,"template":"","format":"standard","meta":{"_jetpack_memberships_contains_paid_content":false,"footnotes":"","jetpack_publicize_message":"","jetpack_publicize_feature_enabled":true,"jetpack_social_post_already_shared":true,"jetpack_social_options":{"image_generator_settings":{"template":"highway","default_image_id":0,"font":"","enabled":false},"version":2}},"categories":[16,921,585,10],"tags":[1069,962,1072,957,963,1070],"class_list":["post-2089","post","type-post","status-publish","format-standard","has-post-thumbnail","hentry","category-cine-uninter-informa","category-cobertura-especial","category-espectaculos","category-notas-del-dia","tag-alfombra-rosa","tag-eliza-sonrisas","tag-guillermo-calderon-2","tag-maquillame-otra-vez","tag-martha-claudia-moreno","tag-premier"],"yoast_head":"<!-- This site is optimized with the Yoast SEO plugin v26.0 - https:\/\/yoast.com\/wordpress\/plugins\/seo\/ -->\r\n<title>Maqu\u00edllame otra vez la alfombra rosa. - Uninter Informa Al Aire<\/title>\r\n<meta name=\"description\" content=\"Despu\u00e9s de meses de espera, Maqu\u00edllame otra vez tuvo su alfombra rosa y Premier, en el que el elenco nos revel\u00f3 detalles de esta producci\u00f3n.\" \/>\r\n<meta name=\"robots\" content=\"index, follow, max-snippet:-1, max-image-preview:large, max-video-preview:-1\" \/>\r\n<link rel=\"canonical\" href=\"https:\/\/blogs.uninter.edu.mx\/uninterinforma\/index.php\/2023\/02\/13\/maquillame-otra-vez-la-alfombra-rosa\/\" \/>\r\n<meta property=\"og:locale\" content=\"es_MX\" \/>\r\n<meta property=\"og:type\" content=\"article\" \/>\r\n<meta property=\"og:title\" content=\"Maqu\u00edllame otra vez la alfombra rosa.\" \/>\r\n<meta property=\"og:description\" content=\"Despu\u00e9s de meses de espera, Maqu\u00edllame otra vez tuvo su alfombra rosa y Premier, en el que el elenco nos revel\u00f3 detalles de esta producci\u00f3n.\" \/>\r\n<meta property=\"og:url\" content=\"https:\/\/blogs.uninter.edu.mx\/uninterinforma\/index.php\/2023\/02\/13\/maquillame-otra-vez-la-alfombra-rosa\/\" \/>\r\n<meta property=\"og:site_name\" content=\"Uninter Informa Al Aire\" \/>\r\n<meta property=\"article:published_time\" content=\"2023-02-13T19:39:33+00:00\" \/>\r\n<meta property=\"article:modified_time\" content=\"2023-02-13T19:39:38+00:00\" \/>\r\n<meta property=\"og:image\" content=\"https:\/\/blogs.uninter.edu.mx\/uninterinforma\/wp-content\/uploads\/2023\/02\/photo1675888632.jpeg\" \/>\r\n\t<meta property=\"og:image:width\" content=\"960\" \/>\r\n\t<meta property=\"og:image:height\" content=\"1280\" \/>\r\n\t<meta property=\"og:image:type\" content=\"image\/jpeg\" \/>\r\n<meta name=\"author\" content=\"Relaciones Publicas\" \/>\r\n<meta name=\"twitter:card\" content=\"summary_large_image\" \/>\r\n<meta name=\"twitter:label1\" content=\"Escrito por\" \/>\n\t<meta name=\"twitter:data1\" content=\"Relaciones Publicas\" \/>\n\t<meta name=\"twitter:label2\" content=\"Tiempo de lectura\" \/>\n\t<meta name=\"twitter:data2\" content=\"2 minutos\" \/>\r\n<script type=\"application\/ld+json\" class=\"yoast-schema-graph\">{\"@context\":\"https:\/\/schema.org\",\"@graph\":[{\"@type\":\"WebPage\",\"@id\":\"https:\/\/blogs.uninter.edu.mx\/uninterinforma\/index.php\/2023\/02\/13\/maquillame-otra-vez-la-alfombra-rosa\/\",\"url\":\"https:\/\/blogs.uninter.edu.mx\/uninterinforma\/index.php\/2023\/02\/13\/maquillame-otra-vez-la-alfombra-rosa\/\",\"name\":\"Maqu\u00edllame otra vez la alfombra rosa. - Uninter Informa Al Aire\",\"isPartOf\":{\"@id\":\"https:\/\/blogs.uninter.edu.mx\/uninterinforma\/#website\"},\"primaryImageOfPage\":{\"@id\":\"https:\/\/blogs.uninter.edu.mx\/uninterinforma\/index.php\/2023\/02\/13\/maquillame-otra-vez-la-alfombra-rosa\/#primaryimage\"},\"image\":{\"@id\":\"https:\/\/blogs.uninter.edu.mx\/uninterinforma\/index.php\/2023\/02\/13\/maquillame-otra-vez-la-alfombra-rosa\/#primaryimage\"},\"thumbnailUrl\":\"https:\/\/blogs.uninter.edu.mx\/uninterinforma\/wp-content\/uploads\/2023\/02\/photo1675888632.jpeg\",\"datePublished\":\"2023-02-13T19:39:33+00:00\",\"dateModified\":\"2023-02-13T19:39:38+00:00\",\"author\":{\"@id\":\"https:\/\/blogs.uninter.edu.mx\/uninterinforma\/#\/schema\/person\/1a37438c5655bd11c00d94ae994493a6\"},\"description\":\"Despu\u00e9s de meses de espera, Maqu\u00edllame otra vez tuvo su alfombra rosa y Premier, en el que el elenco nos revel\u00f3 detalles de esta producci\u00f3n.\",\"breadcrumb\":{\"@id\":\"https:\/\/blogs.uninter.edu.mx\/uninterinforma\/index.php\/2023\/02\/13\/maquillame-otra-vez-la-alfombra-rosa\/#breadcrumb\"},\"inLanguage\":\"es\",\"potentialAction\":[{\"@type\":\"ReadAction\",\"target\":[\"https:\/\/blogs.uninter.edu.mx\/uninterinforma\/index.php\/2023\/02\/13\/maquillame-otra-vez-la-alfombra-rosa\/\"]}]},{\"@type\":\"ImageObject\",\"inLanguage\":\"es\",\"@id\":\"https:\/\/blogs.uninter.edu.mx\/uninterinforma\/index.php\/2023\/02\/13\/maquillame-otra-vez-la-alfombra-rosa\/#primaryimage\",\"url\":\"https:\/\/blogs.uninter.edu.mx\/uninterinforma\/wp-content\/uploads\/2023\/02\/photo1675888632.jpeg\",\"contentUrl\":\"https:\/\/blogs.uninter.edu.mx\/uninterinforma\/wp-content\/uploads\/2023\/02\/photo1675888632.jpeg\",\"width\":960,\"height\":1280,\"caption\":\"Despu\u00e9s de meses de espera, Maqu\u00edllame otra vez tuvo su alfombra rosa y Premier, en el que el elenco nos revel\u00f3 detalles de esta producci\u00f3n.\"},{\"@type\":\"BreadcrumbList\",\"@id\":\"https:\/\/blogs.uninter.edu.mx\/uninterinforma\/index.php\/2023\/02\/13\/maquillame-otra-vez-la-alfombra-rosa\/#breadcrumb\",\"itemListElement\":[{\"@type\":\"ListItem\",\"position\":1,\"name\":\"Inicio\",\"item\":\"https:\/\/blogs.uninter.edu.mx\/uninterinforma\/\"},{\"@type\":\"ListItem\",\"position\":2,\"name\":\"Maqu\u00edllame otra vez la alfombra rosa.\"}]},{\"@type\":\"WebSite\",\"@id\":\"https:\/\/blogs.uninter.edu.mx\/uninterinforma\/#website\",\"url\":\"https:\/\/blogs.uninter.edu.mx\/uninterinforma\/\",\"name\":\"Uninter Informa Al Aire\",\"description\":\"\u00a1Bienvenidos al sitio de Uninter Informa Al Aire, el programa de radio de la Universidad Internacional Uninter! Cine, M\u00fasica, Bienestar y mucho m\u00e1s solo para ti, \u00a1Bienvenido!   \",\"potentialAction\":[{\"@type\":\"SearchAction\",\"target\":{\"@type\":\"EntryPoint\",\"urlTemplate\":\"https:\/\/blogs.uninter.edu.mx\/uninterinforma\/?s={search_term_string}\"},\"query-input\":{\"@type\":\"PropertyValueSpecification\",\"valueRequired\":true,\"valueName\":\"search_term_string\"}}],\"inLanguage\":\"es\"},{\"@type\":\"Person\",\"@id\":\"https:\/\/blogs.uninter.edu.mx\/uninterinforma\/#\/schema\/person\/1a37438c5655bd11c00d94ae994493a6\",\"name\":\"Relaciones Publicas\",\"image\":{\"@type\":\"ImageObject\",\"inLanguage\":\"es\",\"@id\":\"https:\/\/blogs.uninter.edu.mx\/uninterinforma\/#\/schema\/person\/image\/\",\"url\":\"https:\/\/secure.gravatar.com\/avatar\/ab0f0f6bf72d19f075c311c1cd32f330dfc942713547802960188066790d5ebf?s=96&d=mm&r=g\",\"contentUrl\":\"https:\/\/secure.gravatar.com\/avatar\/ab0f0f6bf72d19f075c311c1cd32f330dfc942713547802960188066790d5ebf?s=96&d=mm&r=g\",\"caption\":\"Relaciones Publicas\"},\"url\":\"https:\/\/blogs.uninter.edu.mx\/uninterinforma\/index.php\/author\/relaciones-publicas\/\"}]}<\/script>\r\n<!-- \/ Yoast SEO plugin. -->","yoast_head_json":{"title":"Maqu\u00edllame otra vez la alfombra rosa. - Uninter Informa Al Aire","description":"Despu\u00e9s de meses de espera, Maqu\u00edllame otra vez tuvo su alfombra rosa y Premier, en el que el elenco nos revel\u00f3 detalles de esta producci\u00f3n.","robots":{"index":"index","follow":"follow","max-snippet":"max-snippet:-1","max-image-preview":"max-image-preview:large","max-video-preview":"max-video-preview:-1"},"canonical":"https:\/\/blogs.uninter.edu.mx\/uninterinforma\/index.php\/2023\/02\/13\/maquillame-otra-vez-la-alfombra-rosa\/","og_locale":"es_MX","og_type":"article","og_title":"Maqu\u00edllame otra vez la alfombra rosa.","og_description":"Despu\u00e9s de meses de espera, Maqu\u00edllame otra vez tuvo su alfombra rosa y Premier, en el que el elenco nos revel\u00f3 detalles de esta producci\u00f3n.","og_url":"https:\/\/blogs.uninter.edu.mx\/uninterinforma\/index.php\/2023\/02\/13\/maquillame-otra-vez-la-alfombra-rosa\/","og_site_name":"Uninter Informa Al Aire","article_published_time":"2023-02-13T19:39:33+00:00","article_modified_time":"2023-02-13T19:39:38+00:00","og_image":[{"width":960,"height":1280,"url":"https:\/\/blogs.uninter.edu.mx\/uninterinforma\/wp-content\/uploads\/2023\/02\/photo1675888632.jpeg","type":"image\/jpeg"}],"author":"Relaciones Publicas","twitter_card":"summary_large_image","twitter_misc":{"Escrito por":"Relaciones Publicas","Tiempo de lectura":"2 minutos"},"schema":{"@context":"https:\/\/schema.org","@graph":[{"@type":"WebPage","@id":"https:\/\/blogs.uninter.edu.mx\/uninterinforma\/index.php\/2023\/02\/13\/maquillame-otra-vez-la-alfombra-rosa\/","url":"https:\/\/blogs.uninter.edu.mx\/uninterinforma\/index.php\/2023\/02\/13\/maquillame-otra-vez-la-alfombra-rosa\/","name":"Maqu\u00edllame otra vez la alfombra rosa. - Uninter Informa Al Aire","isPartOf":{"@id":"https:\/\/blogs.uninter.edu.mx\/uninterinforma\/#website"},"primaryImageOfPage":{"@id":"https:\/\/blogs.uninter.edu.mx\/uninterinforma\/index.php\/2023\/02\/13\/maquillame-otra-vez-la-alfombra-rosa\/#primaryimage"},"image":{"@id":"https:\/\/blogs.uninter.edu.mx\/uninterinforma\/index.php\/2023\/02\/13\/maquillame-otra-vez-la-alfombra-rosa\/#primaryimage"},"thumbnailUrl":"https:\/\/blogs.uninter.edu.mx\/uninterinforma\/wp-content\/uploads\/2023\/02\/photo1675888632.jpeg","datePublished":"2023-02-13T19:39:33+00:00","dateModified":"2023-02-13T19:39:38+00:00","author":{"@id":"https:\/\/blogs.uninter.edu.mx\/uninterinforma\/#\/schema\/person\/1a37438c5655bd11c00d94ae994493a6"},"description":"Despu\u00e9s de meses de espera, Maqu\u00edllame otra vez tuvo su alfombra rosa y Premier, en el que el elenco nos revel\u00f3 detalles de esta producci\u00f3n.","breadcrumb":{"@id":"https:\/\/blogs.uninter.edu.mx\/uninterinforma\/index.php\/2023\/02\/13\/maquillame-otra-vez-la-alfombra-rosa\/#breadcrumb"},"inLanguage":"es","potentialAction":[{"@type":"ReadAction","target":["https:\/\/blogs.uninter.edu.mx\/uninterinforma\/index.php\/2023\/02\/13\/maquillame-otra-vez-la-alfombra-rosa\/"]}]},{"@type":"ImageObject","inLanguage":"es","@id":"https:\/\/blogs.uninter.edu.mx\/uninterinforma\/index.php\/2023\/02\/13\/maquillame-otra-vez-la-alfombra-rosa\/#primaryimage","url":"https:\/\/blogs.uninter.edu.mx\/uninterinforma\/wp-content\/uploads\/2023\/02\/photo1675888632.jpeg","contentUrl":"https:\/\/blogs.uninter.edu.mx\/uninterinforma\/wp-content\/uploads\/2023\/02\/photo1675888632.jpeg","width":960,"height":1280,"caption":"Despu\u00e9s de meses de espera, Maqu\u00edllame otra vez tuvo su alfombra rosa y Premier, en el que el elenco nos revel\u00f3 detalles de esta producci\u00f3n."},{"@type":"BreadcrumbList","@id":"https:\/\/blogs.uninter.edu.mx\/uninterinforma\/index.php\/2023\/02\/13\/maquillame-otra-vez-la-alfombra-rosa\/#breadcrumb","itemListElement":[{"@type":"ListItem","position":1,"name":"Inicio","item":"https:\/\/blogs.uninter.edu.mx\/uninterinforma\/"},{"@type":"ListItem","position":2,"name":"Maqu\u00edllame otra vez la alfombra rosa."}]},{"@type":"WebSite","@id":"https:\/\/blogs.uninter.edu.mx\/uninterinforma\/#website","url":"https:\/\/blogs.uninter.edu.mx\/uninterinforma\/","name":"Uninter Informa Al Aire","description":"\u00a1Bienvenidos al sitio de Uninter Informa Al Aire, el programa de radio de la Universidad Internacional Uninter! Cine, M\u00fasica, Bienestar y mucho m\u00e1s solo para ti, \u00a1Bienvenido!   ","potentialAction":[{"@type":"SearchAction","target":{"@type":"EntryPoint","urlTemplate":"https:\/\/blogs.uninter.edu.mx\/uninterinforma\/?s={search_term_string}"},"query-input":{"@type":"PropertyValueSpecification","valueRequired":true,"valueName":"search_term_string"}}],"inLanguage":"es"},{"@type":"Person","@id":"https:\/\/blogs.uninter.edu.mx\/uninterinforma\/#\/schema\/person\/1a37438c5655bd11c00d94ae994493a6","name":"Relaciones Publicas","image":{"@type":"ImageObject","inLanguage":"es","@id":"https:\/\/blogs.uninter.edu.mx\/uninterinforma\/#\/schema\/person\/image\/","url":"https:\/\/secure.gravatar.com\/avatar\/ab0f0f6bf72d19f075c311c1cd32f330dfc942713547802960188066790d5ebf?s=96&d=mm&r=g","contentUrl":"https:\/\/secure.gravatar.com\/avatar\/ab0f0f6bf72d19f075c311c1cd32f330dfc942713547802960188066790d5ebf?s=96&d=mm&r=g","caption":"Relaciones Publicas"},"url":"https:\/\/blogs.uninter.edu.mx\/uninterinforma\/index.php\/author\/relaciones-publicas\/"}]}},"jetpack_publicize_connections":[],"jetpack_featured_media_url":"https:\/\/blogs.uninter.edu.mx\/uninterinforma\/wp-content\/uploads\/2023\/02\/photo1675888632.jpeg","jetpack_sharing_enabled":true,"_links":{"self":[{"href":"https:\/\/blogs.uninter.edu.mx\/uninterinforma\/index.php\/wp-json\/wp\/v2\/posts\/2089","targetHints":{"allow":["GET"]}}],"collection":[{"href":"https:\/\/blogs.uninter.edu.mx\/uninterinforma\/index.php\/wp-json\/wp\/v2\/posts"}],"about":[{"href":"https:\/\/blogs.uninter.edu.mx\/uninterinforma\/index.php\/wp-json\/wp\/v2\/types\/post"}],"author":[{"embeddable":true,"href":"https:\/\/blogs.uninter.edu.mx\/uninterinforma\/index.php\/wp-json\/wp\/v2\/users\/4"}],"replies":[{"embeddable":true,"href":"https:\/\/blogs.uninter.edu.mx\/uninterinforma\/index.php\/wp-json\/wp\/v2\/comments?post=2089"}],"version-history":[{"count":3,"href":"https:\/\/blogs.uninter.edu.mx\/uninterinforma\/index.php\/wp-json\/wp\/v2\/posts\/2089\/revisions"}],"predecessor-version":[{"id":2109,"href":"https:\/\/blogs.uninter.edu.mx\/uninterinforma\/index.php\/wp-json\/wp\/v2\/posts\/2089\/revisions\/2109"}],"wp:featuredmedia":[{"embeddable":true,"href":"https:\/\/blogs.uninter.edu.mx\/uninterinforma\/index.php\/wp-json\/wp\/v2\/media\/2099"}],"wp:attachment":[{"href":"https:\/\/blogs.uninter.edu.mx\/uninterinforma\/index.php\/wp-json\/wp\/v2\/media?parent=2089"}],"wp:term":[{"taxonomy":"category","embeddable":true,"href":"https:\/\/blogs.uninter.edu.mx\/uninterinforma\/index.php\/wp-json\/wp\/v2\/categories?post=2089"},{"taxonomy":"post_tag","embeddable":true,"href":"https:\/\/blogs.uninter.edu.mx\/uninterinforma\/index.php\/wp-json\/wp\/v2\/tags?post=2089"}],"curies":[{"name":"wp","href":"https:\/\/api.w.org\/{rel}","templated":true}]}}