{"id":2506,"date":"2024-04-03T23:27:54","date_gmt":"2024-04-03T23:27:54","guid":{"rendered":"https:\/\/blogs.uninter.edu.mx\/uninterinforma\/?p=2506"},"modified":"2024-04-03T23:27:58","modified_gmt":"2024-04-03T23:27:58","slug":"conoce-todos-los-detalles-de-la-cuarta-temporada-de-de-noche-pero-sin-sueno","status":"publish","type":"post","link":"https:\/\/blogs.uninter.edu.mx\/uninterinforma\/index.php\/2024\/04\/03\/conoce-todos-los-detalles-de-la-cuarta-temporada-de-de-noche-pero-sin-sueno\/","title":{"rendered":"Conoce todos los detalles de la cuarta temporada de \u201cDe noche pero sin sue\u00f1o\u201d"},"content":{"rendered":"\n<figure class=\"wp-block-image size-large\"><img loading=\"lazy\" decoding=\"async\" width=\"2000\" height=\"1500\" src=\"https:\/\/blogs.uninter.edu.mx\/uninterinforma\/wp-content\/uploads\/2024\/04\/img_2188.jpg\" class=\"wp-image-2501\"\/><\/figure>\n\n\n\n<p>Este pr\u00f3ximo viernes 5 de abril \u201cDespu\u00e9s del noti\u201d llega a Las estrellas la cuarta temporada del exitoso Late night show conducido por Adri\u00e1n Uribe \u201cDe noche pero sin sue\u00f1o\u201d en donde junto al productor Miguel \u00c1ngel Fox promete tener invitados de lujo, secciones s\u00faper divertidas y grandes momentos para disfrutar. <\/p>\n\n\n\n<figure class=\"wp-block-image size-large\"><img loading=\"lazy\" decoding=\"async\" width=\"2000\" height=\"1500\" src=\"https:\/\/blogs.uninter.edu.mx\/uninterinforma\/wp-content\/uploads\/2024\/04\/img_2167.jpg\" class=\"wp-image-2502\"\/><\/figure>\n\n\n\n<p>Algunos de los invitados que destacan en este temporada son Danna, Ola Ta\u00f1on, Mario bautista y Karol Sevilla, Mar\u00eda Jos\u00e9, Yuridia, Barbara de Regil entre muchos otros, que en voz del productor Miguel \u00c1ngel Fox (productor de formatos exitosos como \u201cLa voz M\u00e9xico\u201d, \u201c\u00bfQui\u00e9n es la m\u00e1scara?\u201d, \u201cFaisy nights\u201d) cads programa promete ser totalmente diferente buscando as\u00ed entretener al p\u00fablico tanto de M\u00e9xico como de Estados Unidos. <\/p>\n\n\n\n<figure class=\"wp-block-image size-large\"><img loading=\"lazy\" decoding=\"async\" width=\"2000\" height=\"1500\" src=\"https:\/\/blogs.uninter.edu.mx\/uninterinforma\/wp-content\/uploads\/2024\/04\/img_2169.jpg\" class=\"wp-image-2503\"\/><\/figure>\n\n\n\n<p>Pero no todo ha sido felicidad\u2026 Adri\u00e1n Uribe revel\u00f3 que en estas cuatro temporadas el cantante \u201cOzuna\u201d ha sido de los invitados que m\u00e1s le ha costado entrevistar, coment\u00f3 a los asistentes que: \u201csent\u00ed que lo estaban trayendo porque lo tienen que traer, est\u00e1 promocionando algo, pero lo sent\u00ed muy duro, a lo mejor ni me conoc\u00eda\u201d, al final la grabaci\u00f3n fluy\u00f3 y con la chispa y carisma del conductor las cosas salieron mejor de lo que esperaban. <\/p>\n\n\n\n<figure class=\"wp-block-image size-large\"><img loading=\"lazy\" decoding=\"async\" width=\"2000\" height=\"1500\" src=\"https:\/\/blogs.uninter.edu.mx\/uninterinforma\/wp-content\/uploads\/2024\/04\/img_2153.jpg\" class=\"wp-image-2504\"\/><\/figure>\n\n\n\n<p>No te pierdas en nuestras redes sociales todo el contenido que tenemos para ti con un reportaje especial con entrevistas a Adri\u00e1n Uribe y El productor Miguel \u00c1ngel Fox y la C\u00e1psula especial de Infiltrados donde nuestros conductores Rafa Cer\u00f3n y \u00c1lvaro Mart\u00ednez hicieron una muy divertida din\u00e1mica con ellos. <\/p>\n\n\n\n<figure class=\"wp-block-image size-large\"><img loading=\"lazy\" decoding=\"async\" width=\"2000\" height=\"1500\" src=\"https:\/\/blogs.uninter.edu.mx\/uninterinforma\/wp-content\/uploads\/2024\/04\/img_0448.jpg\" class=\"wp-image-2505\"\/><figcaption class=\"wp-element-caption\">Rafa Cer\u00f3n y \u00c1lvaro Mart\u00ednez de \u201cInfiltrados\u201d <\/figcaption><\/figure>\n","protected":false},"excerpt":{"rendered":"<p>Este pr\u00f3ximo viernes 5 de abril \u201cDespu\u00e9s del noti\u201d llega a Las estrellas la cuarta temporada del exitoso Late night show conducido por Adri\u00e1n Uribe \u201cDe noche pero sin sue\u00f1o\u201d en donde junto al productor Miguel \u00c1ngel Fox promete tener invitados de lujo, secciones s\u00faper divertidas y grandes momentos para disfrutar. Algunos de los invitados&hellip;<\/p>\n","protected":false},"author":3,"featured_media":2501,"comment_status":"open","ping_status":"open","sticky":false,"template":"","format":"standard","meta":{"_jetpack_memberships_contains_paid_content":false,"footnotes":"","jetpack_publicize_message":"","jetpack_publicize_feature_enabled":true,"jetpack_social_post_already_shared":true,"jetpack_social_options":{"image_generator_settings":{"template":"highway","default_image_id":0,"font":"","enabled":false},"version":2}},"categories":[921,585],"tags":[1044,1190,822],"class_list":["post-2506","post","type-post","status-publish","format-standard","has-post-thumbnail","hentry","category-cobertura-especial","category-espectaculos","tag-adrian-uribe","tag-late-night-show","tag-televisa"],"yoast_head":"<!-- This site is optimized with the Yoast SEO plugin v26.0 - https:\/\/yoast.com\/wordpress\/plugins\/seo\/ -->\r\n<title>Conoce todos los detalles de la cuarta temporada de \u201cDe noche pero sin sue\u00f1o\u201d - Uninter Informa Al Aire<\/title>\r\n<meta name=\"robots\" content=\"index, follow, max-snippet:-1, max-image-preview:large, max-video-preview:-1\" \/>\r\n<link rel=\"canonical\" href=\"https:\/\/blogs.uninter.edu.mx\/uninterinforma\/index.php\/2024\/04\/03\/conoce-todos-los-detalles-de-la-cuarta-temporada-de-de-noche-pero-sin-sueno\/\" \/>\r\n<meta property=\"og:locale\" content=\"es_MX\" \/>\r\n<meta property=\"og:type\" content=\"article\" \/>\r\n<meta property=\"og:title\" content=\"Conoce todos los detalles de la cuarta temporada de \u201cDe noche pero sin sue\u00f1o\u201d - Uninter Informa Al Aire\" \/>\r\n<meta property=\"og:description\" content=\"Este pr\u00f3ximo viernes 5 de abril \u201cDespu\u00e9s del noti\u201d llega a Las estrellas la cuarta temporada del exitoso Late night show conducido por Adri\u00e1n Uribe \u201cDe noche pero sin sue\u00f1o\u201d en donde junto al productor Miguel \u00c1ngel Fox promete tener invitados de lujo, secciones s\u00faper divertidas y grandes momentos para disfrutar. Algunos de los invitados&hellip;\" \/>\r\n<meta property=\"og:url\" content=\"https:\/\/blogs.uninter.edu.mx\/uninterinforma\/index.php\/2024\/04\/03\/conoce-todos-los-detalles-de-la-cuarta-temporada-de-de-noche-pero-sin-sueno\/\" \/>\r\n<meta property=\"og:site_name\" content=\"Uninter Informa Al Aire\" \/>\r\n<meta property=\"article:published_time\" content=\"2024-04-03T23:27:54+00:00\" \/>\r\n<meta property=\"article:modified_time\" content=\"2024-04-03T23:27:58+00:00\" \/>\r\n<meta property=\"og:image\" content=\"https:\/\/blogs.uninter.edu.mx\/uninterinforma\/wp-content\/uploads\/2024\/04\/img_2188.jpg\" \/>\r\n\t<meta property=\"og:image:width\" content=\"2000\" \/>\r\n\t<meta property=\"og:image:height\" content=\"1500\" \/>\r\n\t<meta property=\"og:image:type\" content=\"image\/jpeg\" \/>\r\n<meta name=\"author\" content=\"Uninter Informa\" \/>\r\n<meta name=\"twitter:card\" content=\"summary_large_image\" \/>\r\n<meta name=\"twitter:label1\" content=\"Escrito por\" \/>\n\t<meta name=\"twitter:data1\" content=\"Uninter Informa\" \/>\n\t<meta name=\"twitter:label2\" content=\"Tiempo de lectura\" \/>\n\t<meta name=\"twitter:data2\" content=\"1 minuto\" \/>\r\n<script type=\"application\/ld+json\" class=\"yoast-schema-graph\">{\"@context\":\"https:\/\/schema.org\",\"@graph\":[{\"@type\":\"WebPage\",\"@id\":\"https:\/\/blogs.uninter.edu.mx\/uninterinforma\/index.php\/2024\/04\/03\/conoce-todos-los-detalles-de-la-cuarta-temporada-de-de-noche-pero-sin-sueno\/\",\"url\":\"https:\/\/blogs.uninter.edu.mx\/uninterinforma\/index.php\/2024\/04\/03\/conoce-todos-los-detalles-de-la-cuarta-temporada-de-de-noche-pero-sin-sueno\/\",\"name\":\"Conoce todos los detalles de la cuarta temporada de \u201cDe noche pero sin sue\u00f1o\u201d - Uninter Informa Al Aire\",\"isPartOf\":{\"@id\":\"https:\/\/blogs.uninter.edu.mx\/uninterinforma\/#website\"},\"primaryImageOfPage\":{\"@id\":\"https:\/\/blogs.uninter.edu.mx\/uninterinforma\/index.php\/2024\/04\/03\/conoce-todos-los-detalles-de-la-cuarta-temporada-de-de-noche-pero-sin-sueno\/#primaryimage\"},\"image\":{\"@id\":\"https:\/\/blogs.uninter.edu.mx\/uninterinforma\/index.php\/2024\/04\/03\/conoce-todos-los-detalles-de-la-cuarta-temporada-de-de-noche-pero-sin-sueno\/#primaryimage\"},\"thumbnailUrl\":\"https:\/\/blogs.uninter.edu.mx\/uninterinforma\/wp-content\/uploads\/2024\/04\/img_2188.jpg\",\"datePublished\":\"2024-04-03T23:27:54+00:00\",\"dateModified\":\"2024-04-03T23:27:58+00:00\",\"author\":{\"@id\":\"https:\/\/blogs.uninter.edu.mx\/uninterinforma\/#\/schema\/person\/4c601811f5bba54a5a83858963587b72\"},\"breadcrumb\":{\"@id\":\"https:\/\/blogs.uninter.edu.mx\/uninterinforma\/index.php\/2024\/04\/03\/conoce-todos-los-detalles-de-la-cuarta-temporada-de-de-noche-pero-sin-sueno\/#breadcrumb\"},\"inLanguage\":\"es\",\"potentialAction\":[{\"@type\":\"ReadAction\",\"target\":[\"https:\/\/blogs.uninter.edu.mx\/uninterinforma\/index.php\/2024\/04\/03\/conoce-todos-los-detalles-de-la-cuarta-temporada-de-de-noche-pero-sin-sueno\/\"]}]},{\"@type\":\"ImageObject\",\"inLanguage\":\"es\",\"@id\":\"https:\/\/blogs.uninter.edu.mx\/uninterinforma\/index.php\/2024\/04\/03\/conoce-todos-los-detalles-de-la-cuarta-temporada-de-de-noche-pero-sin-sueno\/#primaryimage\",\"url\":\"https:\/\/blogs.uninter.edu.mx\/uninterinforma\/wp-content\/uploads\/2024\/04\/img_2188.jpg\",\"contentUrl\":\"https:\/\/blogs.uninter.edu.mx\/uninterinforma\/wp-content\/uploads\/2024\/04\/img_2188.jpg\",\"width\":2000,\"height\":1500},{\"@type\":\"BreadcrumbList\",\"@id\":\"https:\/\/blogs.uninter.edu.mx\/uninterinforma\/index.php\/2024\/04\/03\/conoce-todos-los-detalles-de-la-cuarta-temporada-de-de-noche-pero-sin-sueno\/#breadcrumb\",\"itemListElement\":[{\"@type\":\"ListItem\",\"position\":1,\"name\":\"Inicio\",\"item\":\"https:\/\/blogs.uninter.edu.mx\/uninterinforma\/\"},{\"@type\":\"ListItem\",\"position\":2,\"name\":\"Conoce todos los detalles de la cuarta temporada de \u201cDe noche pero sin sue\u00f1o\u201d\"}]},{\"@type\":\"WebSite\",\"@id\":\"https:\/\/blogs.uninter.edu.mx\/uninterinforma\/#website\",\"url\":\"https:\/\/blogs.uninter.edu.mx\/uninterinforma\/\",\"name\":\"Uninter Informa Al Aire\",\"description\":\"\u00a1Bienvenidos al sitio de Uninter Informa Al Aire, el programa de radio de la Universidad Internacional Uninter! Cine, M\u00fasica, Bienestar y mucho m\u00e1s solo para ti, \u00a1Bienvenido!   \",\"potentialAction\":[{\"@type\":\"SearchAction\",\"target\":{\"@type\":\"EntryPoint\",\"urlTemplate\":\"https:\/\/blogs.uninter.edu.mx\/uninterinforma\/?s={search_term_string}\"},\"query-input\":{\"@type\":\"PropertyValueSpecification\",\"valueRequired\":true,\"valueName\":\"search_term_string\"}}],\"inLanguage\":\"es\"},{\"@type\":\"Person\",\"@id\":\"https:\/\/blogs.uninter.edu.mx\/uninterinforma\/#\/schema\/person\/4c601811f5bba54a5a83858963587b72\",\"name\":\"Uninter Informa\",\"image\":{\"@type\":\"ImageObject\",\"inLanguage\":\"es\",\"@id\":\"https:\/\/blogs.uninter.edu.mx\/uninterinforma\/#\/schema\/person\/image\/\",\"url\":\"https:\/\/secure.gravatar.com\/avatar\/b0823e95a64d1aec6205e33100535ecd4f8039bbd89a95ce639f3e92cd54f1ae?s=96&d=mm&r=g\",\"contentUrl\":\"https:\/\/secure.gravatar.com\/avatar\/b0823e95a64d1aec6205e33100535ecd4f8039bbd89a95ce639f3e92cd54f1ae?s=96&d=mm&r=g\",\"caption\":\"Uninter Informa\"},\"url\":\"https:\/\/blogs.uninter.edu.mx\/uninterinforma\/index.php\/author\/rp-marketingdigital\/\"}]}<\/script>\r\n<!-- \/ Yoast SEO plugin. -->","yoast_head_json":{"title":"Conoce todos los detalles de la cuarta temporada de \u201cDe noche pero sin sue\u00f1o\u201d - Uninter Informa Al Aire","robots":{"index":"index","follow":"follow","max-snippet":"max-snippet:-1","max-image-preview":"max-image-preview:large","max-video-preview":"max-video-preview:-1"},"canonical":"https:\/\/blogs.uninter.edu.mx\/uninterinforma\/index.php\/2024\/04\/03\/conoce-todos-los-detalles-de-la-cuarta-temporada-de-de-noche-pero-sin-sueno\/","og_locale":"es_MX","og_type":"article","og_title":"Conoce todos los detalles de la cuarta temporada de \u201cDe noche pero sin sue\u00f1o\u201d - Uninter Informa Al Aire","og_description":"Este pr\u00f3ximo viernes 5 de abril \u201cDespu\u00e9s del noti\u201d llega a Las estrellas la cuarta temporada del exitoso Late night show conducido por Adri\u00e1n Uribe \u201cDe noche pero sin sue\u00f1o\u201d en donde junto al productor Miguel \u00c1ngel Fox promete tener invitados de lujo, secciones s\u00faper divertidas y grandes momentos para disfrutar. Algunos de los invitados&hellip;","og_url":"https:\/\/blogs.uninter.edu.mx\/uninterinforma\/index.php\/2024\/04\/03\/conoce-todos-los-detalles-de-la-cuarta-temporada-de-de-noche-pero-sin-sueno\/","og_site_name":"Uninter Informa Al Aire","article_published_time":"2024-04-03T23:27:54+00:00","article_modified_time":"2024-04-03T23:27:58+00:00","og_image":[{"width":2000,"height":1500,"url":"https:\/\/blogs.uninter.edu.mx\/uninterinforma\/wp-content\/uploads\/2024\/04\/img_2188.jpg","type":"image\/jpeg"}],"author":"Uninter Informa","twitter_card":"summary_large_image","twitter_misc":{"Escrito por":"Uninter Informa","Tiempo de lectura":"1 minuto"},"schema":{"@context":"https:\/\/schema.org","@graph":[{"@type":"WebPage","@id":"https:\/\/blogs.uninter.edu.mx\/uninterinforma\/index.php\/2024\/04\/03\/conoce-todos-los-detalles-de-la-cuarta-temporada-de-de-noche-pero-sin-sueno\/","url":"https:\/\/blogs.uninter.edu.mx\/uninterinforma\/index.php\/2024\/04\/03\/conoce-todos-los-detalles-de-la-cuarta-temporada-de-de-noche-pero-sin-sueno\/","name":"Conoce todos los detalles de la cuarta temporada de \u201cDe noche pero sin sue\u00f1o\u201d - Uninter Informa Al Aire","isPartOf":{"@id":"https:\/\/blogs.uninter.edu.mx\/uninterinforma\/#website"},"primaryImageOfPage":{"@id":"https:\/\/blogs.uninter.edu.mx\/uninterinforma\/index.php\/2024\/04\/03\/conoce-todos-los-detalles-de-la-cuarta-temporada-de-de-noche-pero-sin-sueno\/#primaryimage"},"image":{"@id":"https:\/\/blogs.uninter.edu.mx\/uninterinforma\/index.php\/2024\/04\/03\/conoce-todos-los-detalles-de-la-cuarta-temporada-de-de-noche-pero-sin-sueno\/#primaryimage"},"thumbnailUrl":"https:\/\/blogs.uninter.edu.mx\/uninterinforma\/wp-content\/uploads\/2024\/04\/img_2188.jpg","datePublished":"2024-04-03T23:27:54+00:00","dateModified":"2024-04-03T23:27:58+00:00","author":{"@id":"https:\/\/blogs.uninter.edu.mx\/uninterinforma\/#\/schema\/person\/4c601811f5bba54a5a83858963587b72"},"breadcrumb":{"@id":"https:\/\/blogs.uninter.edu.mx\/uninterinforma\/index.php\/2024\/04\/03\/conoce-todos-los-detalles-de-la-cuarta-temporada-de-de-noche-pero-sin-sueno\/#breadcrumb"},"inLanguage":"es","potentialAction":[{"@type":"ReadAction","target":["https:\/\/blogs.uninter.edu.mx\/uninterinforma\/index.php\/2024\/04\/03\/conoce-todos-los-detalles-de-la-cuarta-temporada-de-de-noche-pero-sin-sueno\/"]}]},{"@type":"ImageObject","inLanguage":"es","@id":"https:\/\/blogs.uninter.edu.mx\/uninterinforma\/index.php\/2024\/04\/03\/conoce-todos-los-detalles-de-la-cuarta-temporada-de-de-noche-pero-sin-sueno\/#primaryimage","url":"https:\/\/blogs.uninter.edu.mx\/uninterinforma\/wp-content\/uploads\/2024\/04\/img_2188.jpg","contentUrl":"https:\/\/blogs.uninter.edu.mx\/uninterinforma\/wp-content\/uploads\/2024\/04\/img_2188.jpg","width":2000,"height":1500},{"@type":"BreadcrumbList","@id":"https:\/\/blogs.uninter.edu.mx\/uninterinforma\/index.php\/2024\/04\/03\/conoce-todos-los-detalles-de-la-cuarta-temporada-de-de-noche-pero-sin-sueno\/#breadcrumb","itemListElement":[{"@type":"ListItem","position":1,"name":"Inicio","item":"https:\/\/blogs.uninter.edu.mx\/uninterinforma\/"},{"@type":"ListItem","position":2,"name":"Conoce todos los detalles de la cuarta temporada de \u201cDe noche pero sin sue\u00f1o\u201d"}]},{"@type":"WebSite","@id":"https:\/\/blogs.uninter.edu.mx\/uninterinforma\/#website","url":"https:\/\/blogs.uninter.edu.mx\/uninterinforma\/","name":"Uninter Informa Al Aire","description":"\u00a1Bienvenidos al sitio de Uninter Informa Al Aire, el programa de radio de la Universidad Internacional Uninter! Cine, M\u00fasica, Bienestar y mucho m\u00e1s solo para ti, \u00a1Bienvenido!   ","potentialAction":[{"@type":"SearchAction","target":{"@type":"EntryPoint","urlTemplate":"https:\/\/blogs.uninter.edu.mx\/uninterinforma\/?s={search_term_string}"},"query-input":{"@type":"PropertyValueSpecification","valueRequired":true,"valueName":"search_term_string"}}],"inLanguage":"es"},{"@type":"Person","@id":"https:\/\/blogs.uninter.edu.mx\/uninterinforma\/#\/schema\/person\/4c601811f5bba54a5a83858963587b72","name":"Uninter Informa","image":{"@type":"ImageObject","inLanguage":"es","@id":"https:\/\/blogs.uninter.edu.mx\/uninterinforma\/#\/schema\/person\/image\/","url":"https:\/\/secure.gravatar.com\/avatar\/b0823e95a64d1aec6205e33100535ecd4f8039bbd89a95ce639f3e92cd54f1ae?s=96&d=mm&r=g","contentUrl":"https:\/\/secure.gravatar.com\/avatar\/b0823e95a64d1aec6205e33100535ecd4f8039bbd89a95ce639f3e92cd54f1ae?s=96&d=mm&r=g","caption":"Uninter Informa"},"url":"https:\/\/blogs.uninter.edu.mx\/uninterinforma\/index.php\/author\/rp-marketingdigital\/"}]}},"jetpack_publicize_connections":[],"jetpack_featured_media_url":"https:\/\/blogs.uninter.edu.mx\/uninterinforma\/wp-content\/uploads\/2024\/04\/img_2188.jpg","jetpack_sharing_enabled":true,"_links":{"self":[{"href":"https:\/\/blogs.uninter.edu.mx\/uninterinforma\/index.php\/wp-json\/wp\/v2\/posts\/2506","targetHints":{"allow":["GET"]}}],"collection":[{"href":"https:\/\/blogs.uninter.edu.mx\/uninterinforma\/index.php\/wp-json\/wp\/v2\/posts"}],"about":[{"href":"https:\/\/blogs.uninter.edu.mx\/uninterinforma\/index.php\/wp-json\/wp\/v2\/types\/post"}],"author":[{"embeddable":true,"href":"https:\/\/blogs.uninter.edu.mx\/uninterinforma\/index.php\/wp-json\/wp\/v2\/users\/3"}],"replies":[{"embeddable":true,"href":"https:\/\/blogs.uninter.edu.mx\/uninterinforma\/index.php\/wp-json\/wp\/v2\/comments?post=2506"}],"version-history":[{"count":1,"href":"https:\/\/blogs.uninter.edu.mx\/uninterinforma\/index.php\/wp-json\/wp\/v2\/posts\/2506\/revisions"}],"predecessor-version":[{"id":2507,"href":"https:\/\/blogs.uninter.edu.mx\/uninterinforma\/index.php\/wp-json\/wp\/v2\/posts\/2506\/revisions\/2507"}],"wp:featuredmedia":[{"embeddable":true,"href":"https:\/\/blogs.uninter.edu.mx\/uninterinforma\/index.php\/wp-json\/wp\/v2\/media\/2501"}],"wp:attachment":[{"href":"https:\/\/blogs.uninter.edu.mx\/uninterinforma\/index.php\/wp-json\/wp\/v2\/media?parent=2506"}],"wp:term":[{"taxonomy":"category","embeddable":true,"href":"https:\/\/blogs.uninter.edu.mx\/uninterinforma\/index.php\/wp-json\/wp\/v2\/categories?post=2506"},{"taxonomy":"post_tag","embeddable":true,"href":"https:\/\/blogs.uninter.edu.mx\/uninterinforma\/index.php\/wp-json\/wp\/v2\/tags?post=2506"}],"curies":[{"name":"wp","href":"https:\/\/api.w.org\/{rel}","templated":true}]}}