{"id":2690,"date":"2025-01-17T21:49:52","date_gmt":"2025-01-17T21:49:52","guid":{"rendered":"https:\/\/blogs.uninter.edu.mx\/uninterinforma\/?p=2690"},"modified":"2025-01-17T21:49:52","modified_gmt":"2025-01-17T21:49:52","slug":"tal-para-cual-con-festejo-doble-arrancan-grabaciones-de-su-4a-temporada","status":"publish","type":"post","link":"https:\/\/blogs.uninter.edu.mx\/uninterinforma\/index.php\/2025\/01\/17\/tal-para-cual-con-festejo-doble-arrancan-grabaciones-de-su-4a-temporada\/","title":{"rendered":"Tal para cual con festejo doble \u00a1arrancan grabaciones de su 4\u00aa temporada!"},"content":{"rendered":"\n<p>Consuelo Duval, Lorena De la garza, Reynaldo Rossano, Gustavo Mungu\u00eda, Nicole Vale y mucho talento m\u00e1s comandado por el productor Reynaldo L\u00f3pez arrancaron las grabaciones de la 4\u00aa temporada de \u201cTal para cual\u201d serie de comedia que ha logrado posicionarse en el gusto del p\u00fablico <\/p>\n\n\n\n<figure class=\"wp-block-image size-large\"><img loading=\"lazy\" decoding=\"async\" width=\"2000\" height=\"1500\" src=\"https:\/\/blogs.uninter.edu.mx\/uninterinforma\/wp-content\/uploads\/2025\/01\/b887e06b-0635-48fe-bde2-eb4e3869dc1c-1.jpg\" class=\"wp-image-2685\"\/><\/figure>\n\n\n\n<p>Con una emotiva misa, todo el elenco se reuni\u00f3 en los foros de Televisa san \u00e1ngel donde desearon seguir con el \u00e9xito obtenido hasta el d\u00eda de hoy, adem\u00e1s de que aprovecharon para celebrar el cumplea\u00f1os de Consuelo Duval rodeada de compa\u00f1eros y medios de comunicaci\u00f3n, en donde la actriz agradeci\u00f3 el cari\u00f1o del p\u00fablico y agradeci\u00f3 por poder cumplir un a\u00f1o m\u00e1s de vida. <a href=\"https:\/\/www.instagram.com\/reel\/DE7myd7uCFN\/?igsh=MWtoNHdxY2J4dWp1cg==\">Alvaro martinez alumno de Comunicacion Uninter estuvo presente y te trae todos los detalles en exclsuiva<\/a><\/p>\n\n\n\n<figure class=\"wp-block-image size-large\"><img loading=\"lazy\" decoding=\"async\" width=\"2000\" height=\"1500\" src=\"https:\/\/blogs.uninter.edu.mx\/uninterinforma\/wp-content\/uploads\/2025\/01\/923992f8-54c4-453b-bf3f-73b8f7859ff5-1.jpg\" class=\"wp-image-2686\"\/><\/figure>\n\n\n\n<p>En pl\u00e1tica exclusiva con Lorena de la garza \u201cNacasia\u201d nos revel\u00f3 c\u00f3mo fue que nacieron los iconicos looks que portan sus personajes, \u00a1Inspirados en animes! \u00bfTe lo imaginabas? <a href=\"https:\/\/youtu.be\/u2Fp0p8wEMo?si=xjVlW-diMMee2nVW\">Checa aqu\u00ed la entrevista exclusiva con la actriz <\/a><\/p>\n\n\n\n<figure class=\"wp-block-image size-large\"><img loading=\"lazy\" decoding=\"async\" width=\"2000\" height=\"1500\" src=\"https:\/\/blogs.uninter.edu.mx\/uninterinforma\/wp-content\/uploads\/2025\/01\/2d037e76-dce2-4e7a-99ae-b964c82930ac-1.jpg\" class=\"wp-image-2687\"\/><\/figure>\n\n\n\n<p>Por su parte, el productor Reynaldo L\u00f3pez nos habl\u00f3 del gran reto que es realizar una temporada de \u201cTal para cual\u201d y de los grandes invitados especiales que tendr\u00e1n en esta temporada, como Lalo Espa\u00f1a, Karime Pindter, Roxana Castellanos, entre otros.   <a href=\"https:\/\/youtu.be\/NvQbu6bLj8w?si=DxfIQjk5dwFY3ZQP\">Checa aqu\u00ed la entrevista exclusiva con el productor<\/a><\/p>\n\n\n\n<figure class=\"wp-block-image size-large\"><img loading=\"lazy\" decoding=\"async\" width=\"2000\" height=\"1500\" src=\"https:\/\/blogs.uninter.edu.mx\/uninterinforma\/wp-content\/uploads\/2025\/01\/a039560c-b88f-4a68-8066-be9ba8072ae9-2-1.jpg\" class=\"wp-image-2689\"\/><\/figure>\n\n\n\n<p>Adem\u00e1s, tuvimos la oportunidad de platicar con Ricardo Mungu\u00eda y Reynaldo Rossano quienes nos compartieron c\u00f3mo ha evolucionado la comedia en nuestro pa\u00eds desde que iniciaron con estos iconicos personajes en la \u201cLa hora pico\u201d programa que por muchos a\u00f1os lidereo la barra de comedia de Televisa. <a href=\"https:\/\/youtu.be\/ffvufcxztk8?si=Y8iTCjObO1YNxPL4\">\u00a1Checa aqu\u00ed las entrevistas!<\/a><\/p>\n\n\n\n<p>Recuerda que puedes escucharnos todos los martes y jueves por super 98.1 y cuando quieras y donde quieras suscribi\u00e9ndote a nuestro canal en Spotify <a href=\"https:\/\/open.spotify.com\/episode\/3TzLXgtmb5ka1bJRBhTcWg?si=4P7bi5yQSZGGKOwcbQnuQg\">\u00a1Escucha aqu\u00ed l repetici\u00f3n de nuestro programa!<\/a><\/p>\n","protected":false},"excerpt":{"rendered":"<p>Consuelo Duval, Lorena De la garza, Reynaldo Rossano, Gustavo Mungu\u00eda, Nicole Vale y mucho talento m\u00e1s comandado por el productor Reynaldo L\u00f3pez arrancaron las grabaciones de la 4\u00aa temporada de \u201cTal para cual\u201d serie de comedia que ha logrado posicionarse en el gusto del p\u00fablico Con una emotiva misa, todo el elenco se reuni\u00f3 en&hellip;<\/p>\n","protected":false},"author":3,"featured_media":2685,"comment_status":"closed","ping_status":"open","sticky":false,"template":"","format":"standard","meta":{"_jetpack_memberships_contains_paid_content":false,"footnotes":"","jetpack_publicize_message":"","jetpack_publicize_feature_enabled":true,"jetpack_social_post_already_shared":true,"jetpack_social_options":{"image_generator_settings":{"template":"highway","default_image_id":0,"font":"","enabled":false},"version":2}},"categories":[1],"tags":[],"class_list":["post-2690","post","type-post","status-publish","format-standard","has-post-thumbnail","hentry","category-bienestar-uninter-informa"],"yoast_head":"<!-- This site is optimized with the Yoast SEO plugin v26.0 - https:\/\/yoast.com\/wordpress\/plugins\/seo\/ -->\r\n<title>Tal para cual con festejo doble \u00a1arrancan grabaciones de su 4\u00aa temporada! - Uninter Informa Al Aire<\/title>\r\n<meta name=\"robots\" content=\"index, follow, max-snippet:-1, max-image-preview:large, max-video-preview:-1\" \/>\r\n<link rel=\"canonical\" href=\"https:\/\/blogs.uninter.edu.mx\/uninterinforma\/index.php\/2025\/01\/17\/tal-para-cual-con-festejo-doble-arrancan-grabaciones-de-su-4a-temporada\/\" \/>\r\n<meta property=\"og:locale\" content=\"es_MX\" \/>\r\n<meta property=\"og:type\" content=\"article\" \/>\r\n<meta property=\"og:title\" content=\"Tal para cual con festejo doble \u00a1arrancan grabaciones de su 4\u00aa temporada! - Uninter Informa Al Aire\" \/>\r\n<meta property=\"og:description\" content=\"Consuelo Duval, Lorena De la garza, Reynaldo Rossano, Gustavo Mungu\u00eda, Nicole Vale y mucho talento m\u00e1s comandado por el productor Reynaldo L\u00f3pez arrancaron las grabaciones de la 4\u00aa temporada de \u201cTal para cual\u201d serie de comedia que ha logrado posicionarse en el gusto del p\u00fablico Con una emotiva misa, todo el elenco se reuni\u00f3 en&hellip;\" \/>\r\n<meta property=\"og:url\" content=\"https:\/\/blogs.uninter.edu.mx\/uninterinforma\/index.php\/2025\/01\/17\/tal-para-cual-con-festejo-doble-arrancan-grabaciones-de-su-4a-temporada\/\" \/>\r\n<meta property=\"og:site_name\" content=\"Uninter Informa Al Aire\" \/>\r\n<meta property=\"article:published_time\" content=\"2025-01-17T21:49:52+00:00\" \/>\r\n<meta property=\"og:image\" content=\"https:\/\/blogs.uninter.edu.mx\/uninterinforma\/wp-content\/uploads\/2025\/01\/b887e06b-0635-48fe-bde2-eb4e3869dc1c-1.jpg\" \/>\r\n\t<meta property=\"og:image:width\" content=\"2000\" \/>\r\n\t<meta property=\"og:image:height\" content=\"1500\" \/>\r\n\t<meta property=\"og:image:type\" content=\"image\/jpeg\" \/>\r\n<meta name=\"author\" content=\"Uninter Informa\" \/>\r\n<meta name=\"twitter:card\" content=\"summary_large_image\" \/>\r\n<meta name=\"twitter:label1\" content=\"Escrito por\" \/>\n\t<meta name=\"twitter:data1\" content=\"Uninter Informa\" \/>\n\t<meta name=\"twitter:label2\" content=\"Tiempo de lectura\" \/>\n\t<meta name=\"twitter:data2\" content=\"2 minutos\" \/>\r\n<script type=\"application\/ld+json\" class=\"yoast-schema-graph\">{\"@context\":\"https:\/\/schema.org\",\"@graph\":[{\"@type\":\"WebPage\",\"@id\":\"https:\/\/blogs.uninter.edu.mx\/uninterinforma\/index.php\/2025\/01\/17\/tal-para-cual-con-festejo-doble-arrancan-grabaciones-de-su-4a-temporada\/\",\"url\":\"https:\/\/blogs.uninter.edu.mx\/uninterinforma\/index.php\/2025\/01\/17\/tal-para-cual-con-festejo-doble-arrancan-grabaciones-de-su-4a-temporada\/\",\"name\":\"Tal para cual con festejo doble \u00a1arrancan grabaciones de su 4\u00aa temporada! - Uninter Informa Al Aire\",\"isPartOf\":{\"@id\":\"https:\/\/blogs.uninter.edu.mx\/uninterinforma\/#website\"},\"primaryImageOfPage\":{\"@id\":\"https:\/\/blogs.uninter.edu.mx\/uninterinforma\/index.php\/2025\/01\/17\/tal-para-cual-con-festejo-doble-arrancan-grabaciones-de-su-4a-temporada\/#primaryimage\"},\"image\":{\"@id\":\"https:\/\/blogs.uninter.edu.mx\/uninterinforma\/index.php\/2025\/01\/17\/tal-para-cual-con-festejo-doble-arrancan-grabaciones-de-su-4a-temporada\/#primaryimage\"},\"thumbnailUrl\":\"https:\/\/blogs.uninter.edu.mx\/uninterinforma\/wp-content\/uploads\/2025\/01\/b887e06b-0635-48fe-bde2-eb4e3869dc1c-1.jpg\",\"datePublished\":\"2025-01-17T21:49:52+00:00\",\"author\":{\"@id\":\"https:\/\/blogs.uninter.edu.mx\/uninterinforma\/#\/schema\/person\/4c601811f5bba54a5a83858963587b72\"},\"breadcrumb\":{\"@id\":\"https:\/\/blogs.uninter.edu.mx\/uninterinforma\/index.php\/2025\/01\/17\/tal-para-cual-con-festejo-doble-arrancan-grabaciones-de-su-4a-temporada\/#breadcrumb\"},\"inLanguage\":\"es\",\"potentialAction\":[{\"@type\":\"ReadAction\",\"target\":[\"https:\/\/blogs.uninter.edu.mx\/uninterinforma\/index.php\/2025\/01\/17\/tal-para-cual-con-festejo-doble-arrancan-grabaciones-de-su-4a-temporada\/\"]}]},{\"@type\":\"ImageObject\",\"inLanguage\":\"es\",\"@id\":\"https:\/\/blogs.uninter.edu.mx\/uninterinforma\/index.php\/2025\/01\/17\/tal-para-cual-con-festejo-doble-arrancan-grabaciones-de-su-4a-temporada\/#primaryimage\",\"url\":\"https:\/\/blogs.uninter.edu.mx\/uninterinforma\/wp-content\/uploads\/2025\/01\/b887e06b-0635-48fe-bde2-eb4e3869dc1c-1.jpg\",\"contentUrl\":\"https:\/\/blogs.uninter.edu.mx\/uninterinforma\/wp-content\/uploads\/2025\/01\/b887e06b-0635-48fe-bde2-eb4e3869dc1c-1.jpg\",\"width\":2000,\"height\":1500},{\"@type\":\"BreadcrumbList\",\"@id\":\"https:\/\/blogs.uninter.edu.mx\/uninterinforma\/index.php\/2025\/01\/17\/tal-para-cual-con-festejo-doble-arrancan-grabaciones-de-su-4a-temporada\/#breadcrumb\",\"itemListElement\":[{\"@type\":\"ListItem\",\"position\":1,\"name\":\"Inicio\",\"item\":\"https:\/\/blogs.uninter.edu.mx\/uninterinforma\/\"},{\"@type\":\"ListItem\",\"position\":2,\"name\":\"Tal para cual con festejo doble \u00a1arrancan grabaciones de su 4\u00aa temporada!\"}]},{\"@type\":\"WebSite\",\"@id\":\"https:\/\/blogs.uninter.edu.mx\/uninterinforma\/#website\",\"url\":\"https:\/\/blogs.uninter.edu.mx\/uninterinforma\/\",\"name\":\"Uninter Informa Al Aire\",\"description\":\"\u00a1Bienvenidos al sitio de Uninter Informa Al Aire, el programa de radio de la Universidad Internacional Uninter! Cine, M\u00fasica, Bienestar y mucho m\u00e1s solo para ti, \u00a1Bienvenido!   \",\"potentialAction\":[{\"@type\":\"SearchAction\",\"target\":{\"@type\":\"EntryPoint\",\"urlTemplate\":\"https:\/\/blogs.uninter.edu.mx\/uninterinforma\/?s={search_term_string}\"},\"query-input\":{\"@type\":\"PropertyValueSpecification\",\"valueRequired\":true,\"valueName\":\"search_term_string\"}}],\"inLanguage\":\"es\"},{\"@type\":\"Person\",\"@id\":\"https:\/\/blogs.uninter.edu.mx\/uninterinforma\/#\/schema\/person\/4c601811f5bba54a5a83858963587b72\",\"name\":\"Uninter Informa\",\"image\":{\"@type\":\"ImageObject\",\"inLanguage\":\"es\",\"@id\":\"https:\/\/blogs.uninter.edu.mx\/uninterinforma\/#\/schema\/person\/image\/\",\"url\":\"https:\/\/secure.gravatar.com\/avatar\/b0823e95a64d1aec6205e33100535ecd4f8039bbd89a95ce639f3e92cd54f1ae?s=96&d=mm&r=g\",\"contentUrl\":\"https:\/\/secure.gravatar.com\/avatar\/b0823e95a64d1aec6205e33100535ecd4f8039bbd89a95ce639f3e92cd54f1ae?s=96&d=mm&r=g\",\"caption\":\"Uninter Informa\"},\"url\":\"https:\/\/blogs.uninter.edu.mx\/uninterinforma\/index.php\/author\/rp-marketingdigital\/\"}]}<\/script>\r\n<!-- \/ Yoast SEO plugin. -->","yoast_head_json":{"title":"Tal para cual con festejo doble \u00a1arrancan grabaciones de su 4\u00aa temporada! - Uninter Informa Al Aire","robots":{"index":"index","follow":"follow","max-snippet":"max-snippet:-1","max-image-preview":"max-image-preview:large","max-video-preview":"max-video-preview:-1"},"canonical":"https:\/\/blogs.uninter.edu.mx\/uninterinforma\/index.php\/2025\/01\/17\/tal-para-cual-con-festejo-doble-arrancan-grabaciones-de-su-4a-temporada\/","og_locale":"es_MX","og_type":"article","og_title":"Tal para cual con festejo doble \u00a1arrancan grabaciones de su 4\u00aa temporada! - Uninter Informa Al Aire","og_description":"Consuelo Duval, Lorena De la garza, Reynaldo Rossano, Gustavo Mungu\u00eda, Nicole Vale y mucho talento m\u00e1s comandado por el productor Reynaldo L\u00f3pez arrancaron las grabaciones de la 4\u00aa temporada de \u201cTal para cual\u201d serie de comedia que ha logrado posicionarse en el gusto del p\u00fablico Con una emotiva misa, todo el elenco se reuni\u00f3 en&hellip;","og_url":"https:\/\/blogs.uninter.edu.mx\/uninterinforma\/index.php\/2025\/01\/17\/tal-para-cual-con-festejo-doble-arrancan-grabaciones-de-su-4a-temporada\/","og_site_name":"Uninter Informa Al Aire","article_published_time":"2025-01-17T21:49:52+00:00","og_image":[{"width":2000,"height":1500,"url":"https:\/\/blogs.uninter.edu.mx\/uninterinforma\/wp-content\/uploads\/2025\/01\/b887e06b-0635-48fe-bde2-eb4e3869dc1c-1.jpg","type":"image\/jpeg"}],"author":"Uninter Informa","twitter_card":"summary_large_image","twitter_misc":{"Escrito por":"Uninter Informa","Tiempo de lectura":"2 minutos"},"schema":{"@context":"https:\/\/schema.org","@graph":[{"@type":"WebPage","@id":"https:\/\/blogs.uninter.edu.mx\/uninterinforma\/index.php\/2025\/01\/17\/tal-para-cual-con-festejo-doble-arrancan-grabaciones-de-su-4a-temporada\/","url":"https:\/\/blogs.uninter.edu.mx\/uninterinforma\/index.php\/2025\/01\/17\/tal-para-cual-con-festejo-doble-arrancan-grabaciones-de-su-4a-temporada\/","name":"Tal para cual con festejo doble \u00a1arrancan grabaciones de su 4\u00aa temporada! - Uninter Informa Al Aire","isPartOf":{"@id":"https:\/\/blogs.uninter.edu.mx\/uninterinforma\/#website"},"primaryImageOfPage":{"@id":"https:\/\/blogs.uninter.edu.mx\/uninterinforma\/index.php\/2025\/01\/17\/tal-para-cual-con-festejo-doble-arrancan-grabaciones-de-su-4a-temporada\/#primaryimage"},"image":{"@id":"https:\/\/blogs.uninter.edu.mx\/uninterinforma\/index.php\/2025\/01\/17\/tal-para-cual-con-festejo-doble-arrancan-grabaciones-de-su-4a-temporada\/#primaryimage"},"thumbnailUrl":"https:\/\/blogs.uninter.edu.mx\/uninterinforma\/wp-content\/uploads\/2025\/01\/b887e06b-0635-48fe-bde2-eb4e3869dc1c-1.jpg","datePublished":"2025-01-17T21:49:52+00:00","author":{"@id":"https:\/\/blogs.uninter.edu.mx\/uninterinforma\/#\/schema\/person\/4c601811f5bba54a5a83858963587b72"},"breadcrumb":{"@id":"https:\/\/blogs.uninter.edu.mx\/uninterinforma\/index.php\/2025\/01\/17\/tal-para-cual-con-festejo-doble-arrancan-grabaciones-de-su-4a-temporada\/#breadcrumb"},"inLanguage":"es","potentialAction":[{"@type":"ReadAction","target":["https:\/\/blogs.uninter.edu.mx\/uninterinforma\/index.php\/2025\/01\/17\/tal-para-cual-con-festejo-doble-arrancan-grabaciones-de-su-4a-temporada\/"]}]},{"@type":"ImageObject","inLanguage":"es","@id":"https:\/\/blogs.uninter.edu.mx\/uninterinforma\/index.php\/2025\/01\/17\/tal-para-cual-con-festejo-doble-arrancan-grabaciones-de-su-4a-temporada\/#primaryimage","url":"https:\/\/blogs.uninter.edu.mx\/uninterinforma\/wp-content\/uploads\/2025\/01\/b887e06b-0635-48fe-bde2-eb4e3869dc1c-1.jpg","contentUrl":"https:\/\/blogs.uninter.edu.mx\/uninterinforma\/wp-content\/uploads\/2025\/01\/b887e06b-0635-48fe-bde2-eb4e3869dc1c-1.jpg","width":2000,"height":1500},{"@type":"BreadcrumbList","@id":"https:\/\/blogs.uninter.edu.mx\/uninterinforma\/index.php\/2025\/01\/17\/tal-para-cual-con-festejo-doble-arrancan-grabaciones-de-su-4a-temporada\/#breadcrumb","itemListElement":[{"@type":"ListItem","position":1,"name":"Inicio","item":"https:\/\/blogs.uninter.edu.mx\/uninterinforma\/"},{"@type":"ListItem","position":2,"name":"Tal para cual con festejo doble \u00a1arrancan grabaciones de su 4\u00aa temporada!"}]},{"@type":"WebSite","@id":"https:\/\/blogs.uninter.edu.mx\/uninterinforma\/#website","url":"https:\/\/blogs.uninter.edu.mx\/uninterinforma\/","name":"Uninter Informa Al Aire","description":"\u00a1Bienvenidos al sitio de Uninter Informa Al Aire, el programa de radio de la Universidad Internacional Uninter! Cine, M\u00fasica, Bienestar y mucho m\u00e1s solo para ti, \u00a1Bienvenido!   ","potentialAction":[{"@type":"SearchAction","target":{"@type":"EntryPoint","urlTemplate":"https:\/\/blogs.uninter.edu.mx\/uninterinforma\/?s={search_term_string}"},"query-input":{"@type":"PropertyValueSpecification","valueRequired":true,"valueName":"search_term_string"}}],"inLanguage":"es"},{"@type":"Person","@id":"https:\/\/blogs.uninter.edu.mx\/uninterinforma\/#\/schema\/person\/4c601811f5bba54a5a83858963587b72","name":"Uninter Informa","image":{"@type":"ImageObject","inLanguage":"es","@id":"https:\/\/blogs.uninter.edu.mx\/uninterinforma\/#\/schema\/person\/image\/","url":"https:\/\/secure.gravatar.com\/avatar\/b0823e95a64d1aec6205e33100535ecd4f8039bbd89a95ce639f3e92cd54f1ae?s=96&d=mm&r=g","contentUrl":"https:\/\/secure.gravatar.com\/avatar\/b0823e95a64d1aec6205e33100535ecd4f8039bbd89a95ce639f3e92cd54f1ae?s=96&d=mm&r=g","caption":"Uninter Informa"},"url":"https:\/\/blogs.uninter.edu.mx\/uninterinforma\/index.php\/author\/rp-marketingdigital\/"}]}},"jetpack_publicize_connections":[],"jetpack_featured_media_url":"https:\/\/blogs.uninter.edu.mx\/uninterinforma\/wp-content\/uploads\/2025\/01\/b887e06b-0635-48fe-bde2-eb4e3869dc1c-1.jpg","jetpack_sharing_enabled":true,"_links":{"self":[{"href":"https:\/\/blogs.uninter.edu.mx\/uninterinforma\/index.php\/wp-json\/wp\/v2\/posts\/2690","targetHints":{"allow":["GET"]}}],"collection":[{"href":"https:\/\/blogs.uninter.edu.mx\/uninterinforma\/index.php\/wp-json\/wp\/v2\/posts"}],"about":[{"href":"https:\/\/blogs.uninter.edu.mx\/uninterinforma\/index.php\/wp-json\/wp\/v2\/types\/post"}],"author":[{"embeddable":true,"href":"https:\/\/blogs.uninter.edu.mx\/uninterinforma\/index.php\/wp-json\/wp\/v2\/users\/3"}],"replies":[{"embeddable":true,"href":"https:\/\/blogs.uninter.edu.mx\/uninterinforma\/index.php\/wp-json\/wp\/v2\/comments?post=2690"}],"version-history":[{"count":1,"href":"https:\/\/blogs.uninter.edu.mx\/uninterinforma\/index.php\/wp-json\/wp\/v2\/posts\/2690\/revisions"}],"predecessor-version":[{"id":2691,"href":"https:\/\/blogs.uninter.edu.mx\/uninterinforma\/index.php\/wp-json\/wp\/v2\/posts\/2690\/revisions\/2691"}],"wp:featuredmedia":[{"embeddable":true,"href":"https:\/\/blogs.uninter.edu.mx\/uninterinforma\/index.php\/wp-json\/wp\/v2\/media\/2685"}],"wp:attachment":[{"href":"https:\/\/blogs.uninter.edu.mx\/uninterinforma\/index.php\/wp-json\/wp\/v2\/media?parent=2690"}],"wp:term":[{"taxonomy":"category","embeddable":true,"href":"https:\/\/blogs.uninter.edu.mx\/uninterinforma\/index.php\/wp-json\/wp\/v2\/categories?post=2690"},{"taxonomy":"post_tag","embeddable":true,"href":"https:\/\/blogs.uninter.edu.mx\/uninterinforma\/index.php\/wp-json\/wp\/v2\/tags?post=2690"}],"curies":[{"name":"wp","href":"https:\/\/api.w.org\/{rel}","templated":true}]}}