{"id":2733,"date":"2025-04-11T03:54:31","date_gmt":"2025-04-11T03:54:31","guid":{"rendered":"https:\/\/blogs.uninter.edu.mx\/uninterinforma\/?p=2733"},"modified":"2025-04-11T03:57:33","modified_gmt":"2025-04-11T03:57:33","slug":"el-mejor-plan-de-domingo-juego-de-voces-te-traemos-entrevistas-exclusivas-con-maria-leon-y-el-productor-marcelo-strupini","status":"publish","type":"post","link":"https:\/\/blogs.uninter.edu.mx\/uninterinforma\/index.php\/2025\/04\/11\/el-mejor-plan-de-domingo-juego-de-voces-te-traemos-entrevistas-exclusivas-con-maria-leon-y-el-productor-marcelo-strupini\/","title":{"rendered":"\u00a1El mejor plan de domingo: Juego de voces! te traemos entrevistas exclusivas con Mar\u00eda le\u00f3n y el productor Marcelo Strupini."},"content":{"rendered":"\n<figure class=\"wp-block-image size-large\"><img loading=\"lazy\" decoding=\"async\" width=\"2000\" height=\"1500\" src=\"https:\/\/blogs.uninter.edu.mx\/uninterinforma\/wp-content\/uploads\/2025\/04\/c4bca5cd-792f-45d6-9b92-62dcd0c1fbdb-1.jpg\" alt=\"\" class=\"wp-image-2732\"\/><\/figure>\n\n\n\n<p>El pasado domingo 16 de marzo de 2025 marc\u00f3 el esperado regreso de &#8220;Juego de Voces&#8221; a la pantalla de Las Estrellas, iniciando su segunda temporada a las 9:00 p.m.<br \/>Este reality show musical, conducido nuevamente por Ang\u00e9lica Vale, presenta una competencia entre dos equipos: &#8220;Estrellas&#8221; y &#8220;Leyendas&#8221;, conformados por reconocidos artistas del \u00e1mbito musical.<\/p>\n\n\n\n<figure class=\"wp-block-image size-large\"><img loading=\"lazy\" decoding=\"async\" width=\"2000\" height=\"1500\" src=\"https:\/\/blogs.uninter.edu.mx\/uninterinforma\/wp-content\/uploads\/2025\/04\/img_9756.jpg\" alt=\"\" class=\"wp-image-2727\"\/><\/figure>\n\n\n\n<p>En esta nueva edici\u00f3n, la competencia adopta un enfoque generacional. El equipo de las &#8220;Estrellas&#8221; est\u00e1 integrado por talentos contempor\u00e1neos como Lucerito Mijares, Alexander Acha, Mar\u00eda Le\u00f3n y Yahir. Por otro lado, las &#8220;Leyendas&#8221; cuentan con figuras consagradas de la m\u00fasica mexicana, incluyendo a Lucero, Manuel Mijares, Emmanuel y Yuri.<\/p>\n\n\n\n<figure class=\"wp-block-image size-large\"><img loading=\"lazy\" decoding=\"async\" width=\"2000\" height=\"1500\" src=\"https:\/\/blogs.uninter.edu.mx\/uninterinforma\/wp-content\/uploads\/2025\/04\/img_9658.jpg\" alt=\"\" class=\"wp-image-2730\"\/><\/figure>\n\n\n\n<p>Recibimos en exclusiva al productor del programa Marcelo Strupini <a href=\"https:\/\/open.spotify.com\/episode\/5xbYhfQRhgsgBRxjWZdMlG?si=ItLmKssETX6_ohWNOIrCmg\">Escucha la entrevista exclsuiva desde Spotify<\/a><\/p>\n\n\n\n<p><br \/>Cada semana, estos equipos se enfrentan en duelos musicales, presentando interpretaciones que buscan conquistar tanto al jurado como al p\u00fablico.<\/p>\n\n\n\n<figure class=\"wp-block-image size-large\"><img loading=\"lazy\" decoding=\"async\" width=\"2000\" height=\"1500\" src=\"https:\/\/blogs.uninter.edu.mx\/uninterinforma\/wp-content\/uploads\/2025\/04\/img_9736.jpg\" alt=\"\" class=\"wp-image-2728\"\/><\/figure>\n\n\n\n<p>El programa tambi\u00e9n se enriquece con la participaci\u00f3n de invitados especiales. Por ejemplo, en la emisi\u00f3n del 30 de marzo, se cont\u00f3 con la presencia de la Banda El Recodo y Los Recoditos, quienes aportaron su energ\u00eda y talento al escenario, elevando la emoci\u00f3n de la competencia.<\/p>\n\n\n\n<figure class=\"wp-block-image size-large\"><img loading=\"lazy\" decoding=\"async\" width=\"2000\" height=\"1500\" src=\"https:\/\/blogs.uninter.edu.mx\/uninterinforma\/wp-content\/uploads\/2025\/04\/img_9743.jpg\" alt=\"\" class=\"wp-image-2729\"\/><\/figure>\n\n\n\n<p>Tuvimos la oportunidad de platicar en exclusiva con Mar\u00eda Le\u00f3n quien es parte de \u201cLas Estrellas\u201d esta temporada <a href=\"https:\/\/youtu.be\/jfwcNKV0vlY?si=guyRfKzw-quLl8gI\">\u00a1Checa aqu\u00ed todo lo que nos cont\u00f3!<\/a><\/p>\n\n\n\n<figure class=\"wp-block-image size-large\"><img loading=\"lazy\" decoding=\"async\" width=\"2000\" height=\"1500\" src=\"https:\/\/blogs.uninter.edu.mx\/uninterinforma\/wp-content\/uploads\/2025\/04\/img_9694.jpg\" alt=\"\" class=\"wp-image-2731\"\/><\/figure>\n\n\n\n<p>La segunda temporada de &#8220;Juego de Voces&#8221; promete ser una emocionante traves\u00eda musical, fusionando generaciones y estilos en una competencia que celebra el talento y la pasi\u00f3n por la m\u00fasica.<\/p>\n\n\n\n<p>&#8220;Juego de Voces&#8221; se transmite todos los domingos a las 9:00 p.m. por Las Estrellas.<\/p>\n\n\n\n<p><strong><em>Cobertura especial: @marlife <\/em><\/strong><\/p>\n\n\n\n<p><strong><em>Nota: Rafa Cer\u00f3n<\/em><\/strong> <\/p>\n","protected":false},"excerpt":{"rendered":"<p>El pasado domingo 16 de marzo de 2025 marc\u00f3 el esperado regreso de &#8220;Juego de Voces&#8221; a la pantalla de Las Estrellas, iniciando su segunda temporada a las 9:00 p.m.Este reality show musical, conducido nuevamente por Ang\u00e9lica Vale, presenta una competencia entre dos equipos: &#8220;Estrellas&#8221; y &#8220;Leyendas&#8221;, conformados por reconocidos artistas del \u00e1mbito musical. En&hellip;<\/p>\n","protected":false},"author":3,"featured_media":2732,"comment_status":"closed","ping_status":"open","sticky":false,"template":"","format":"standard","meta":{"_jetpack_memberships_contains_paid_content":false,"footnotes":"","jetpack_publicize_message":"","jetpack_publicize_feature_enabled":true,"jetpack_social_post_already_shared":true,"jetpack_social_options":{"image_generator_settings":{"template":"highway","default_image_id":0,"font":"","enabled":false},"version":2}},"categories":[921,585,20],"tags":[],"class_list":["post-2733","post","type-post","status-publish","format-standard","has-post-thumbnail","hentry","category-cobertura-especial","category-espectaculos","category-musica-uninterinforma"],"yoast_head":"<!-- This site is optimized with the Yoast SEO plugin v26.0 - https:\/\/yoast.com\/wordpress\/plugins\/seo\/ -->\r\n<title>\u00a1El mejor plan de domingo: Juego de voces! te traemos entrevistas exclusivas con Mar\u00eda le\u00f3n y el productor Marcelo Strupini. - Uninter Informa Al Aire<\/title>\r\n<meta name=\"robots\" content=\"index, follow, max-snippet:-1, max-image-preview:large, max-video-preview:-1\" \/>\r\n<link rel=\"canonical\" href=\"https:\/\/blogs.uninter.edu.mx\/uninterinforma\/index.php\/2025\/04\/11\/el-mejor-plan-de-domingo-juego-de-voces-te-traemos-entrevistas-exclusivas-con-maria-leon-y-el-productor-marcelo-strupini\/\" \/>\r\n<meta property=\"og:locale\" content=\"es_MX\" \/>\r\n<meta property=\"og:type\" content=\"article\" \/>\r\n<meta property=\"og:title\" content=\"\u00a1El mejor plan de domingo: Juego de voces! te traemos entrevistas exclusivas con Mar\u00eda le\u00f3n y el productor Marcelo Strupini. - Uninter Informa Al Aire\" \/>\r\n<meta property=\"og:description\" content=\"El pasado domingo 16 de marzo de 2025 marc\u00f3 el esperado regreso de &#8220;Juego de Voces&#8221; a la pantalla de Las Estrellas, iniciando su segunda temporada a las 9:00 p.m.Este reality show musical, conducido nuevamente por Ang\u00e9lica Vale, presenta una competencia entre dos equipos: &#8220;Estrellas&#8221; y &#8220;Leyendas&#8221;, conformados por reconocidos artistas del \u00e1mbito musical. En&hellip;\" \/>\r\n<meta property=\"og:url\" content=\"https:\/\/blogs.uninter.edu.mx\/uninterinforma\/index.php\/2025\/04\/11\/el-mejor-plan-de-domingo-juego-de-voces-te-traemos-entrevistas-exclusivas-con-maria-leon-y-el-productor-marcelo-strupini\/\" \/>\r\n<meta property=\"og:site_name\" content=\"Uninter Informa Al Aire\" \/>\r\n<meta property=\"article:published_time\" content=\"2025-04-11T03:54:31+00:00\" \/>\r\n<meta property=\"article:modified_time\" content=\"2025-04-11T03:57:33+00:00\" \/>\r\n<meta property=\"og:image\" content=\"https:\/\/blogs.uninter.edu.mx\/uninterinforma\/wp-content\/uploads\/2025\/04\/c4bca5cd-792f-45d6-9b92-62dcd0c1fbdb-1.jpg\" \/>\r\n\t<meta property=\"og:image:width\" content=\"2000\" \/>\r\n\t<meta property=\"og:image:height\" content=\"1500\" \/>\r\n\t<meta property=\"og:image:type\" content=\"image\/jpeg\" \/>\r\n<meta name=\"author\" content=\"Uninter Informa\" \/>\r\n<meta name=\"twitter:card\" content=\"summary_large_image\" \/>\r\n<meta name=\"twitter:label1\" content=\"Escrito por\" \/>\n\t<meta name=\"twitter:data1\" content=\"Uninter Informa\" \/>\n\t<meta name=\"twitter:label2\" content=\"Tiempo de lectura\" \/>\n\t<meta name=\"twitter:data2\" content=\"1 minuto\" \/>\r\n<script type=\"application\/ld+json\" class=\"yoast-schema-graph\">{\"@context\":\"https:\/\/schema.org\",\"@graph\":[{\"@type\":\"WebPage\",\"@id\":\"https:\/\/blogs.uninter.edu.mx\/uninterinforma\/index.php\/2025\/04\/11\/el-mejor-plan-de-domingo-juego-de-voces-te-traemos-entrevistas-exclusivas-con-maria-leon-y-el-productor-marcelo-strupini\/\",\"url\":\"https:\/\/blogs.uninter.edu.mx\/uninterinforma\/index.php\/2025\/04\/11\/el-mejor-plan-de-domingo-juego-de-voces-te-traemos-entrevistas-exclusivas-con-maria-leon-y-el-productor-marcelo-strupini\/\",\"name\":\"\u00a1El mejor plan de domingo: Juego de voces! te traemos entrevistas exclusivas con Mar\u00eda le\u00f3n y el productor Marcelo Strupini. - Uninter Informa Al Aire\",\"isPartOf\":{\"@id\":\"https:\/\/blogs.uninter.edu.mx\/uninterinforma\/#website\"},\"primaryImageOfPage\":{\"@id\":\"https:\/\/blogs.uninter.edu.mx\/uninterinforma\/index.php\/2025\/04\/11\/el-mejor-plan-de-domingo-juego-de-voces-te-traemos-entrevistas-exclusivas-con-maria-leon-y-el-productor-marcelo-strupini\/#primaryimage\"},\"image\":{\"@id\":\"https:\/\/blogs.uninter.edu.mx\/uninterinforma\/index.php\/2025\/04\/11\/el-mejor-plan-de-domingo-juego-de-voces-te-traemos-entrevistas-exclusivas-con-maria-leon-y-el-productor-marcelo-strupini\/#primaryimage\"},\"thumbnailUrl\":\"https:\/\/blogs.uninter.edu.mx\/uninterinforma\/wp-content\/uploads\/2025\/04\/c4bca5cd-792f-45d6-9b92-62dcd0c1fbdb-1.jpg\",\"datePublished\":\"2025-04-11T03:54:31+00:00\",\"dateModified\":\"2025-04-11T03:57:33+00:00\",\"author\":{\"@id\":\"https:\/\/blogs.uninter.edu.mx\/uninterinforma\/#\/schema\/person\/4c601811f5bba54a5a83858963587b72\"},\"breadcrumb\":{\"@id\":\"https:\/\/blogs.uninter.edu.mx\/uninterinforma\/index.php\/2025\/04\/11\/el-mejor-plan-de-domingo-juego-de-voces-te-traemos-entrevistas-exclusivas-con-maria-leon-y-el-productor-marcelo-strupini\/#breadcrumb\"},\"inLanguage\":\"es\",\"potentialAction\":[{\"@type\":\"ReadAction\",\"target\":[\"https:\/\/blogs.uninter.edu.mx\/uninterinforma\/index.php\/2025\/04\/11\/el-mejor-plan-de-domingo-juego-de-voces-te-traemos-entrevistas-exclusivas-con-maria-leon-y-el-productor-marcelo-strupini\/\"]}]},{\"@type\":\"ImageObject\",\"inLanguage\":\"es\",\"@id\":\"https:\/\/blogs.uninter.edu.mx\/uninterinforma\/index.php\/2025\/04\/11\/el-mejor-plan-de-domingo-juego-de-voces-te-traemos-entrevistas-exclusivas-con-maria-leon-y-el-productor-marcelo-strupini\/#primaryimage\",\"url\":\"https:\/\/blogs.uninter.edu.mx\/uninterinforma\/wp-content\/uploads\/2025\/04\/c4bca5cd-792f-45d6-9b92-62dcd0c1fbdb-1.jpg\",\"contentUrl\":\"https:\/\/blogs.uninter.edu.mx\/uninterinforma\/wp-content\/uploads\/2025\/04\/c4bca5cd-792f-45d6-9b92-62dcd0c1fbdb-1.jpg\",\"width\":2000,\"height\":1500},{\"@type\":\"BreadcrumbList\",\"@id\":\"https:\/\/blogs.uninter.edu.mx\/uninterinforma\/index.php\/2025\/04\/11\/el-mejor-plan-de-domingo-juego-de-voces-te-traemos-entrevistas-exclusivas-con-maria-leon-y-el-productor-marcelo-strupini\/#breadcrumb\",\"itemListElement\":[{\"@type\":\"ListItem\",\"position\":1,\"name\":\"Inicio\",\"item\":\"https:\/\/blogs.uninter.edu.mx\/uninterinforma\/\"},{\"@type\":\"ListItem\",\"position\":2,\"name\":\"\u00a1El mejor plan de domingo: Juego de voces! te traemos entrevistas exclusivas con Mar\u00eda le\u00f3n y el productor Marcelo Strupini.\"}]},{\"@type\":\"WebSite\",\"@id\":\"https:\/\/blogs.uninter.edu.mx\/uninterinforma\/#website\",\"url\":\"https:\/\/blogs.uninter.edu.mx\/uninterinforma\/\",\"name\":\"Uninter Informa Al Aire\",\"description\":\"\u00a1Bienvenidos al sitio de Uninter Informa Al Aire, el programa de radio de la Universidad Internacional Uninter! Cine, M\u00fasica, Bienestar y mucho m\u00e1s solo para ti, \u00a1Bienvenido!   \",\"potentialAction\":[{\"@type\":\"SearchAction\",\"target\":{\"@type\":\"EntryPoint\",\"urlTemplate\":\"https:\/\/blogs.uninter.edu.mx\/uninterinforma\/?s={search_term_string}\"},\"query-input\":{\"@type\":\"PropertyValueSpecification\",\"valueRequired\":true,\"valueName\":\"search_term_string\"}}],\"inLanguage\":\"es\"},{\"@type\":\"Person\",\"@id\":\"https:\/\/blogs.uninter.edu.mx\/uninterinforma\/#\/schema\/person\/4c601811f5bba54a5a83858963587b72\",\"name\":\"Uninter Informa\",\"image\":{\"@type\":\"ImageObject\",\"inLanguage\":\"es\",\"@id\":\"https:\/\/blogs.uninter.edu.mx\/uninterinforma\/#\/schema\/person\/image\/\",\"url\":\"https:\/\/secure.gravatar.com\/avatar\/b0823e95a64d1aec6205e33100535ecd4f8039bbd89a95ce639f3e92cd54f1ae?s=96&d=mm&r=g\",\"contentUrl\":\"https:\/\/secure.gravatar.com\/avatar\/b0823e95a64d1aec6205e33100535ecd4f8039bbd89a95ce639f3e92cd54f1ae?s=96&d=mm&r=g\",\"caption\":\"Uninter Informa\"},\"url\":\"https:\/\/blogs.uninter.edu.mx\/uninterinforma\/index.php\/author\/rp-marketingdigital\/\"}]}<\/script>\r\n<!-- \/ Yoast SEO plugin. -->","yoast_head_json":{"title":"\u00a1El mejor plan de domingo: Juego de voces! te traemos entrevistas exclusivas con Mar\u00eda le\u00f3n y el productor Marcelo Strupini. - Uninter Informa Al Aire","robots":{"index":"index","follow":"follow","max-snippet":"max-snippet:-1","max-image-preview":"max-image-preview:large","max-video-preview":"max-video-preview:-1"},"canonical":"https:\/\/blogs.uninter.edu.mx\/uninterinforma\/index.php\/2025\/04\/11\/el-mejor-plan-de-domingo-juego-de-voces-te-traemos-entrevistas-exclusivas-con-maria-leon-y-el-productor-marcelo-strupini\/","og_locale":"es_MX","og_type":"article","og_title":"\u00a1El mejor plan de domingo: Juego de voces! te traemos entrevistas exclusivas con Mar\u00eda le\u00f3n y el productor Marcelo Strupini. - Uninter Informa Al Aire","og_description":"El pasado domingo 16 de marzo de 2025 marc\u00f3 el esperado regreso de &#8220;Juego de Voces&#8221; a la pantalla de Las Estrellas, iniciando su segunda temporada a las 9:00 p.m.Este reality show musical, conducido nuevamente por Ang\u00e9lica Vale, presenta una competencia entre dos equipos: &#8220;Estrellas&#8221; y &#8220;Leyendas&#8221;, conformados por reconocidos artistas del \u00e1mbito musical. En&hellip;","og_url":"https:\/\/blogs.uninter.edu.mx\/uninterinforma\/index.php\/2025\/04\/11\/el-mejor-plan-de-domingo-juego-de-voces-te-traemos-entrevistas-exclusivas-con-maria-leon-y-el-productor-marcelo-strupini\/","og_site_name":"Uninter Informa Al Aire","article_published_time":"2025-04-11T03:54:31+00:00","article_modified_time":"2025-04-11T03:57:33+00:00","og_image":[{"width":2000,"height":1500,"url":"https:\/\/blogs.uninter.edu.mx\/uninterinforma\/wp-content\/uploads\/2025\/04\/c4bca5cd-792f-45d6-9b92-62dcd0c1fbdb-1.jpg","type":"image\/jpeg"}],"author":"Uninter Informa","twitter_card":"summary_large_image","twitter_misc":{"Escrito por":"Uninter Informa","Tiempo de lectura":"1 minuto"},"schema":{"@context":"https:\/\/schema.org","@graph":[{"@type":"WebPage","@id":"https:\/\/blogs.uninter.edu.mx\/uninterinforma\/index.php\/2025\/04\/11\/el-mejor-plan-de-domingo-juego-de-voces-te-traemos-entrevistas-exclusivas-con-maria-leon-y-el-productor-marcelo-strupini\/","url":"https:\/\/blogs.uninter.edu.mx\/uninterinforma\/index.php\/2025\/04\/11\/el-mejor-plan-de-domingo-juego-de-voces-te-traemos-entrevistas-exclusivas-con-maria-leon-y-el-productor-marcelo-strupini\/","name":"\u00a1El mejor plan de domingo: Juego de voces! te traemos entrevistas exclusivas con Mar\u00eda le\u00f3n y el productor Marcelo Strupini. - Uninter Informa Al Aire","isPartOf":{"@id":"https:\/\/blogs.uninter.edu.mx\/uninterinforma\/#website"},"primaryImageOfPage":{"@id":"https:\/\/blogs.uninter.edu.mx\/uninterinforma\/index.php\/2025\/04\/11\/el-mejor-plan-de-domingo-juego-de-voces-te-traemos-entrevistas-exclusivas-con-maria-leon-y-el-productor-marcelo-strupini\/#primaryimage"},"image":{"@id":"https:\/\/blogs.uninter.edu.mx\/uninterinforma\/index.php\/2025\/04\/11\/el-mejor-plan-de-domingo-juego-de-voces-te-traemos-entrevistas-exclusivas-con-maria-leon-y-el-productor-marcelo-strupini\/#primaryimage"},"thumbnailUrl":"https:\/\/blogs.uninter.edu.mx\/uninterinforma\/wp-content\/uploads\/2025\/04\/c4bca5cd-792f-45d6-9b92-62dcd0c1fbdb-1.jpg","datePublished":"2025-04-11T03:54:31+00:00","dateModified":"2025-04-11T03:57:33+00:00","author":{"@id":"https:\/\/blogs.uninter.edu.mx\/uninterinforma\/#\/schema\/person\/4c601811f5bba54a5a83858963587b72"},"breadcrumb":{"@id":"https:\/\/blogs.uninter.edu.mx\/uninterinforma\/index.php\/2025\/04\/11\/el-mejor-plan-de-domingo-juego-de-voces-te-traemos-entrevistas-exclusivas-con-maria-leon-y-el-productor-marcelo-strupini\/#breadcrumb"},"inLanguage":"es","potentialAction":[{"@type":"ReadAction","target":["https:\/\/blogs.uninter.edu.mx\/uninterinforma\/index.php\/2025\/04\/11\/el-mejor-plan-de-domingo-juego-de-voces-te-traemos-entrevistas-exclusivas-con-maria-leon-y-el-productor-marcelo-strupini\/"]}]},{"@type":"ImageObject","inLanguage":"es","@id":"https:\/\/blogs.uninter.edu.mx\/uninterinforma\/index.php\/2025\/04\/11\/el-mejor-plan-de-domingo-juego-de-voces-te-traemos-entrevistas-exclusivas-con-maria-leon-y-el-productor-marcelo-strupini\/#primaryimage","url":"https:\/\/blogs.uninter.edu.mx\/uninterinforma\/wp-content\/uploads\/2025\/04\/c4bca5cd-792f-45d6-9b92-62dcd0c1fbdb-1.jpg","contentUrl":"https:\/\/blogs.uninter.edu.mx\/uninterinforma\/wp-content\/uploads\/2025\/04\/c4bca5cd-792f-45d6-9b92-62dcd0c1fbdb-1.jpg","width":2000,"height":1500},{"@type":"BreadcrumbList","@id":"https:\/\/blogs.uninter.edu.mx\/uninterinforma\/index.php\/2025\/04\/11\/el-mejor-plan-de-domingo-juego-de-voces-te-traemos-entrevistas-exclusivas-con-maria-leon-y-el-productor-marcelo-strupini\/#breadcrumb","itemListElement":[{"@type":"ListItem","position":1,"name":"Inicio","item":"https:\/\/blogs.uninter.edu.mx\/uninterinforma\/"},{"@type":"ListItem","position":2,"name":"\u00a1El mejor plan de domingo: Juego de voces! te traemos entrevistas exclusivas con Mar\u00eda le\u00f3n y el productor Marcelo Strupini."}]},{"@type":"WebSite","@id":"https:\/\/blogs.uninter.edu.mx\/uninterinforma\/#website","url":"https:\/\/blogs.uninter.edu.mx\/uninterinforma\/","name":"Uninter Informa Al Aire","description":"\u00a1Bienvenidos al sitio de Uninter Informa Al Aire, el programa de radio de la Universidad Internacional Uninter! Cine, M\u00fasica, Bienestar y mucho m\u00e1s solo para ti, \u00a1Bienvenido!   ","potentialAction":[{"@type":"SearchAction","target":{"@type":"EntryPoint","urlTemplate":"https:\/\/blogs.uninter.edu.mx\/uninterinforma\/?s={search_term_string}"},"query-input":{"@type":"PropertyValueSpecification","valueRequired":true,"valueName":"search_term_string"}}],"inLanguage":"es"},{"@type":"Person","@id":"https:\/\/blogs.uninter.edu.mx\/uninterinforma\/#\/schema\/person\/4c601811f5bba54a5a83858963587b72","name":"Uninter Informa","image":{"@type":"ImageObject","inLanguage":"es","@id":"https:\/\/blogs.uninter.edu.mx\/uninterinforma\/#\/schema\/person\/image\/","url":"https:\/\/secure.gravatar.com\/avatar\/b0823e95a64d1aec6205e33100535ecd4f8039bbd89a95ce639f3e92cd54f1ae?s=96&d=mm&r=g","contentUrl":"https:\/\/secure.gravatar.com\/avatar\/b0823e95a64d1aec6205e33100535ecd4f8039bbd89a95ce639f3e92cd54f1ae?s=96&d=mm&r=g","caption":"Uninter Informa"},"url":"https:\/\/blogs.uninter.edu.mx\/uninterinforma\/index.php\/author\/rp-marketingdigital\/"}]}},"jetpack_publicize_connections":[],"jetpack_featured_media_url":"https:\/\/blogs.uninter.edu.mx\/uninterinforma\/wp-content\/uploads\/2025\/04\/c4bca5cd-792f-45d6-9b92-62dcd0c1fbdb-1.jpg","jetpack_sharing_enabled":true,"_links":{"self":[{"href":"https:\/\/blogs.uninter.edu.mx\/uninterinforma\/index.php\/wp-json\/wp\/v2\/posts\/2733","targetHints":{"allow":["GET"]}}],"collection":[{"href":"https:\/\/blogs.uninter.edu.mx\/uninterinforma\/index.php\/wp-json\/wp\/v2\/posts"}],"about":[{"href":"https:\/\/blogs.uninter.edu.mx\/uninterinforma\/index.php\/wp-json\/wp\/v2\/types\/post"}],"author":[{"embeddable":true,"href":"https:\/\/blogs.uninter.edu.mx\/uninterinforma\/index.php\/wp-json\/wp\/v2\/users\/3"}],"replies":[{"embeddable":true,"href":"https:\/\/blogs.uninter.edu.mx\/uninterinforma\/index.php\/wp-json\/wp\/v2\/comments?post=2733"}],"version-history":[{"count":2,"href":"https:\/\/blogs.uninter.edu.mx\/uninterinforma\/index.php\/wp-json\/wp\/v2\/posts\/2733\/revisions"}],"predecessor-version":[{"id":2735,"href":"https:\/\/blogs.uninter.edu.mx\/uninterinforma\/index.php\/wp-json\/wp\/v2\/posts\/2733\/revisions\/2735"}],"wp:featuredmedia":[{"embeddable":true,"href":"https:\/\/blogs.uninter.edu.mx\/uninterinforma\/index.php\/wp-json\/wp\/v2\/media\/2732"}],"wp:attachment":[{"href":"https:\/\/blogs.uninter.edu.mx\/uninterinforma\/index.php\/wp-json\/wp\/v2\/media?parent=2733"}],"wp:term":[{"taxonomy":"category","embeddable":true,"href":"https:\/\/blogs.uninter.edu.mx\/uninterinforma\/index.php\/wp-json\/wp\/v2\/categories?post=2733"},{"taxonomy":"post_tag","embeddable":true,"href":"https:\/\/blogs.uninter.edu.mx\/uninterinforma\/index.php\/wp-json\/wp\/v2\/tags?post=2733"}],"curies":[{"name":"wp","href":"https:\/\/api.w.org\/{rel}","templated":true}]}}