{"id":336,"date":"2021-03-25T16:10:21","date_gmt":"2021-03-25T16:10:21","guid":{"rendered":"https:\/\/blogs.uninter.edu.mx\/uninterinforma\/?p=336"},"modified":"2021-03-25T16:10:24","modified_gmt":"2021-03-25T16:10:24","slug":"snapchat-vuelve-a-brillar","status":"publish","type":"post","link":"https:\/\/blogs.uninter.edu.mx\/uninterinforma\/index.php\/2021\/03\/25\/snapchat-vuelve-a-brillar\/","title":{"rendered":"Snapchat vuelve a brillar"},"content":{"rendered":"\n<p>Despu\u00e9s de la gran noticia que se dio a conocer por redes sociales de algunos usuarios Snapchat vuelve a brillar<br>Esto se dio porque Instagram dio a conocer la nueva pol\u00edtica lanzada en Europa de que no podr\u00e1s mandar fotos temporales a tus amigos.<\/p>\n\n\n\n<p>Con ello llevo que se hiciera tendencia en twitter para que snapchat regrese hacer lo que fue hace unos a\u00f1os<br>con sus ic\u00f3nicos filtros y sus famos\u00edsimas conversaciones con los streak.<\/p>\n\n\n\n<p>Por otro lado muchos usuarios que consum\u00edan esta red social de Snapchat en el a\u00f1o 2017 recordaron much\u00edsimas aventuras que Vivian con sus amigos y familias en sus fotos guardadas en esta plataforma.<\/p>\n\n\n\n<p>Muchas personas destacaron en sus redes sociales que la \u00fanica raz\u00f3n por la cual no desinstalan Snapchat es por todos los incre\u00edbles filtros que la aplicaci\u00f3n te ofrec\u00edan que sin duda alguna fueron y son fant\u00e1sticos. <\/p>\n\n\n\n<p>Por esta gran raz\u00f3n la frase Snapchat vuelve a brillar se volvi\u00f3 tendencia en Twitter por millones de personas con puntos de vista distintos pero con el mismo objetivo de querer a revivir esta gran plataforma que nos brindo felicidad durante a\u00f1os.<\/p>\n\n\n\n<p><\/p>\n\n\n\n<figure class=\"wp-block-image size-large is-resized\"><img loading=\"lazy\" decoding=\"async\" src=\"https:\/\/blogs.uninter.edu.mx\/uninterinforma\/wp-content\/uploads\/2021\/03\/Snapchat-1024x524.png\" alt=\"Aplicaci\u00f3n de Snapchat \" class=\"wp-image-337\" width=\"513\" height=\"262\" srcset=\"https:\/\/blogs.uninter.edu.mx\/uninterinforma\/wp-content\/uploads\/2021\/03\/Snapchat-1024x524.png 1024w, https:\/\/blogs.uninter.edu.mx\/uninterinforma\/wp-content\/uploads\/2021\/03\/Snapchat-300x154.png 300w, https:\/\/blogs.uninter.edu.mx\/uninterinforma\/wp-content\/uploads\/2021\/03\/Snapchat-768x393.png 768w, https:\/\/blogs.uninter.edu.mx\/uninterinforma\/wp-content\/uploads\/2021\/03\/Snapchat.png 1200w\" sizes=\"auto, (max-width: 513px) 100vw, 513px\" \/><\/figure>\n\n\n\n<p>Conoce mas de nosotros en <a href=\"https:\/\/blogs.uninter.edu.mx\/uninterinforma\/\">https:\/\/blogs.uninter.edu.mx\/uninterinforma\/<\/a><\/p>\n\n\n\n<p>Recuerda que tambi\u00e9n nos puedes escuchar por Apple Podcast <a href=\"https:\/\/podcasts.apple.com\/...\/uninter...\/id1556354012\">https:\/\/podcasts.apple.com\/&#8230;\/uninter&#8230;\/id1556354012<\/a><\/p>\n\n\n\n<figure class=\"wp-block-embed is-type-rich is-provider-spotify wp-block-embed-spotify wp-embed-aspect-21-9 wp-has-aspect-ratio\"><div class=\"wp-block-embed__wrapper\">\n<iframe loading=\"lazy\" title=\"Spotify Embed: Uninter Informa Al Aire \" width=\"100%\" height=\"232\" allowtransparency=\"true\" frameborder=\"0\" allow=\"encrypted-media\" src=\"https:\/\/open.spotify.com\/embed-podcast\/show\/3vCCpSHMZObF3iPZK1dabx\"><\/iframe>\n<\/div><\/figure>\n","protected":false},"excerpt":{"rendered":"<p>Despu\u00e9s de la gran noticia que se dio a conocer por redes sociales de algunos usuarios Snapchat vuelve a brillarEsto se dio porque Instagram dio a conocer la nueva pol\u00edtica lanzada en Europa de que no podr\u00e1s mandar fotos temporales a tus amigos. Con ello llevo que se hiciera tendencia en twitter para que snapchat&hellip;<\/p>\n","protected":false},"author":4,"featured_media":337,"comment_status":"open","ping_status":"open","sticky":false,"template":"","format":"standard","meta":{"_jetpack_memberships_contains_paid_content":false,"footnotes":"","jetpack_publicize_message":"En #UninterInformaAlAire platicamos de como Snapchat vuelve a brillar despu\u00e9s de a\u00f1os en el olvido.\nNo te pierdas la nota aqu\u00ed abajo. ","jetpack_publicize_feature_enabled":true,"jetpack_social_post_already_shared":true,"jetpack_social_options":{"image_generator_settings":{"template":"highway","default_image_id":0,"font":"","enabled":false},"version":2}},"categories":[115,10],"tags":[145,146,143,144],"class_list":["post-336","post","type-post","status-publish","format-standard","has-post-thumbnail","hentry","category-random-uninterinforma","category-notas-del-dia","tag-instagram","tag-politicas","tag-snapchat","tag-usuarios"],"yoast_head":"<!-- This site is optimized with the Yoast SEO plugin v26.0 - https:\/\/yoast.com\/wordpress\/plugins\/seo\/ -->\r\n<title>Snapchat vuelve a brillar +Random vuelve a brillar y recordar el a\u00f1o 2017<\/title>\r\n<meta name=\"description\" content=\"Snapchat vuelve a brillar despu\u00e9s de a\u00f1os por usuarios molestos de las nuevas pol\u00edticas que Instagram implemento para uso de las fotograf\u00edas\" \/>\r\n<meta name=\"robots\" content=\"index, follow, max-snippet:-1, max-image-preview:large, max-video-preview:-1\" \/>\r\n<link rel=\"canonical\" href=\"https:\/\/blogs.uninter.edu.mx\/uninterinforma\/index.php\/2021\/03\/25\/snapchat-vuelve-a-brillar\/\" \/>\r\n<meta property=\"og:locale\" content=\"es_MX\" \/>\r\n<meta property=\"og:type\" content=\"article\" \/>\r\n<meta property=\"og:title\" content=\"Snapchat vuelve a brillar +Random vuelve a brillar y recordar el a\u00f1o 2017\" \/>\r\n<meta property=\"og:description\" content=\"Snapchat vuelve a brillar despu\u00e9s de a\u00f1os por usuarios molestos de las nuevas pol\u00edticas que Instagram implemento para uso de las fotograf\u00edas\" \/>\r\n<meta property=\"og:url\" content=\"https:\/\/blogs.uninter.edu.mx\/uninterinforma\/index.php\/2021\/03\/25\/snapchat-vuelve-a-brillar\/\" \/>\r\n<meta property=\"og:site_name\" content=\"Uninter Informa Al Aire\" \/>\r\n<meta property=\"article:published_time\" content=\"2021-03-25T16:10:21+00:00\" \/>\r\n<meta property=\"article:modified_time\" content=\"2021-03-25T16:10:24+00:00\" \/>\r\n<meta property=\"og:image\" content=\"https:\/\/blogs.uninter.edu.mx\/uninterinforma\/wp-content\/uploads\/2021\/03\/Snapchat.png\" \/>\r\n\t<meta property=\"og:image:width\" content=\"1200\" \/>\r\n\t<meta property=\"og:image:height\" content=\"614\" \/>\r\n\t<meta property=\"og:image:type\" content=\"image\/png\" \/>\r\n<meta name=\"author\" content=\"Relaciones Publicas\" \/>\r\n<meta name=\"twitter:card\" content=\"summary_large_image\" \/>\r\n<meta name=\"twitter:label1\" content=\"Escrito por\" \/>\n\t<meta name=\"twitter:data1\" content=\"Relaciones Publicas\" \/>\n\t<meta name=\"twitter:label2\" content=\"Tiempo de lectura\" \/>\n\t<meta name=\"twitter:data2\" content=\"2 minutos\" \/>\r\n<script type=\"application\/ld+json\" class=\"yoast-schema-graph\">{\"@context\":\"https:\/\/schema.org\",\"@graph\":[{\"@type\":\"WebPage\",\"@id\":\"https:\/\/blogs.uninter.edu.mx\/uninterinforma\/index.php\/2021\/03\/25\/snapchat-vuelve-a-brillar\/\",\"url\":\"https:\/\/blogs.uninter.edu.mx\/uninterinforma\/index.php\/2021\/03\/25\/snapchat-vuelve-a-brillar\/\",\"name\":\"Snapchat vuelve a brillar +Random vuelve a brillar y recordar el a\u00f1o 2017\",\"isPartOf\":{\"@id\":\"https:\/\/blogs.uninter.edu.mx\/uninterinforma\/#website\"},\"primaryImageOfPage\":{\"@id\":\"https:\/\/blogs.uninter.edu.mx\/uninterinforma\/index.php\/2021\/03\/25\/snapchat-vuelve-a-brillar\/#primaryimage\"},\"image\":{\"@id\":\"https:\/\/blogs.uninter.edu.mx\/uninterinforma\/index.php\/2021\/03\/25\/snapchat-vuelve-a-brillar\/#primaryimage\"},\"thumbnailUrl\":\"https:\/\/blogs.uninter.edu.mx\/uninterinforma\/wp-content\/uploads\/2021\/03\/Snapchat.png\",\"datePublished\":\"2021-03-25T16:10:21+00:00\",\"dateModified\":\"2021-03-25T16:10:24+00:00\",\"author\":{\"@id\":\"https:\/\/blogs.uninter.edu.mx\/uninterinforma\/#\/schema\/person\/1a37438c5655bd11c00d94ae994493a6\"},\"description\":\"Snapchat vuelve a brillar despu\u00e9s de a\u00f1os por usuarios molestos de las nuevas pol\u00edticas que Instagram implemento para uso de las fotograf\u00edas\",\"breadcrumb\":{\"@id\":\"https:\/\/blogs.uninter.edu.mx\/uninterinforma\/index.php\/2021\/03\/25\/snapchat-vuelve-a-brillar\/#breadcrumb\"},\"inLanguage\":\"es\",\"potentialAction\":[{\"@type\":\"ReadAction\",\"target\":[\"https:\/\/blogs.uninter.edu.mx\/uninterinforma\/index.php\/2021\/03\/25\/snapchat-vuelve-a-brillar\/\"]}]},{\"@type\":\"ImageObject\",\"inLanguage\":\"es\",\"@id\":\"https:\/\/blogs.uninter.edu.mx\/uninterinforma\/index.php\/2021\/03\/25\/snapchat-vuelve-a-brillar\/#primaryimage\",\"url\":\"https:\/\/blogs.uninter.edu.mx\/uninterinforma\/wp-content\/uploads\/2021\/03\/Snapchat.png\",\"contentUrl\":\"https:\/\/blogs.uninter.edu.mx\/uninterinforma\/wp-content\/uploads\/2021\/03\/Snapchat.png\",\"width\":1200,\"height\":614},{\"@type\":\"BreadcrumbList\",\"@id\":\"https:\/\/blogs.uninter.edu.mx\/uninterinforma\/index.php\/2021\/03\/25\/snapchat-vuelve-a-brillar\/#breadcrumb\",\"itemListElement\":[{\"@type\":\"ListItem\",\"position\":1,\"name\":\"Inicio\",\"item\":\"https:\/\/blogs.uninter.edu.mx\/uninterinforma\/\"},{\"@type\":\"ListItem\",\"position\":2,\"name\":\"Snapchat vuelve a brillar\"}]},{\"@type\":\"WebSite\",\"@id\":\"https:\/\/blogs.uninter.edu.mx\/uninterinforma\/#website\",\"url\":\"https:\/\/blogs.uninter.edu.mx\/uninterinforma\/\",\"name\":\"Uninter Informa Al Aire\",\"description\":\"\u00a1Bienvenidos al sitio de Uninter Informa Al Aire, el programa de radio de la Universidad Internacional Uninter! Cine, M\u00fasica, Bienestar y mucho m\u00e1s solo para ti, \u00a1Bienvenido!   \",\"potentialAction\":[{\"@type\":\"SearchAction\",\"target\":{\"@type\":\"EntryPoint\",\"urlTemplate\":\"https:\/\/blogs.uninter.edu.mx\/uninterinforma\/?s={search_term_string}\"},\"query-input\":{\"@type\":\"PropertyValueSpecification\",\"valueRequired\":true,\"valueName\":\"search_term_string\"}}],\"inLanguage\":\"es\"},{\"@type\":\"Person\",\"@id\":\"https:\/\/blogs.uninter.edu.mx\/uninterinforma\/#\/schema\/person\/1a37438c5655bd11c00d94ae994493a6\",\"name\":\"Relaciones Publicas\",\"image\":{\"@type\":\"ImageObject\",\"inLanguage\":\"es\",\"@id\":\"https:\/\/blogs.uninter.edu.mx\/uninterinforma\/#\/schema\/person\/image\/\",\"url\":\"https:\/\/secure.gravatar.com\/avatar\/ab0f0f6bf72d19f075c311c1cd32f330dfc942713547802960188066790d5ebf?s=96&d=mm&r=g\",\"contentUrl\":\"https:\/\/secure.gravatar.com\/avatar\/ab0f0f6bf72d19f075c311c1cd32f330dfc942713547802960188066790d5ebf?s=96&d=mm&r=g\",\"caption\":\"Relaciones Publicas\"},\"url\":\"https:\/\/blogs.uninter.edu.mx\/uninterinforma\/index.php\/author\/relaciones-publicas\/\"}]}<\/script>\r\n<!-- \/ Yoast SEO plugin. -->","yoast_head_json":{"title":"Snapchat vuelve a brillar +Random vuelve a brillar y recordar el a\u00f1o 2017","description":"Snapchat vuelve a brillar despu\u00e9s de a\u00f1os por usuarios molestos de las nuevas pol\u00edticas que Instagram implemento para uso de las fotograf\u00edas","robots":{"index":"index","follow":"follow","max-snippet":"max-snippet:-1","max-image-preview":"max-image-preview:large","max-video-preview":"max-video-preview:-1"},"canonical":"https:\/\/blogs.uninter.edu.mx\/uninterinforma\/index.php\/2021\/03\/25\/snapchat-vuelve-a-brillar\/","og_locale":"es_MX","og_type":"article","og_title":"Snapchat vuelve a brillar +Random vuelve a brillar y recordar el a\u00f1o 2017","og_description":"Snapchat vuelve a brillar despu\u00e9s de a\u00f1os por usuarios molestos de las nuevas pol\u00edticas que Instagram implemento para uso de las fotograf\u00edas","og_url":"https:\/\/blogs.uninter.edu.mx\/uninterinforma\/index.php\/2021\/03\/25\/snapchat-vuelve-a-brillar\/","og_site_name":"Uninter Informa Al Aire","article_published_time":"2021-03-25T16:10:21+00:00","article_modified_time":"2021-03-25T16:10:24+00:00","og_image":[{"width":1200,"height":614,"url":"https:\/\/blogs.uninter.edu.mx\/uninterinforma\/wp-content\/uploads\/2021\/03\/Snapchat.png","type":"image\/png"}],"author":"Relaciones Publicas","twitter_card":"summary_large_image","twitter_misc":{"Escrito por":"Relaciones Publicas","Tiempo de lectura":"2 minutos"},"schema":{"@context":"https:\/\/schema.org","@graph":[{"@type":"WebPage","@id":"https:\/\/blogs.uninter.edu.mx\/uninterinforma\/index.php\/2021\/03\/25\/snapchat-vuelve-a-brillar\/","url":"https:\/\/blogs.uninter.edu.mx\/uninterinforma\/index.php\/2021\/03\/25\/snapchat-vuelve-a-brillar\/","name":"Snapchat vuelve a brillar +Random vuelve a brillar y recordar el a\u00f1o 2017","isPartOf":{"@id":"https:\/\/blogs.uninter.edu.mx\/uninterinforma\/#website"},"primaryImageOfPage":{"@id":"https:\/\/blogs.uninter.edu.mx\/uninterinforma\/index.php\/2021\/03\/25\/snapchat-vuelve-a-brillar\/#primaryimage"},"image":{"@id":"https:\/\/blogs.uninter.edu.mx\/uninterinforma\/index.php\/2021\/03\/25\/snapchat-vuelve-a-brillar\/#primaryimage"},"thumbnailUrl":"https:\/\/blogs.uninter.edu.mx\/uninterinforma\/wp-content\/uploads\/2021\/03\/Snapchat.png","datePublished":"2021-03-25T16:10:21+00:00","dateModified":"2021-03-25T16:10:24+00:00","author":{"@id":"https:\/\/blogs.uninter.edu.mx\/uninterinforma\/#\/schema\/person\/1a37438c5655bd11c00d94ae994493a6"},"description":"Snapchat vuelve a brillar despu\u00e9s de a\u00f1os por usuarios molestos de las nuevas pol\u00edticas que Instagram implemento para uso de las fotograf\u00edas","breadcrumb":{"@id":"https:\/\/blogs.uninter.edu.mx\/uninterinforma\/index.php\/2021\/03\/25\/snapchat-vuelve-a-brillar\/#breadcrumb"},"inLanguage":"es","potentialAction":[{"@type":"ReadAction","target":["https:\/\/blogs.uninter.edu.mx\/uninterinforma\/index.php\/2021\/03\/25\/snapchat-vuelve-a-brillar\/"]}]},{"@type":"ImageObject","inLanguage":"es","@id":"https:\/\/blogs.uninter.edu.mx\/uninterinforma\/index.php\/2021\/03\/25\/snapchat-vuelve-a-brillar\/#primaryimage","url":"https:\/\/blogs.uninter.edu.mx\/uninterinforma\/wp-content\/uploads\/2021\/03\/Snapchat.png","contentUrl":"https:\/\/blogs.uninter.edu.mx\/uninterinforma\/wp-content\/uploads\/2021\/03\/Snapchat.png","width":1200,"height":614},{"@type":"BreadcrumbList","@id":"https:\/\/blogs.uninter.edu.mx\/uninterinforma\/index.php\/2021\/03\/25\/snapchat-vuelve-a-brillar\/#breadcrumb","itemListElement":[{"@type":"ListItem","position":1,"name":"Inicio","item":"https:\/\/blogs.uninter.edu.mx\/uninterinforma\/"},{"@type":"ListItem","position":2,"name":"Snapchat vuelve a brillar"}]},{"@type":"WebSite","@id":"https:\/\/blogs.uninter.edu.mx\/uninterinforma\/#website","url":"https:\/\/blogs.uninter.edu.mx\/uninterinforma\/","name":"Uninter Informa Al Aire","description":"\u00a1Bienvenidos al sitio de Uninter Informa Al Aire, el programa de radio de la Universidad Internacional Uninter! Cine, M\u00fasica, Bienestar y mucho m\u00e1s solo para ti, \u00a1Bienvenido!   ","potentialAction":[{"@type":"SearchAction","target":{"@type":"EntryPoint","urlTemplate":"https:\/\/blogs.uninter.edu.mx\/uninterinforma\/?s={search_term_string}"},"query-input":{"@type":"PropertyValueSpecification","valueRequired":true,"valueName":"search_term_string"}}],"inLanguage":"es"},{"@type":"Person","@id":"https:\/\/blogs.uninter.edu.mx\/uninterinforma\/#\/schema\/person\/1a37438c5655bd11c00d94ae994493a6","name":"Relaciones Publicas","image":{"@type":"ImageObject","inLanguage":"es","@id":"https:\/\/blogs.uninter.edu.mx\/uninterinforma\/#\/schema\/person\/image\/","url":"https:\/\/secure.gravatar.com\/avatar\/ab0f0f6bf72d19f075c311c1cd32f330dfc942713547802960188066790d5ebf?s=96&d=mm&r=g","contentUrl":"https:\/\/secure.gravatar.com\/avatar\/ab0f0f6bf72d19f075c311c1cd32f330dfc942713547802960188066790d5ebf?s=96&d=mm&r=g","caption":"Relaciones Publicas"},"url":"https:\/\/blogs.uninter.edu.mx\/uninterinforma\/index.php\/author\/relaciones-publicas\/"}]}},"jetpack_publicize_connections":[],"jetpack_featured_media_url":"https:\/\/blogs.uninter.edu.mx\/uninterinforma\/wp-content\/uploads\/2021\/03\/Snapchat.png","jetpack_sharing_enabled":true,"_links":{"self":[{"href":"https:\/\/blogs.uninter.edu.mx\/uninterinforma\/index.php\/wp-json\/wp\/v2\/posts\/336","targetHints":{"allow":["GET"]}}],"collection":[{"href":"https:\/\/blogs.uninter.edu.mx\/uninterinforma\/index.php\/wp-json\/wp\/v2\/posts"}],"about":[{"href":"https:\/\/blogs.uninter.edu.mx\/uninterinforma\/index.php\/wp-json\/wp\/v2\/types\/post"}],"author":[{"embeddable":true,"href":"https:\/\/blogs.uninter.edu.mx\/uninterinforma\/index.php\/wp-json\/wp\/v2\/users\/4"}],"replies":[{"embeddable":true,"href":"https:\/\/blogs.uninter.edu.mx\/uninterinforma\/index.php\/wp-json\/wp\/v2\/comments?post=336"}],"version-history":[{"count":1,"href":"https:\/\/blogs.uninter.edu.mx\/uninterinforma\/index.php\/wp-json\/wp\/v2\/posts\/336\/revisions"}],"predecessor-version":[{"id":340,"href":"https:\/\/blogs.uninter.edu.mx\/uninterinforma\/index.php\/wp-json\/wp\/v2\/posts\/336\/revisions\/340"}],"wp:featuredmedia":[{"embeddable":true,"href":"https:\/\/blogs.uninter.edu.mx\/uninterinforma\/index.php\/wp-json\/wp\/v2\/media\/337"}],"wp:attachment":[{"href":"https:\/\/blogs.uninter.edu.mx\/uninterinforma\/index.php\/wp-json\/wp\/v2\/media?parent=336"}],"wp:term":[{"taxonomy":"category","embeddable":true,"href":"https:\/\/blogs.uninter.edu.mx\/uninterinforma\/index.php\/wp-json\/wp\/v2\/categories?post=336"},{"taxonomy":"post_tag","embeddable":true,"href":"https:\/\/blogs.uninter.edu.mx\/uninterinforma\/index.php\/wp-json\/wp\/v2\/tags?post=336"}],"curies":[{"name":"wp","href":"https:\/\/api.w.org\/{rel}","templated":true}]}}